{"id":24082,"date":"2019-10-08T00:15:38","date_gmt":"2019-10-08T03:15:38","guid":{"rendered":"https:\/\/pcb.org.br\/portal2\/?p=24082"},"modified":"2019-10-08T00:15:38","modified_gmt":"2019-10-08T03:15:38","slug":"comunistas-italianos-repudiam-falsificacao-historica","status":"publish","type":"post","link":"https:\/\/pcb.org.br\/portal2\/24082","title":{"rendered":"Comunistas italianos repudiam falsifica\u00e7\u00e3o hist\u00f3rica"},"content":{"rendered":"<p><img decoding=\"async\" class=\"imagem\" title=\"imagem\" src=\"https:\/\/i0.wp.com\/morningstaronline.co.uk\/sites\/default\/files\/styles\/article_full\/public\/71537086_2930699446964580_7384006997617672192_o.jpg?itok=aUDpw0Mn&amp;c=1ac840c92cf9bd8da7ff3012e855202d\" alt=\"imagem\" \/><!--more-->O secret\u00e1rio geral do Partido Comunista, Marco Rizzo, rasgou a mo\u00e7\u00e3o que busca equiparar o comunismo ao fascismo.<\/p>\n<p>Os comunistas italianos disseram \u201cfoda-se\u201d \u00e0 Uni\u00e3o Europeia no s\u00e1bado, quando milhares de pessoas de toda It\u00e1lia se reuniram em Roma contra a perigosa mo\u00e7\u00e3o anticomunista aprovada pelo parlamento europeu no m\u00eas passado.<\/p>\n<p>O secret\u00e1rio geral do Partido Comunista, Marco Rizzo, bradou seu pronunciamento enquanto rasgava uma c\u00f3pia da resolu\u00e7\u00e3o que iguala o comunismo ao fascismo, recebendo a aplausos das multid\u00f5es reunidas na Piazza Santi Apostoli, na capital italiana.<\/p>\n<p>Ele condenou a mo\u00e7\u00e3o que pretende reescrever a hist\u00f3ria com a alega\u00e7\u00e3o de que o pacto Molotov-Ribbentrop de 1939 havia causado a segunda guerra mundial. A resolu\u00e7\u00e3o tamb\u00e9m clama pelo apagamento de todos os memoriais do \u201ctotalitarismo\u201d em toda a Europa, incluindo aqueles dedicados ao Ex\u00e9rcito Vermelho.<\/p>\n<p>\u201cMas sem o Ex\u00e9rcito Vermelho\u201d, ele disse \u00e0 multid\u00e3o, \u201cestar\u00edamos todos falando alem\u00e3o hoje\u201d, relembrando aos manifestantes que foram as for\u00e7as do comunismo que derrotaram o fascismo na Europa.<\/p>\n<p>Rizzo alertou que a legisla\u00e7\u00e3o est\u00e1 sendo usada pela UE de forma a justificar os estados membros a proibirem partidos comunistas e s\u00edmbolos comunistas.<\/p>\n<p>Os \u00fanicos benefici\u00e1rios dessa legisla\u00e7\u00e3o seriam a extrema direita, que est\u00e1 crescendo em toda a UE, alertou Rizzo.<\/p>\n<p>A mo\u00e7\u00e3o foi apresentada pelo grupo de direita do Partido Popular Europeu, mas muitos eurodeputados de pa\u00edses com experi\u00eancias recentes envolvendo o fascismo votaram contra a mo\u00e7\u00e3o, incluindo o conservador partido Nova Democracia, da Gr\u00e9cia.<\/p>\n<p>Apesar da natureza reacion\u00e1ria da resolu\u00e7\u00e3o, ela obteve o apoio de v\u00e1rios partidos socialdemocratas &#8211; a maioria dos eurodeputados trabalhistas brit\u00e2nicos votou a favor.<\/p>\n<p>A manifesta\u00e7\u00e3o tamb\u00e9m foi convocada para se opor ao novo governo de coaliz\u00e3o da It\u00e1lia, composto pelo populista de direita Movimento Cinco Estrelas e pelo neoliberal Partido Democr\u00e1tico.<\/p>\n<p>Na sexta-feira, o governo anunciou planos para acelerar a expuls\u00e3o de migrantes da It\u00e1lia.<\/p>\n<p>Em uma linguagem arrepiante, o l\u00edder do Cinco Estrelas e Ministro do Exterior Luigi Di Maio disse em uma confer\u00eancia: \u201cEu n\u00e3o acredito que redistribuir migrantes para outros pa\u00edses europeus seja a solu\u00e7\u00e3o final\u201d.<\/p>\n<p>O primeiro-ministro Giuseppe Conte deu boas-vindas ao novo plano como \u201cum grande passo adiante\u201d e disse estar confiante de que ele produzir\u00e1 repatria\u00e7\u00f5es mais r\u00e1pidas.<\/p>\n<p>\u201cA It\u00e1lia sempre foi ineficiente nisso\u201d, acrescentou Conte.<\/p>\n<p>Rizzo permaneceu desafiador, prometendo resistir \u00e0 antidemocr\u00e1tica UE e ao seu crescente anticomunismo.<\/p>\n<p>\u201cEles acham que, agindo de tal maneira, impedir\u00e3o nossas palavras, nossa milit\u00e2ncia, nossa determina\u00e7\u00e3o?\u201d, perguntou ele. Aqueles reunidos em meio a um mar de bandeiras vermelhas responderam: \u201cN\u00e3o!\u201d.<\/p>\n<p>\u201cFodam-se eles\u201d, retrucou com muitos aplausos, e jogou a resolu\u00e7\u00e3o rasgada ao ar.<\/p>\n<p>Texto dispon\u00edvel em: https:\/\/morningstaronline.co.uk\/article\/w\/italian-communists-protest-eu-moves-to-rewrite-history<\/p>\n<p>Autor: Steve Sweeney<\/p>\n<p>Tradutor: Guilherme Laranjeira<\/p>\n","protected":false},"excerpt":{"rendered":"<a class=\"moretag\" href=\"https:\/\/pcb.org.br\/portal2\/24082\"> <\/a>","protected":false},"author":1,"featured_media":0,"comment_status":"closed","ping_status":"closed","sticky":false,"template":"","format":"standard","meta":{"jetpack_post_was_ever_published":false,"_jetpack_newsletter_access":"","_jetpack_dont_email_post_to_subs":false,"_jetpack_newsletter_tier_id":0,"_jetpack_memberships_contains_paywalled_content":false,"_jetpack_memberships_contains_paid_content":false,"footnotes":"","jetpack_publicize_message":"","jetpack_publicize_feature_enabled":true,"jetpack_social_post_already_shared":true,"jetpack_social_options":{"image_generator_settings":{"template":"highway","default_image_id":0,"font":"","enabled":false},"version":2}},"categories":[101],"tags":[226],"class_list":["post-24082","post","type-post","status-publish","format-standard","hentry","category-c114-italia","tag-4b"],"jetpack_publicize_connections":[],"jetpack_featured_media_url":"","jetpack_shortlink":"https:\/\/wp.me\/p659gw-6gq","jetpack-related-posts":[],"jetpack_likes_enabled":true,"jetpack_sharing_enabled":true,"_links":{"self":[{"href":"https:\/\/pcb.org.br\/portal2\/wp-json\/wp\/v2\/posts\/24082","targetHints":{"allow":["GET"]}}],"collection":[{"href":"https:\/\/pcb.org.br\/portal2\/wp-json\/wp\/v2\/posts"}],"about":[{"href":"https:\/\/pcb.org.br\/portal2\/wp-json\/wp\/v2\/types\/post"}],"author":[{"embeddable":true,"href":"https:\/\/pcb.org.br\/portal2\/wp-json\/wp\/v2\/users\/1"}],"replies":[{"embeddable":true,"href":"https:\/\/pcb.org.br\/portal2\/wp-json\/wp\/v2\/comments?post=24082"}],"version-history":[{"count":0,"href":"https:\/\/pcb.org.br\/portal2\/wp-json\/wp\/v2\/posts\/24082\/revisions"}],"wp:attachment":[{"href":"https:\/\/pcb.org.br\/portal2\/wp-json\/wp\/v2\/media?parent=24082"}],"wp:term":[{"taxonomy":"category","embeddable":true,"href":"https:\/\/pcb.org.br\/portal2\/wp-json\/wp\/v2\/categories?post=24082"},{"taxonomy":"post_tag","embeddable":true,"href":"https:\/\/pcb.org.br\/portal2\/wp-json\/wp\/v2\/tags?post=24082"}],"curies":[{"name":"wp","href":"https:\/\/api.w.org\/{rel}","templated":true}]}}