{"id":24086,"date":"2019-10-08T00:23:44","date_gmt":"2019-10-08T03:23:44","guid":{"rendered":"https:\/\/pcb.org.br\/portal2\/?p=24086"},"modified":"2019-10-08T00:23:44","modified_gmt":"2019-10-08T03:23:44","slug":"agenda-fdr-pcb-2020-mulheres-revolucionarias-ii","status":"publish","type":"post","link":"https:\/\/pcb.org.br\/portal2\/24086","title":{"rendered":"Agenda FDR\/PCB 2020: Mulheres Revolucion\u00e1rias II"},"content":{"rendered":"<p><img decoding=\"async\" class=\"imagem\" title=\"imagem\" src=\"https:\/\/i0.wp.com\/lh3.googleusercontent.com\/JJnoEp1MfUxNvdNrfPBRXc6HRWWNS3qQhH86XGHeudezhlo0x70wdhUf0t9dQAE3TfolTwu6AbxOJ9qG7FEu5k_HMTDNBK-Z28g2ZKc3XOuhD1bQfddcXc68oURTRd2dxV7qF0X1j2Oz9qs-CHebnXJNqaemkNGTQE6O9Deaw74sbVVcL3QN-HA0uMScX2obSNzkG58wkxBqkwH1WTjMbgpVsD4t5RBJojJYuooAICWRTdZUmtltKMx8eqOIjmBuyv3SmeaJOdABoosf1n9NSs1OtTxOp9guGagnBOTRnQUHLmzOCDA8pZZAATs4KUxJO42sH7TDm47jHsFh1clwmiPlFYUNm4fqBtPVfZq1JLCZv_F71_0kj9LSxMyXJYYogMWtRMLeQ7R4WERWV1uRqf6ZHYYV9YA0RbpYnZH8CTiGb9LOZdUofZTAUkzqUigFMGSvsWQVSJK4h3Yv591OMX0DQ8sBvQPv0ri4EhBKwTfm0gDC0OXOsj7ghPwTaK9S9uBDxKNRN1NKefa3QHfpyuCQjxs58rI0_7W_azUs_DKur8cjgmIgrBPk-pRmtsqx4XS8Ol2hk_gRJceD-XHIaRRXQPHz_BsirXfa_ce0CIEpHwFRSKQPpZjBEyxjCwqDSjt0_M0mwCVvEMjZSOJtElSv2EWJYaqiULst_iczLQUUFPUxlMX31dA=w492-h277-no\" alt=\"imagem\" \/><!--more-->Funda\u00e7\u00e3o Dinarco Reis<\/p>\n<p>A Funda\u00e7\u00e3o Dinarco Reis (Funda\u00e7\u00e3o de Estudos Pol\u00edticos, Econ\u00f4micos e Sociais ligada ao Partido Comunista Brasileiro &#8211; PCB) tem o prazer de reeditar o Livro &#8211; Agenda Mulheres Revolucion\u00e1rias, o qual re\u00fane as hist\u00f3rias e relembra os nomes de mulheres dos mais variados campos de luta e resist\u00eancia. Nesta edi\u00e7\u00e3o, s\u00e3o destacadas novas narrativas de mulheres que constru\u00edram e constroem a hist\u00f3ria e a mem\u00f3ria, das que ousaram mudar costumes e as que lutaram por um mundo mais justo e igualit\u00e1rio: mulheres revolucion\u00e1rias.<\/p>\n<p>&#8220;Por um mundo onde sejamos socialmente iguais, humanamente diferentes e totalmente livres.&#8221;<br \/>\n(Rosa Luxemburgo)<\/p>\n<p>Contaremos com as presen\u00e7as de Edmilson Costa (Secret\u00e1rio Geral do PCB) e Luiza Tonon (Historiadora e militante do CFCAM) para proferirem sauda\u00e7\u00f5es especiais. Marta Bar\u00e7ante e Ricardo Costa (Rico), dirigentes da FDR e do Comit\u00ea Central do PCB, apresentar\u00e3o o Projeto Livro-Agenda e o resgate das narrativas que o Livro-Agenda pretende fazer.<\/p>\n<p>Esperamos voc\u00eas para esta celebra\u00e7\u00e3o.<br \/>\nLan\u00e7amento Livro-Agenda Mulheres Revolucion\u00e1rias II<br \/>\nDia 11 de outubro (6a feira) \u00e0s 18 horas<br \/>\nLocal: audit\u00f3rio do SindiPetro (Sindicato dos Petroleiros) &#8211; RJ (Av. Passos , n\u00ba34 &#8211; Centro &#8211; Rio de Janeiro\/RJ)<\/p>\n<p>Agradecemos ao SindiPetro &#8211; RJ pelo apoio.<\/p>\n","protected":false},"excerpt":{"rendered":"<a class=\"moretag\" href=\"https:\/\/pcb.org.br\/portal2\/24086\"> <\/a>","protected":false},"author":1,"featured_media":0,"comment_status":"closed","ping_status":"closed","sticky":false,"template":"","format":"standard","meta":{"jetpack_post_was_ever_published":false,"_jetpack_newsletter_access":"","_jetpack_dont_email_post_to_subs":false,"_jetpack_newsletter_tier_id":0,"_jetpack_memberships_contains_paywalled_content":false,"_jetpack_memberships_contains_paid_content":false,"footnotes":"","jetpack_publicize_message":"","jetpack_publicize_feature_enabled":true,"jetpack_social_post_already_shared":true,"jetpack_social_options":{"image_generator_settings":{"template":"highway","default_image_id":0,"font":"","enabled":false},"version":2}},"categories":[231],"tags":[222],"class_list":["post-24086","post","type-post","status-publish","format-standard","hentry","category-fdr","tag-2b"],"jetpack_publicize_connections":[],"jetpack_featured_media_url":"","jetpack_shortlink":"https:\/\/wp.me\/p659gw-6gu","jetpack-related-posts":[],"jetpack_likes_enabled":true,"jetpack_sharing_enabled":true,"_links":{"self":[{"href":"https:\/\/pcb.org.br\/portal2\/wp-json\/wp\/v2\/posts\/24086","targetHints":{"allow":["GET"]}}],"collection":[{"href":"https:\/\/pcb.org.br\/portal2\/wp-json\/wp\/v2\/posts"}],"about":[{"href":"https:\/\/pcb.org.br\/portal2\/wp-json\/wp\/v2\/types\/post"}],"author":[{"embeddable":true,"href":"https:\/\/pcb.org.br\/portal2\/wp-json\/wp\/v2\/users\/1"}],"replies":[{"embeddable":true,"href":"https:\/\/pcb.org.br\/portal2\/wp-json\/wp\/v2\/comments?post=24086"}],"version-history":[{"count":0,"href":"https:\/\/pcb.org.br\/portal2\/wp-json\/wp\/v2\/posts\/24086\/revisions"}],"wp:attachment":[{"href":"https:\/\/pcb.org.br\/portal2\/wp-json\/wp\/v2\/media?parent=24086"}],"wp:term":[{"taxonomy":"category","embeddable":true,"href":"https:\/\/pcb.org.br\/portal2\/wp-json\/wp\/v2\/categories?post=24086"},{"taxonomy":"post_tag","embeddable":true,"href":"https:\/\/pcb.org.br\/portal2\/wp-json\/wp\/v2\/tags?post=24086"}],"curies":[{"name":"wp","href":"https:\/\/api.w.org\/{rel}","templated":true}]}}