{"id":24097,"date":"2019-10-10T00:17:57","date_gmt":"2019-10-10T03:17:57","guid":{"rendered":"https:\/\/pcb.org.br\/portal2\/?p=24097"},"modified":"2019-10-10T23:20:54","modified_gmt":"2019-10-11T02:20:54","slug":"equador-insurreicao-contra-o-pacote-neoliberal","status":"publish","type":"post","link":"https:\/\/pcb.org.br\/portal2\/24097","title":{"rendered":"Equador: insurrei\u00e7\u00e3o contra o pacote neoliberal"},"content":{"rendered":"<p><img decoding=\"async\" class=\"imagem\" title=\"imagem\" src=\"https:\/\/i0.wp.com\/outraspalavras.net\/wp-content\/uploads\/2019\/10\/191008-Quito-1024x602.jpg\" alt=\"imagem\" \/><!--more-->Grupo de ind\u00edgenas entra em Quito. Cerca de 20 mil rumaram para a capital<\/p>\n<p>Presidente que traiu o mandato, para somar-se aos EUA e FMI, foge da capital para Guayaquil. Dezenas de milhares de ind\u00edgenas chegam a Quito. Nas ruas, popula\u00e7\u00e3o enfrenta Estado de Emerg\u00eancia e centenas de pris\u00f5es<\/p>\n<p>Outras Palavras<\/p>\n<p>Por Antonio Martins<\/p>\n<p>Os protestos da popula\u00e7\u00e3o do Equador, contra um pacote de medidas neoliberais imposto pelo governo e FMI, assumiram car\u00e1ter semi-insurrecional nesta segunda-feira (7\/10). Em Quito, multid\u00f5es continuaram desafiando o Estado de Emerg\u00eancia e a pris\u00e3o de mais de 500 pessoas. A greve geral nos transportes prosseguiu. Al\u00e9m disso, centenas de vias continuam interrompidas, h\u00e1 protesto permanente nas ruas e houve tentativa de tomar a sede do Legislativo. A revolta tomou as ruas das principais cidades do pa\u00eds desde quinta-feira (2\/10), quando o Executivo anunciou um vasto leque de a\u00e7\u00f5es. O aumento (de 123%) pre\u00e7o dos combust\u00edveis, com a retirada de subs\u00eddios, \u00e9 apenas a mais vistosa delas. O pacote inclui uma contrarreforma trabalhista (bastante semelhante \u00e0 vivida pelo Brasil em 2018), privatiza\u00e7\u00f5es generalizadas e cortes dos gastos sociais.<\/p>\n<p>Popula\u00e7\u00e3o, nas ruas, desafia Estado de Emerg\u00eancia e mais de 500 pris\u00f5es<\/p>\n<p>O presidente Lenin Moreno fugiu \u00e0 tarde, do pal\u00e1cio de Carondelet, que estava cercado, e rumou para a cidade portu\u00e1ria de Guayaquil, onde est\u00e1. Num pronunciamento em rede de TV \u2013 ladeado simbolicamente pelo ministro de Defesa e chefes militares, al\u00e9m de seu vice \u2013 acusou os que se manifestam de \u201cvandalismo\u201d e \u201cgolpe\u201d.<\/p>\n<p>Mas seu principal pesadelo se concretizou. Cumprindo o que havia anunciado na sexta-feira, a Confedera\u00e7\u00e3o Nacional Ind\u00edgena do Equador (Conaie) come\u00e7ou a mobilizar dezenas de milhares de ind\u00edgenas para a capital \u2013 repetindo processo id\u00eantico ao que levou \u00e0 deposi\u00e7\u00e3o de quatro presidentes, entre 1997 e 2005. Jaime Vargas, l\u00edder da organiza\u00e7\u00e3o, anunciou que 20 mil pessoas estavam rumando para Quito \u2013 muitas delas em carrocerias de caminh\u00e3o.<\/p>\n<p>Na Amaz\u00f4nia equatoriana, manifestantes ocuparam as instala\u00e7\u00f5es do campo petrol\u00edfero de Sacha, interrompendo sua produ\u00e7\u00e3o de 70 mil barris por dia \u2013 cerca de 15% da extra\u00e7\u00e3o total do pa\u00eds. Os ind\u00edgenas tamb\u00e9m retiveram \u2013 para em seguida liberar, pacificamente, 50 soldados, que haviam sido interceptados.<\/p>\n<p>Lenin Moreno foi eleito no rastro da \u201cRevolu\u00e7\u00e3o Cidad\u00e3\u201d de seu antecessor, Rafael Correa. Por\u00e9m, contrariou seu programa desde o primeiro dia de mandato e aproximou-se, em especial, dos Estados Unidos. Reverteu as pol\u00edticas de resgate dos direitos sociais \u2013 culminando agora com o pacote ultracapitalista. Cancelou o asilo pol\u00edtico a Julian Assange, na embaixada do Equador em Londres, e o entregou \u00e0 pol\u00edcia brit\u00e2nica. Apoiou as tentativas de desestabilizar a Venezuela. Retirou Quito da Uni\u00e3o das Na\u00e7\u00f5es da Am\u00e9rica do Sul (Unasul) e at\u00e9 da Organiza\u00e7\u00e3o dos Pa\u00edses Exportadores de Petr\u00f3leo (OPEP). A quase-insurrei\u00e7\u00e3o dos equatorianos e a fuga do presidente s\u00e3o mais um sinal da fragilidade de tais pol\u00edticas, quando eficazmente enfrentadas.<\/p>\n<blockquote class=\"wp-embedded-content\" data-secret=\"OxOXVBP8oU\"><p><a href=\"https:\/\/outraspalavras.net\/blog\/equador-insurreicao-contra-o-pacote-neoliberal\/\">Equador: insurrei\u00e7\u00e3o contra o pacote neoliberal<\/a><\/p><\/blockquote>\n<p><iframe loading=\"lazy\" title=\"&#8220;Equador: insurrei\u00e7\u00e3o contra o pacote neoliberal&#8221; &#8212; Outras Palavras\" class=\"wp-embedded-content\" sandbox=\"allow-scripts\" security=\"restricted\" style=\"position: absolute; clip: rect(1px, 1px, 1px, 1px);\" src=\"https:\/\/outraspalavras.net\/blog\/equador-insurreicao-contra-o-pacote-neoliberal\/embed\/#?secret=OxOXVBP8oU\" data-secret=\"OxOXVBP8oU\" width=\"600\" height=\"338\" frameborder=\"0\" marginwidth=\"0\" marginheight=\"0\" scrolling=\"no\"><\/iframe><\/p>\n","protected":false},"excerpt":{"rendered":"<a class=\"moretag\" href=\"https:\/\/pcb.org.br\/portal2\/24097\"> <\/a>","protected":false},"author":1,"featured_media":0,"comment_status":"closed","ping_status":"closed","sticky":false,"template":"","format":"standard","meta":{"jetpack_post_was_ever_published":false,"_jetpack_newsletter_access":"","_jetpack_dont_email_post_to_subs":false,"_jetpack_newsletter_tier_id":0,"_jetpack_memberships_contains_paywalled_content":false,"_jetpack_memberships_contains_paid_content":false,"footnotes":"","jetpack_publicize_message":"","jetpack_publicize_feature_enabled":true,"jetpack_social_post_already_shared":true,"jetpack_social_options":{"image_generator_settings":{"template":"highway","default_image_id":0,"font":"","enabled":false},"version":2}},"categories":[39,20],"tags":[234],"class_list":["post-24097","post","type-post","status-publish","format-standard","hentry","category-c76-equador","category-c1-popular","tag-6b"],"jetpack_publicize_connections":[],"jetpack_featured_media_url":"","jetpack_shortlink":"https:\/\/wp.me\/p659gw-6gF","jetpack-related-posts":[],"jetpack_likes_enabled":true,"jetpack_sharing_enabled":true,"_links":{"self":[{"href":"https:\/\/pcb.org.br\/portal2\/wp-json\/wp\/v2\/posts\/24097","targetHints":{"allow":["GET"]}}],"collection":[{"href":"https:\/\/pcb.org.br\/portal2\/wp-json\/wp\/v2\/posts"}],"about":[{"href":"https:\/\/pcb.org.br\/portal2\/wp-json\/wp\/v2\/types\/post"}],"author":[{"embeddable":true,"href":"https:\/\/pcb.org.br\/portal2\/wp-json\/wp\/v2\/users\/1"}],"replies":[{"embeddable":true,"href":"https:\/\/pcb.org.br\/portal2\/wp-json\/wp\/v2\/comments?post=24097"}],"version-history":[{"count":0,"href":"https:\/\/pcb.org.br\/portal2\/wp-json\/wp\/v2\/posts\/24097\/revisions"}],"wp:attachment":[{"href":"https:\/\/pcb.org.br\/portal2\/wp-json\/wp\/v2\/media?parent=24097"}],"wp:term":[{"taxonomy":"category","embeddable":true,"href":"https:\/\/pcb.org.br\/portal2\/wp-json\/wp\/v2\/categories?post=24097"},{"taxonomy":"post_tag","embeddable":true,"href":"https:\/\/pcb.org.br\/portal2\/wp-json\/wp\/v2\/tags?post=24097"}],"curies":[{"name":"wp","href":"https:\/\/api.w.org\/{rel}","templated":true}]}}