{"id":2421,"date":"2012-02-16T01:07:47","date_gmt":"2012-02-16T01:07:47","guid":{"rendered":"http:\/\/pcb.org.br\/portal2\/?p=2421"},"modified":"2012-02-16T01:07:47","modified_gmt":"2012-02-16T01:07:47","slug":"espanha-ato-de-unidade-comunista","status":"publish","type":"post","link":"https:\/\/pcb.org.br\/portal2\/2421","title":{"rendered":"Espanha: Ato de unidade comunista!"},"content":{"rendered":"\n<p>No pr\u00f3ximo dia 25 de fevereiro haver\u00e1\u00a0em Madri um ato em que culminar\u00e1\u00a0 o processo de unifica\u00e7\u00e3o org\u00e2nica, sob a sigla do PCPE, entre nosso partido e a organiza\u00e7\u00e3o Uni\u00e3o Prolet\u00e1ria (UP).<\/p>\n<p>Com este ato se proceder\u00e1 a express\u00e3o p\u00fablica do processo de unidade entre ambas \u00a0as organiza\u00e7\u00f5es ap\u00f3s um per\u00edodo de interc\u00e2mbio pol\u00edtico-ideol\u00f3gico e trabalho conjunto em diferentes frentes de luta.<\/p>\n<p>A integra\u00e7\u00e3o da Uni\u00e3o Prolet\u00e1ria ao PCPE sup\u00f5e um novo e importante passo no processo de unidade comunista, sob a bandeira do marxismo-leninismo, que nosso Partido est\u00e1 levando a cabo na Espanha, iniciado j\u00e1 desde nossas origens no Congresso de Unidade de 1984 e que atualmente vem tendo express\u00f5es tamb\u00e9m no \u00e2mbito juvenil, com a integra\u00e7\u00e3o de diversos coletivos juvenis comunistas nos CJC.<\/p>\n<p>Consideramos que este processo de unifica\u00e7\u00e3o comunista tem uma grande import\u00e2ncia qualitativa e confirma o avan\u00e7o organizativo do PCPE desde nosso IX Congresso, celebrado em 2010.<\/p>\n<p>O ato do dia 25 de fevereiro consistir\u00e1 em uma assembl\u00e9ia de quadros das duas organiza\u00e7\u00f5es, bem como um ato conjunto em Madri onde ser\u00e1 selada e se far\u00e1 p\u00fablica a unidade entre ambas as organiza\u00e7\u00f5es.<\/p>\n<p>Consideramos que este ato tem um importante significado, pois demonstra que a unidade comunista avan\u00e7a e que a classe oper\u00e1ria espanhola tem no PCPE uma organiza\u00e7\u00e3o cada vez mais preparada e fortalecida para encabe\u00e7ar a luta pelo socialismo-comunismo.<\/p>\n","protected":false},"excerpt":{"rendered":"\n\n\nCr\u00e9dito: PCPE\n\n\n\n\n\n\n\n\n(Nota do PCPE)\n<a class=\"moretag\" href=\"https:\/\/pcb.org.br\/portal2\/2421\"> <\/a>","protected":false},"author":1,"featured_media":0,"comment_status":"open","ping_status":"open","sticky":false,"template":"","format":"standard","meta":{"jetpack_post_was_ever_published":false,"_jetpack_newsletter_access":"","_jetpack_dont_email_post_to_subs":false,"_jetpack_newsletter_tier_id":0,"_jetpack_memberships_contains_paywalled_content":false,"_jetpack_memberships_contains_paid_content":false,"footnotes":"","jetpack_publicize_message":"","jetpack_publicize_feature_enabled":true,"jetpack_social_post_already_shared":false,"jetpack_social_options":{"image_generator_settings":{"template":"highway","default_image_id":0,"font":"","enabled":false},"version":2}},"categories":[97],"tags":[],"class_list":["post-2421","post","type-post","status-publish","format-standard","hentry","category-c110-espanha"],"jetpack_publicize_connections":[],"jetpack_featured_media_url":"","jetpack_shortlink":"https:\/\/wp.me\/p659gw-D3","jetpack-related-posts":[],"jetpack_likes_enabled":true,"jetpack_sharing_enabled":true,"_links":{"self":[{"href":"https:\/\/pcb.org.br\/portal2\/wp-json\/wp\/v2\/posts\/2421","targetHints":{"allow":["GET"]}}],"collection":[{"href":"https:\/\/pcb.org.br\/portal2\/wp-json\/wp\/v2\/posts"}],"about":[{"href":"https:\/\/pcb.org.br\/portal2\/wp-json\/wp\/v2\/types\/post"}],"author":[{"embeddable":true,"href":"https:\/\/pcb.org.br\/portal2\/wp-json\/wp\/v2\/users\/1"}],"replies":[{"embeddable":true,"href":"https:\/\/pcb.org.br\/portal2\/wp-json\/wp\/v2\/comments?post=2421"}],"version-history":[{"count":0,"href":"https:\/\/pcb.org.br\/portal2\/wp-json\/wp\/v2\/posts\/2421\/revisions"}],"wp:attachment":[{"href":"https:\/\/pcb.org.br\/portal2\/wp-json\/wp\/v2\/media?parent=2421"}],"wp:term":[{"taxonomy":"category","embeddable":true,"href":"https:\/\/pcb.org.br\/portal2\/wp-json\/wp\/v2\/categories?post=2421"},{"taxonomy":"post_tag","embeddable":true,"href":"https:\/\/pcb.org.br\/portal2\/wp-json\/wp\/v2\/tags?post=2421"}],"curies":[{"name":"wp","href":"https:\/\/api.w.org\/{rel}","templated":true}]}}