{"id":24247,"date":"2019-11-04T23:20:42","date_gmt":"2019-11-05T02:20:42","guid":{"rendered":"https:\/\/pcb.org.br\/portal2\/?p=24247"},"modified":"2022-02-25T14:18:05","modified_gmt":"2022-02-25T17:18:05","slug":"entrevista-com-maria-carol-dirigente-da-ujc-e-da-une","status":"publish","type":"post","link":"https:\/\/pcb.org.br\/portal2\/24247","title":{"rendered":"Entrevista com Maria Carol, dirigente da UJC e da UNE"},"content":{"rendered":"<p><img decoding=\"async\" class=\"imagem\" title=\"imagem\" src=\"https:\/\/lh3.googleusercontent.com\/pw\/AM-JKLXiRhBEcrX4TDg7cmx80nBI0rikyfRHcebDgzu68f1j3YY8Icov4ESS9lN66M_i3XdWHnNpt0TFABlfRu61UmZcaHestGeg7Fobnb2RIDHko2z9qwqy6SUrw5idSXY92nWHPr20JgGHWbpYvbl-1YJ-=s608-no?authuser=0\" alt=\"imagem\" \/><!--more-->Foram ao ar, nos dias 10 e 29 de outubro, os dois programas contendo a entrevista completa com a querida camarada Maria Carol, estudante de Geografia pela Universidade Federal Rural do Rio de Janeiro, integrante da coordena\u00e7\u00e3o nacional da Uni\u00e3o da Juventude Comunista, a UJC, e diretora de rela\u00e7\u00f5es internacionais da executiva da UNE, Uni\u00e3o Nacional dos Estudantes.<\/p>\n<p>Maria Carol, entrevistada por Marta Bar\u00e7ante, coordenadora do Programa e respons\u00e1vel pela Secretaria Nacional de Mulheres do PCB, fala inicialmente de sua inf\u00e2ncia. Nascida e criada na Zona Oeste do Rio de Janeiro, Carol relata que hoje as crian\u00e7as t\u00eam cada vez menos a possibilidade de fazer coisas que faziam parte da rotina de um menino ou menina da sua idade, como brincar na rua, em virtude da viol\u00eancia que tem crescido nos bairros do sub\u00farbio do Rio e da aus\u00eancia de pol\u00edticas p\u00fablicas voltadas \u00e0 crian\u00e7a e ao adolescente. Para ela, fica evidente o descaso dos governos burgueses com a inf\u00e2ncia e a juventude, expresso por exemplo na aus\u00eancia cada vez maior das pra\u00e7as p\u00fablicas e espa\u00e7os de conviv\u00eancia e de lazer.<\/p>\n<p>Estudante de Licenciatura em Geografia na Universidade Rural do Rio de Janeiro, Carol afirma que seu ingresso e perman\u00eancia na universidade representam, al\u00e9m da conquista de um projeto pessoal e de sua fam\u00edlia, o resultado de um esfor\u00e7o coletivo di\u00e1rio para enfrentar as barreiras existentes \u00e0queles estudantes oriundos das camadas prolet\u00e1rias, apesar das maiores possibilidades de acesso, ainda que muito insuficientes, principalmente para jovens negros e negras. Numa conjuntura de intensifica\u00e7\u00e3o dos ataques \u00e0 educa\u00e7\u00e3o p\u00fablica, esses problemas se avolumam, e crescem as lutas para que seja garantida a assist\u00eancia estudantil e a manuten\u00e7\u00e3o dos jovens pobres dentro da universidade. Segundo ela, hoje a luta \u00e9 para, em primeiro lugar, garantir a continuidade da universidade p\u00fablica, profundamente amea\u00e7ada pelo Governo Bolsonaro, e avan\u00e7ar para a conquista de mudan\u00e7as estruturais na educa\u00e7\u00e3o brasileira, na perspectiva da escola e da universidade popular.<\/p>\n<p>Carol fala do in\u00edcio de sua milit\u00e2ncia estudantil, aos 16 anos, ainda no ensino m\u00e9dio, nas lutas pelo passe livre em 2013. Quando se interessou por participar da disputa de chapas para o gr\u00eamio da sua escola, conheceu a galera da UJC (Uni\u00e3o da Juventude Comunista), e sua milit\u00e2ncia deu um salto de qualidade. Participou ent\u00e3o do Congresso da UJC de 2015 e, a partir de ent\u00e3o, mergulhou de cabe\u00e7a nas atividades da organiza\u00e7\u00e3o e no movimento estudantil, at\u00e9 o momento atual, que reflete a amplia\u00e7\u00e3o do trabalho dos jovens comunistas, que retornaram \u00e0 Executiva da Uni\u00e3o Nacional dos Estudantes, caminho este constru\u00eddo sobre um programa de lutas que envolve o projeto da Universidade Popular, atrav\u00e9s do MUP (Movimento por uma Universidade Popular), uma universidade que seja voltada a atender os interesses e necessidades dos filhos e filhas da classe trabalhadora.<\/p>\n<p>No segundo programa, Maria Carol relatou a experi\u00eancia vivida como candidata a deputada federal pelo Partido Comunista Brasileiro (PCB), buscando representar a juventude do Estado do Rio, aprendizado marcante ao permitir que ela viajasse por todo o Estado e entrasse em contato com diversos grupos sociais e organiza\u00e7\u00f5es, como quilombos, comunidades ind\u00edgenas, estudantes, trabalhadores e trabalhadoras, verificando as condi\u00e7\u00f5es de vida das pessoas e os desafios colocados para enfrentar as pol\u00edticas oficiais de retrocessos e de viol\u00eancia estatal implementadas pelos governos Bolsonaro e Witzel.<\/p>\n<p>Assista a entrevista na \u00edntegra em:<\/p>\n<div class=\"fb-video\" data-allowfullscreen=\"true\" data-href=\"https:\/\/www.facebook.com\/lugardemulherpcb\/videos\/975345639480544\/\" style=\"background-color: #fff; display: inline-block;\"><\/div>\n<p>e<\/p>\n<div class=\"fb-video\" data-allowfullscreen=\"true\" data-href=\"https:\/\/www.facebook.com\/lugardemulherpcb\/videos\/803991756724965\/\" style=\"background-color: #fff; display: inline-block;\"><\/div>\n","protected":false},"excerpt":{"rendered":"<a class=\"moretag\" href=\"https:\/\/pcb.org.br\/portal2\/24247\"> <\/a>","protected":false},"author":1,"featured_media":0,"comment_status":"closed","ping_status":"closed","sticky":false,"template":"","format":"standard","meta":{"jetpack_post_was_ever_published":false,"_jetpack_newsletter_access":"","_jetpack_dont_email_post_to_subs":false,"_jetpack_newsletter_tier_id":0,"_jetpack_memberships_contains_paywalled_content":false,"_jetpack_memberships_contains_paid_content":false,"footnotes":"","jetpack_publicize_message":"","jetpack_publicize_feature_enabled":true,"jetpack_social_post_already_shared":true,"jetpack_social_options":{"image_generator_settings":{"template":"highway","default_image_id":0,"font":"","enabled":false},"version":2}},"categories":[22],"tags":[352],"class_list":["post-24247","post","type-post","status-publish","format-standard","hentry","category-c3-coletivo-ana-montenegro","tag-ldm"],"jetpack_publicize_connections":[],"jetpack_featured_media_url":"","jetpack_shortlink":"https:\/\/wp.me\/p659gw-6j5","jetpack-related-posts":[],"jetpack_likes_enabled":true,"jetpack_sharing_enabled":true,"_links":{"self":[{"href":"https:\/\/pcb.org.br\/portal2\/wp-json\/wp\/v2\/posts\/24247","targetHints":{"allow":["GET"]}}],"collection":[{"href":"https:\/\/pcb.org.br\/portal2\/wp-json\/wp\/v2\/posts"}],"about":[{"href":"https:\/\/pcb.org.br\/portal2\/wp-json\/wp\/v2\/types\/post"}],"author":[{"embeddable":true,"href":"https:\/\/pcb.org.br\/portal2\/wp-json\/wp\/v2\/users\/1"}],"replies":[{"embeddable":true,"href":"https:\/\/pcb.org.br\/portal2\/wp-json\/wp\/v2\/comments?post=24247"}],"version-history":[{"count":0,"href":"https:\/\/pcb.org.br\/portal2\/wp-json\/wp\/v2\/posts\/24247\/revisions"}],"wp:attachment":[{"href":"https:\/\/pcb.org.br\/portal2\/wp-json\/wp\/v2\/media?parent=24247"}],"wp:term":[{"taxonomy":"category","embeddable":true,"href":"https:\/\/pcb.org.br\/portal2\/wp-json\/wp\/v2\/categories?post=24247"},{"taxonomy":"post_tag","embeddable":true,"href":"https:\/\/pcb.org.br\/portal2\/wp-json\/wp\/v2\/tags?post=24247"}],"curies":[{"name":"wp","href":"https:\/\/api.w.org\/{rel}","templated":true}]}}