{"id":24275,"date":"2019-11-08T00:12:14","date_gmt":"2019-11-08T03:12:14","guid":{"rendered":"https:\/\/pcb.org.br\/portal2\/?p=24275"},"modified":"2019-11-08T00:12:14","modified_gmt":"2019-11-08T03:12:14","slug":"so-a-esquerda-vencera-o-bolsonarismo","status":"publish","type":"post","link":"https:\/\/pcb.org.br\/portal2\/24275","title":{"rendered":"S\u00f3 a esquerda vencer\u00e1 o bolsonarismo"},"content":{"rendered":"<p><img decoding=\"async\" class=\"imagem\" title=\"imagem\" src=\"https:\/\/i0.wp.com\/divinotes.com\/wp-content\/uploads\/2018\/11\/Divi-Slider-with-sliding-images-but-static-text.png.jpg?resize=900%2C506&amp;ssl=1\" alt=\"imagem\" \/><!--more-->por Golbery Lessa &#8211; membro do Comit\u00ea Central do PCB<\/p>\n<p>O bolsonarismo, express\u00e3o particular de um movimento pol\u00edtico de extrema direita existente em v\u00e1rios pa\u00edses, \u00e9 uma das correntes poss\u00edveis de representa\u00e7\u00e3o e defesa dos interesses e do projeto do grande capital. Consiste na sua vertente neofascista, que tem o mesmo programa econ\u00f4mico da corrente liberal: o neoliberalismo. O liberalismo pol\u00edtico e o bolsonarismo dividem a mesma proposta para a economia. S\u00e3o dois corpos disputando a mesma cabe\u00e7a. Termina havendo um empate nessa \u00e1rea, mas com impactos diferentes para cada lado.<\/p>\n<p>Na \u00e9poca do fascismo cl\u00e1ssico, um fen\u00f4meno principalmente dos pa\u00edses de via prussiana e colonial (Alemanha, It\u00e1lia, Jap\u00e3o, Brasil, M\u00e9xico, Argentina etc.), os fascistas propunham uma pol\u00edtica econ\u00f4mica intervencionista, diferente em termos t\u00e1ticos daquela proposta pelos liberais; n\u00e3o chamavam o Posto Ipiranga do liberalismo, tinham seus pr\u00f3prios ide\u00f3logos nessa \u00e1rea e defendiam o capitalismo por meio da amplia\u00e7\u00e3o do Estado. Isso fortalecia o fascismo diante dos outros representantes burgueses nos citados pa\u00edses, principalmente porque lhe dava mais identidade program\u00e1tica e capacidade de organizar e impor as condi\u00e7\u00f5es para a acumula\u00e7\u00e3o de capital. Por outro lado, o regime pol\u00edtico fascista dificultava a articula\u00e7\u00e3o no interior da elite dominante e tornava muito r\u00edgidas a hegemonia e a dire\u00e7\u00e3o pol\u00edtica da burguesia sobre as outras classes.<\/p>\n<p>O neofascismo \u00e9 diferente, pois tem a mesma t\u00e1tica econ\u00f4mica dos neoliberais ou a assume t\u00e3o logo chega ao poder. Isso, aparentemente, o tornaria mais fr\u00e1gil do que o fascismo cl\u00e1ssico, pois n\u00e3o possuiria diferencia\u00e7\u00e3o pronunciada em rela\u00e7\u00e3o ao liberalismo e n\u00e3o contaria com uma maior interven\u00e7\u00e3o estatal para garantir as condi\u00e7\u00f5es de acumula\u00e7\u00e3o. Entretanto, isso \u00e9 uma falsa apar\u00eancia. O neofascismo \u00e9 a express\u00e3o pol\u00edtica mais genu\u00edna do neoliberalismo econ\u00f4mico e este tem sido o \u00fanico caminho trilhado pelo grande capital diante da crise do capitalismo, pelo menos em pa\u00edses nos quais n\u00e3o \u00e9 barrado por amplas rebeli\u00f5es populares, como no Chile das \u00faltimas semanas.<\/p>\n<p>Ao contr\u00e1rio do que aparece na superf\u00edcie do fen\u00f4meno, o neofascismo tem a vantagem sobre o liberalismo e o fascismo cl\u00e1ssico de se encontrar mais de acordo com as necessidades ideol\u00f3gicas e pol\u00edticas do capital no momento de sua crise estrutural, ou seja, de estar em mais conson\u00e2ncia com o prop\u00f3sito da burguesia contempor\u00e2nea de destruir as liberdades democr\u00e1ticas ou quaisquer outras institui\u00e7\u00f5es e valores minimamente civilizat\u00f3rios que sejam obst\u00e1culos \u00e0 otimiza\u00e7\u00e3o das taxas de lucro. Por esse motivo, por expressar um problema estrutural do capitalismo contempor\u00e2neo, o neofascismo n\u00e3o se restringe aos pa\u00edses prussianos e coloniais, e avan\u00e7a mesmo no centro do sistema e em pa\u00edses que fizeram revolu\u00e7\u00f5es democr\u00e1ticas burguesas, como os EUA e a Fran\u00e7a.<\/p>\n<p>Os liberais no Brasil ou em qualquer outro pa\u00eds n\u00e3o possuem, portanto, as condi\u00e7\u00f5es ideol\u00f3gicas e pol\u00edticas para vencer o neofascismo; somente a esquerda, em suas v\u00e1rias vertentes, pode fazer uma oposi\u00e7\u00e3o vitoriosa e consequente ao neofascismo, o que pressup\u00f5e capacidade de dialogar com as rebeli\u00f5es de massa surgidas da luta cotidiana contra o neoliberalismo e as restri\u00e7\u00f5es das liberdades democr\u00e1ticas.<\/p>\n","protected":false},"excerpt":{"rendered":"<a class=\"moretag\" href=\"https:\/\/pcb.org.br\/portal2\/24275\"> <\/a>","protected":false},"author":1,"featured_media":0,"comment_status":"closed","ping_status":"closed","sticky":false,"template":"","format":"standard","meta":{"jetpack_post_was_ever_published":false,"_jetpack_newsletter_access":"","_jetpack_dont_email_post_to_subs":false,"_jetpack_newsletter_tier_id":0,"_jetpack_memberships_contains_paywalled_content":false,"_jetpack_memberships_contains_paid_content":false,"footnotes":"","jetpack_publicize_message":"","jetpack_publicize_feature_enabled":true,"jetpack_social_post_already_shared":true,"jetpack_social_options":{"image_generator_settings":{"template":"highway","default_image_id":0,"font":"","enabled":false},"version":2}},"categories":[7],"tags":[223],"class_list":["post-24275","post","type-post","status-publish","format-standard","hentry","category-s8-brasil","tag-3a"],"jetpack_publicize_connections":[],"jetpack_featured_media_url":"","jetpack_shortlink":"https:\/\/wp.me\/p659gw-6jx","jetpack-related-posts":[],"jetpack_likes_enabled":true,"jetpack_sharing_enabled":true,"_links":{"self":[{"href":"https:\/\/pcb.org.br\/portal2\/wp-json\/wp\/v2\/posts\/24275","targetHints":{"allow":["GET"]}}],"collection":[{"href":"https:\/\/pcb.org.br\/portal2\/wp-json\/wp\/v2\/posts"}],"about":[{"href":"https:\/\/pcb.org.br\/portal2\/wp-json\/wp\/v2\/types\/post"}],"author":[{"embeddable":true,"href":"https:\/\/pcb.org.br\/portal2\/wp-json\/wp\/v2\/users\/1"}],"replies":[{"embeddable":true,"href":"https:\/\/pcb.org.br\/portal2\/wp-json\/wp\/v2\/comments?post=24275"}],"version-history":[{"count":0,"href":"https:\/\/pcb.org.br\/portal2\/wp-json\/wp\/v2\/posts\/24275\/revisions"}],"wp:attachment":[{"href":"https:\/\/pcb.org.br\/portal2\/wp-json\/wp\/v2\/media?parent=24275"}],"wp:term":[{"taxonomy":"category","embeddable":true,"href":"https:\/\/pcb.org.br\/portal2\/wp-json\/wp\/v2\/categories?post=24275"},{"taxonomy":"post_tag","embeddable":true,"href":"https:\/\/pcb.org.br\/portal2\/wp-json\/wp\/v2\/tags?post=24275"}],"curies":[{"name":"wp","href":"https:\/\/api.w.org\/{rel}","templated":true}]}}