{"id":24343,"date":"2019-11-17T08:23:41","date_gmt":"2019-11-17T11:23:41","guid":{"rendered":"https:\/\/pcb.org.br\/portal2\/?p=24343"},"modified":"2019-11-17T08:23:41","modified_gmt":"2019-11-17T11:23:41","slug":"chile-o-partido-comunista-e-o-acordo","status":"publish","type":"post","link":"https:\/\/pcb.org.br\/portal2\/24343","title":{"rendered":"Chile: o Partido Comunista e \u201co Acordo\u201d"},"content":{"rendered":"<p><img decoding=\"async\" class=\"imagem\" title=\"imagem\" src=\"https:\/\/i0.wp.com\/graph.facebook.com\/10157249839432498\/picture\" alt=\"imagem\" \/><!--more-->Cooperativa &#8211; Autor: Daniel Jadue<\/p>\n<p>Em 15\/11, depois de 28 dias de manifestaciones, majoritariamente pac\u00edficas, em todo o Chile, um conjunto importante de for\u00e7as pol\u00edticas, alojadas no interior do Congresso Nacional, firmaram um acordo pol\u00edtico que, mesmo com atraso e com v\u00e1rias omiss\u00f5es, formalmente d\u00e1 resposta a uma das demandas que com for\u00e7a o movimento social exigiu, desde o in\u00edcio das mobiliza\u00e7\u00f5es: a convocat\u00f3ria de um Plebiscito para que a cidadania manifeste de maneira clara se deseja ou n\u00e3o ter uma Nova Constitui\u00e7\u00e3o Pol\u00edtica e, caso esse desejo seja majorit\u00e1rio, quem a dever\u00e1 redigir.<\/p>\n<p>Aqueles que concordaram, dando as costas aos cidad\u00e3os, em manter a Constitui\u00e7\u00e3o dos anos 80, com alguns novos parceiros e parceiras, acabaram cedendo, pelo menos formalmente, ao que os cidad\u00e3os e o povo mobilizado gritavam, embora o fizessem novamente entre quatro paredes.<\/p>\n<p>Todos em un\u00edssono sa\u00edram para comemorar, mas os cidad\u00e3os n\u00e3o sa\u00edram com eles, porque, em sua perplexidade, simplesmenten\u00e3o os consideraram no primeiro dia, nem no \u00faltimo.<\/p>\n<p>E todos em un\u00edssono sa\u00edram para condenar a aus\u00eancia do Partido Comunista na assinatura deste acordo. Alguns chegaram a dizer o mesmo que em 1988, que a hist\u00f3ria passaria a conta ao PC por n\u00e3o ter assinado. Eles esqueceram que, na verdade, a hist\u00f3ria j\u00e1 cobrou aqueles que projetaram a sa\u00edda acordada por cima ap\u00f3s a ditadura, e foi isso que nos trouxe ao ponto em que nos encontramos.<\/p>\n<p>Os meios de comunica\u00e7\u00e3o fizeram o mesmo. Eles repetiram at\u00e9 o cansa\u00e7o que o PC traiu, at\u00e9 alguns deram a esse fato a mesma import\u00e2ncia que o pr\u00f3prio acordo.<\/p>\n<p>S\u00e3o muito evidentes as raz\u00f5es que o PC tinha para n\u00e3o assinar o acordo, o que em caso algum significa que n\u00e3o valorizamos que o povo mobilizado tenha pressionado aqueles que at\u00e9 poucas semanas atr\u00e1s recusavam uma nova constitui\u00e7\u00e3o e pensavam que o Chile era um o\u00e1sis. Mas muitos n\u00e3o querem admitir isso.<\/p>\n<p>O PC poderia assinar um acordo costurado por cima e com o qual n\u00e3o compartilha totalmente? N\u00e3o, de maneira nenhuma.<\/p>\n<p>O PC poderia assinar um acordo que n\u00e3o menciona a necessidade de verdade, justi\u00e7a e repara\u00e7\u00e3o para todas as v\u00edtimas de viola\u00e7\u00f5es de direitos humanos que o Estado do Chile tenha incorrido nesses 28 dias, com um Presidente que declarou guerra ao seu povo, fingindo que os mortos, os mutilados, os que perderam os olhos, as mulheres estupradas, os detidos ilegalmente, os feridos, n\u00e3o existiram? N\u00e3o, de maneira nenhuma.<\/p>\n<p>Poderia o PC assinar um acordo no qual, ap\u00f3s tanto tempo de luta no pa\u00eds da revolu\u00e7\u00e3o feminista, n\u00e3o d\u00ea garantias \u00e0s cotas de g\u00eanero na Assembleia Constituinte, denominada Conven\u00e7\u00e3o Constitucional, apenas para satisfazer a extrema direita, que treme de \u00f3dio s\u00f3 de ouvir a bandeira que o povo mobilizado gritava? N\u00e3o, de maneira nenhuma.<\/p>\n<p>O PC poderia assinar um acordo em que, ap\u00f3s centenas de anos sem resolver a quest\u00e3o das nossas Primeiras Na\u00e7\u00f5es, as cotas protegidas n\u00e3o seriam garantidas dentro da mesma Assembleia, para nossos Povos Origin\u00e1rios? N\u00e3o, de maneira alguma, muito menos se isso estivesse acontecendo no mesmo dia em que se passou o primeiro ano do assassinato de Catrillanca.<\/p>\n<p>O PC poderia assinar um acordo que, \u201cpara dar garantias \u00e0 direita\u201d, instala os mesmos qu\u00f3runs que Jaime Guzm\u00e1n instalou na Constitui\u00e7\u00e3o dos anos 80, para garantir que, em ess\u00eancia, nada mude significativamente e defina, bruscamente, que apenas o plebiscito de sa\u00edda ser\u00e1 por voto obrigat\u00f3rio, mas o da entrada por voto volunt\u00e1rio? N\u00e3o, de maneira nenhuma.<\/p>\n<p>Nesta sociedade, que ainda analisa tudo de forma bin\u00e1ria, para alguns \u00e9 dif\u00edcil entender a diferen\u00e7a entre n\u00e3o assinar, para n\u00e3o ratificar um texto com o qual n\u00e3o se est\u00e1 de acordo por completo, e n\u00e3o participar de todo o processo.<\/p>\n<p>Portanto, \u00e9 essencial explicar o que muitos v\u00e3o querer esconder. Os comunistas n\u00e3o participaram da assinatura do acordo, porque aqueles que nos conhecem sabiam que ser\u00edamos uma pedra no sapato contra o que estavam tramando, raz\u00e3o pela qual apenas nos convidaram a participar quando tudo j\u00e1 estava definido.<\/p>\n<p>Consistentemente, ao tomar conhecimento detalhado disso, nossos valores e princ\u00edpios nos impediram de ratificar um acordo sem a cidadania, com essas omiss\u00f5es e com essas amarras.<\/p>\n<p>Apesar disso, valorizamos significativamente o que foi conquistado pelo movimento social, que em resumo \u00e9 a oportunidade mais clara que tivemos em trinta anos de derrota da Constitui\u00e7\u00e3o de Pinochet.<\/p>\n<p>Decidimos, como sempre fizemos, que continuaremos a participar de todos os espa\u00e7os que se abrirem, no caminho de dar ao nosso pa\u00eds real democracia, justi\u00e7a social e igualdade.<\/p>\n<p>Continuaremos lutando pela elimina\u00e7\u00e3o de quaisquer obst\u00e1culos \u00f3bvios ou ocultos decorrentes de acordos de c\u00fapula, dos quais nunca participaremos, ao passo que continuaremos a atuar plenamente nas mobiliza\u00e7\u00f5es de nosso povo, das quais sempre fizemos parte.<\/p>\n<p>Tradu\u00e7\u00e3o: Partido Comunista Brasileiro PCB<\/p>\n<p>Fonte: https:\/\/opinion.cooperativa.cl\/opinion\/politica\/el-partido-comunista-y-el-acuerdo\/2019-11-15\/175542.html<\/p>\n","protected":false},"excerpt":{"rendered":"<a class=\"moretag\" href=\"https:\/\/pcb.org.br\/portal2\/24343\"> <\/a>","protected":false},"author":1,"featured_media":0,"comment_status":"closed","ping_status":"closed","sticky":false,"template":"","format":"standard","meta":{"jetpack_post_was_ever_published":false,"_jetpack_newsletter_access":"","_jetpack_dont_email_post_to_subs":false,"_jetpack_newsletter_tier_id":0,"_jetpack_memberships_contains_paywalled_content":false,"_jetpack_memberships_contains_paid_content":false,"footnotes":"","jetpack_publicize_message":"","jetpack_publicize_feature_enabled":true,"jetpack_social_post_already_shared":true,"jetpack_social_options":{"image_generator_settings":{"template":"highway","default_image_id":0,"font":"","enabled":false},"version":2}},"categories":[87],"tags":[227],"class_list":["post-24343","post","type-post","status-publish","format-standard","hentry","category-c100-chile","tag-5a"],"jetpack_publicize_connections":[],"jetpack_featured_media_url":"","jetpack_shortlink":"https:\/\/wp.me\/p659gw-6kD","jetpack-related-posts":[],"jetpack_likes_enabled":true,"jetpack_sharing_enabled":true,"_links":{"self":[{"href":"https:\/\/pcb.org.br\/portal2\/wp-json\/wp\/v2\/posts\/24343","targetHints":{"allow":["GET"]}}],"collection":[{"href":"https:\/\/pcb.org.br\/portal2\/wp-json\/wp\/v2\/posts"}],"about":[{"href":"https:\/\/pcb.org.br\/portal2\/wp-json\/wp\/v2\/types\/post"}],"author":[{"embeddable":true,"href":"https:\/\/pcb.org.br\/portal2\/wp-json\/wp\/v2\/users\/1"}],"replies":[{"embeddable":true,"href":"https:\/\/pcb.org.br\/portal2\/wp-json\/wp\/v2\/comments?post=24343"}],"version-history":[{"count":0,"href":"https:\/\/pcb.org.br\/portal2\/wp-json\/wp\/v2\/posts\/24343\/revisions"}],"wp:attachment":[{"href":"https:\/\/pcb.org.br\/portal2\/wp-json\/wp\/v2\/media?parent=24343"}],"wp:term":[{"taxonomy":"category","embeddable":true,"href":"https:\/\/pcb.org.br\/portal2\/wp-json\/wp\/v2\/categories?post=24343"},{"taxonomy":"post_tag","embeddable":true,"href":"https:\/\/pcb.org.br\/portal2\/wp-json\/wp\/v2\/tags?post=24343"}],"curies":[{"name":"wp","href":"https:\/\/api.w.org\/{rel}","templated":true}]}}