{"id":24388,"date":"2019-11-23T23:47:27","date_gmt":"2019-11-24T02:47:27","guid":{"rendered":"https:\/\/pcb.org.br\/portal2\/?p=24388"},"modified":"2019-11-23T23:47:27","modified_gmt":"2019-11-24T02:47:27","slug":"colombia-a-greve-geral-nao-para","status":"publish","type":"post","link":"https:\/\/pcb.org.br\/portal2\/24388","title":{"rendered":"Col\u00f4mbia: a greve geral n\u00e3o para!"},"content":{"rendered":"<p><img decoding=\"async\" class=\"imagem\" title=\"imagem\" src=\"https:\/\/i0.wp.com\/lh3.googleusercontent.com\/k6R752MqDcW361sdPRxt87ecnu0DQ3sHahFzHs9fZCxYnn3MwrAx8-calCagT0ZwQbF1OZzxw-D4V1niM5oZSPHRYfMtwj1z_lNb2CtN5Pgnu6dzB2_Huip60NA2Krjxir0d4D2COMURdkKjloLpqOwTf9cMTZ1f3-NjApwdNcd0rZwf1mNiQBEE-jxGhQmzLRUVGfcdJCSmodw7wozfpIPHAeTlqvrOaBlFFf1JjOcrEAWiFRR5zESOsrbNq7Di3zodhb9lVF-of9MvXs6yf-vJtd5Yp680BZk8gUSbG0OzuMosdPw03SFx82KevykeoTSyWh39Od3QMD8mQ1QiEbXbUJJSRG4BD48YmlEu9Wc-o4hBtEdoLRI2KSLD-RJSCIwCEvLdnpMXYhsmO2f-ocTXetx2RuS0fpYlI4mXNHSURAaQPl7aQHIfDPOh4cg0vuyj2hdd0xkQQlDgCOex5D2R58ENLW2wtp_V4PcaSDgCRr_XFJTE1o9dpDzlE-gnyphTD4HlxiraQI1zR6z6A_FjGnGb6WPojAiRs_Es2cyIeIQ12jKEuXzTCs-pijIjzmT4xAwKRE3NKrMySlv0ZL5nBaUi8Y0Uf23E-aVSEAa7SscSTMga7rShZkfhbiH-_LSYS2Hj7wzcDehkWt6_S7ZztaM0R2ZaCuOBg7W0csmrqV8WsyGO9uU=w570-h360-no\" alt=\"imagem\" \/><!--more-->Resumen Latinoamericano \/ 22 de noviembre de 2019<\/p>\n<p>Em 21 de novembro, nos marcos da GREVE NACIONAL, milh\u00f5es de colombianos e colombianas protestaram e se mobilizaram nas ruas e estradas. A dignidade e a resist\u00eancia do povo tomaram a decis\u00e3o de lutar pela vida digna.<\/p>\n<p>O Congresso dos Povos, como parte do Comando Nacional de Greve, expressa ao pa\u00eds a alegria e o sucesso da greve nacional, um processo que continua nas ruas para rejeitar o mau governo e o modelo neoliberal mafioso e criminoso.<\/p>\n<p>N\u00e3o temos medo, nossa convic\u00e7\u00e3o da luta pela mudan\u00e7a \u00e9 firme, por um projeto de pa\u00eds para a Vida Digna; as consignas da greve contra o pacota\u00e7o, pela defesa da vida e do territ\u00f3rio, somadas \u00e0 indigna\u00e7\u00e3o contra a prec\u00e1ria situa\u00e7\u00e3o econ\u00f4mica que as pessoas sofrem todos os dias, lutando para dignificar suas vidas e sobreviver em situa\u00e7\u00f5es desumanas, excederam as expectativas iniciais. O povo se autoconvocou para manifestar sua rebeldia e tomou a decis\u00e3o de manter a paralisa\u00e7\u00e3o indefinidamente.<\/p>\n<p>Denunciamos a repress\u00e3o, a criminaliza\u00e7\u00e3o dos protestos sociais, a militariza\u00e7\u00e3o dos territ\u00f3rios orquestrados pelo Governo, que deixam como saldo um sem n\u00famero de pessoas feridas e processadas judicialmente. Essa a\u00e7\u00e3o terrorista do Estado nos chama a fortalecer os mecanismos de luta e autoprote\u00e7\u00e3o de nossas comunidades.<\/p>\n<p>A greve continua porque uma torrente de pessoas insatisfeitas com o governo exige mudan\u00e7as. Em v\u00e1rias partes de Bogot\u00e1 ocorrem manifesta\u00e7\u00f5es que est\u00e3o sendo reprimidas pelo ESMAD (esquadr\u00e3o da morte para protestos sociais). Da mesma forma, existem mobiliza\u00e7\u00f5es e protestos em outras cidades. Conclamamos o povo colombiano e as organiza\u00e7\u00f5es populares a manter acesas a luta e a chama da dignidade.<\/p>\n<p>N\u00e3o mais Duke, n\u00e3o mais neoliberalismo, n\u00e3o mais assassinatos e processos, n\u00e3o mais criminaliza\u00e7\u00e3o de protestos sociais, vamos \u00e0 grande mobiliza\u00e7\u00e3o de 25 de novembro contra a viol\u00eancia \u00e0s mulheres, continuemos a sair \u00e0s ruas, continuemos a nos expressar nas redes sociais para seguir expressando nossa rebeldia e beliger\u00e2ncia.<\/p>\n<p>Por um pa\u00eds pela Vida Digna, seguimos a palavra pela luta e as transforma\u00e7\u00f5es por uma paz com mudan\u00e7as. A palavra de ordem \u00e9: a greve continua, vamos mudar isso com dignidade nas ruas.<\/p>\n<p>Congresso dos Povos<\/p>\n<p>Tradu\u00e7\u00e3o: Partido Comunista Brasileiro PCB<\/p>\n<blockquote class=\"wp-embedded-content\" data-secret=\"jstjYTfQZn\"><p><a href=\"http:\/\/www.resumenlatinoamericano.org\/2019\/11\/22\/colombia-congreso-de-los-pueblos-el-paro-sigue-cambiemos-esto-con-dignidad-en-las-calles\/\">Colombia. Congreso de los Pueblos: El Paro sigue, cambiemos esto con Dignidad en las calles<\/a><\/p><\/blockquote>\n<p><iframe loading=\"lazy\" title=\"&#171;Colombia. Congreso de los Pueblos: El Paro sigue, cambiemos esto con Dignidad en las calles&#187; &#8212; Resumen Latinoamericano\" class=\"wp-embedded-content\" sandbox=\"allow-scripts\" security=\"restricted\" style=\"position: absolute; clip: rect(1px, 1px, 1px, 1px);\" src=\"http:\/\/www.resumenlatinoamericano.org\/2019\/11\/22\/colombia-congreso-de-los-pueblos-el-paro-sigue-cambiemos-esto-con-dignidad-en-las-calles\/embed\/#?secret=jstjYTfQZn\" data-secret=\"jstjYTfQZn\" width=\"600\" height=\"338\" frameborder=\"0\" marginwidth=\"0\" marginheight=\"0\" scrolling=\"no\"><\/iframe><\/p>\n","protected":false},"excerpt":{"rendered":"<a class=\"moretag\" href=\"https:\/\/pcb.org.br\/portal2\/24388\"> <\/a>","protected":false},"author":1,"featured_media":0,"comment_status":"closed","ping_status":"closed","sticky":false,"template":"","format":"standard","meta":{"jetpack_post_was_ever_published":false,"_jetpack_newsletter_access":"","_jetpack_dont_email_post_to_subs":false,"_jetpack_newsletter_tier_id":0,"_jetpack_memberships_contains_paywalled_content":false,"_jetpack_memberships_contains_paid_content":false,"footnotes":"","jetpack_publicize_message":"","jetpack_publicize_feature_enabled":true,"jetpack_social_post_already_shared":true,"jetpack_social_options":{"image_generator_settings":{"template":"highway","default_image_id":0,"font":"","enabled":false},"version":2}},"categories":[34],"tags":[228],"class_list":["post-24388","post","type-post","status-publish","format-standard","hentry","category-c39-colombia","tag-5b"],"jetpack_publicize_connections":[],"jetpack_featured_media_url":"","jetpack_shortlink":"https:\/\/wp.me\/p659gw-6lm","jetpack-related-posts":[],"jetpack_likes_enabled":true,"jetpack_sharing_enabled":true,"_links":{"self":[{"href":"https:\/\/pcb.org.br\/portal2\/wp-json\/wp\/v2\/posts\/24388","targetHints":{"allow":["GET"]}}],"collection":[{"href":"https:\/\/pcb.org.br\/portal2\/wp-json\/wp\/v2\/posts"}],"about":[{"href":"https:\/\/pcb.org.br\/portal2\/wp-json\/wp\/v2\/types\/post"}],"author":[{"embeddable":true,"href":"https:\/\/pcb.org.br\/portal2\/wp-json\/wp\/v2\/users\/1"}],"replies":[{"embeddable":true,"href":"https:\/\/pcb.org.br\/portal2\/wp-json\/wp\/v2\/comments?post=24388"}],"version-history":[{"count":0,"href":"https:\/\/pcb.org.br\/portal2\/wp-json\/wp\/v2\/posts\/24388\/revisions"}],"wp:attachment":[{"href":"https:\/\/pcb.org.br\/portal2\/wp-json\/wp\/v2\/media?parent=24388"}],"wp:term":[{"taxonomy":"category","embeddable":true,"href":"https:\/\/pcb.org.br\/portal2\/wp-json\/wp\/v2\/categories?post=24388"},{"taxonomy":"post_tag","embeddable":true,"href":"https:\/\/pcb.org.br\/portal2\/wp-json\/wp\/v2\/tags?post=24388"}],"curies":[{"name":"wp","href":"https:\/\/api.w.org\/{rel}","templated":true}]}}