{"id":24445,"date":"2019-12-05T00:44:04","date_gmt":"2019-12-05T03:44:04","guid":{"rendered":"https:\/\/pcb.org.br\/portal2\/?p=24445"},"modified":"2019-12-05T00:44:04","modified_gmt":"2019-12-05T03:44:04","slug":"massacre-em-paraisopolis-o-avanco-da-barbarie","status":"publish","type":"post","link":"https:\/\/pcb.org.br\/portal2\/24445","title":{"rendered":"Massacre em Parais\u00f3polis: o avan\u00e7o da barb\u00e1rie"},"content":{"rendered":"<p><img decoding=\"async\" class=\"imagem\" title=\"imagem\" src=\"https:\/\/i0.wp.com\/f.i.uol.com.br\/fotografia\/2019\/12\/03\/15753948565de69e280d503_1575394856_3x2_rt.jpg\" alt=\"imagem\" \/><!--more-->Ney Nunes &#8211; membro do Comit\u00ea Central do PCB<\/p>\n<p>A morte brutal de nove jovens, com idades entre 14 e 23 anos, que se divertiam num baile funk na favela de Parais\u00f3polis, em S\u00e3o Paulo, no \u00faltimo domingo, n\u00e3o pode ser considerada um fato isolado. Estamos vivendo um crescendo de a\u00e7\u00f5es truculentas e covardes das for\u00e7as policiais em quase todas as grandes cidades do pa\u00eds, resultando, com frequ\u00eancia, em mortes de pessoas inocentes.<\/p>\n<p>O cerco e o espancamento dos participantes do baile em Parais\u00f3polis que resultaram em nove mortos e dezenas de feridos s\u00e3o mais uma evid\u00eancia de que a democracia burguesa, diante da crise estrutural capitalista, envereda pelos m\u00e9todos repressivos t\u00edpicos do fascismo. Governantes eleitos pelo voto popular, prometendo paz e prosperidade, fazem do massacre nas \u00e1reas pobres sua pol\u00edtica de seguran\u00e7a p\u00fablica.<\/p>\n<p>Quando as for\u00e7as de seguran\u00e7a do Estado incorporam os m\u00e9todos de milicianos e traficantes, com aval de governadores, do presidente da rep\u00fablica e do seu ministro da justi\u00e7a, os dois \u00faltimos empenhados em aprovar o \u201cexcludente de ilicitude\u201d, ou seja, carta branca para assassinos com distintivo policial, \u00e9 sinal de que a barb\u00e1rie n\u00e3o \u00e9 apenas uma amea\u00e7a no horizonte da decad\u00eancia capitalista em que vivemos. Muito al\u00e9m disso, ela j\u00e1 come\u00e7a a entrar na rotina da sociedade.<\/p>\n<p>Exigir a completa apura\u00e7\u00e3o desse massacre e a puni\u00e7\u00e3o dos seus executores e mandantes \u00e9 correto e necess\u00e1rio, mas n\u00e3o basta. Se quisermos evitar a repeti\u00e7\u00e3o infind\u00e1vel desses fatos, extirpando a barb\u00e1rie, temos que empreender uma luta decisiva contra a burguesia, suas institui\u00e7\u00f5es apodrecidas e seu sistema econ\u00f4mico que promove a explora\u00e7\u00e3o e a mis\u00e9ria: o capitalismo.<\/p>\n","protected":false},"excerpt":{"rendered":"<a class=\"moretag\" href=\"https:\/\/pcb.org.br\/portal2\/24445\"> <\/a>","protected":false},"author":1,"featured_media":0,"comment_status":"closed","ping_status":"closed","sticky":false,"template":"","format":"standard","meta":{"jetpack_post_was_ever_published":false,"_jetpack_newsletter_access":"","_jetpack_dont_email_post_to_subs":false,"_jetpack_newsletter_tier_id":0,"_jetpack_memberships_contains_paywalled_content":false,"_jetpack_memberships_contains_paid_content":false,"footnotes":"","jetpack_publicize_message":"","jetpack_publicize_feature_enabled":true,"jetpack_social_post_already_shared":true,"jetpack_social_options":{"image_generator_settings":{"template":"highway","default_image_id":0,"font":"","enabled":false},"version":2}},"categories":[244],"tags":[222],"class_list":["post-24445","post","type-post","status-publish","format-standard","hentry","category-violencia","tag-2b"],"jetpack_publicize_connections":[],"jetpack_featured_media_url":"","jetpack_shortlink":"https:\/\/wp.me\/p659gw-6mh","jetpack-related-posts":[],"jetpack_likes_enabled":true,"jetpack_sharing_enabled":true,"_links":{"self":[{"href":"https:\/\/pcb.org.br\/portal2\/wp-json\/wp\/v2\/posts\/24445","targetHints":{"allow":["GET"]}}],"collection":[{"href":"https:\/\/pcb.org.br\/portal2\/wp-json\/wp\/v2\/posts"}],"about":[{"href":"https:\/\/pcb.org.br\/portal2\/wp-json\/wp\/v2\/types\/post"}],"author":[{"embeddable":true,"href":"https:\/\/pcb.org.br\/portal2\/wp-json\/wp\/v2\/users\/1"}],"replies":[{"embeddable":true,"href":"https:\/\/pcb.org.br\/portal2\/wp-json\/wp\/v2\/comments?post=24445"}],"version-history":[{"count":0,"href":"https:\/\/pcb.org.br\/portal2\/wp-json\/wp\/v2\/posts\/24445\/revisions"}],"wp:attachment":[{"href":"https:\/\/pcb.org.br\/portal2\/wp-json\/wp\/v2\/media?parent=24445"}],"wp:term":[{"taxonomy":"category","embeddable":true,"href":"https:\/\/pcb.org.br\/portal2\/wp-json\/wp\/v2\/categories?post=24445"},{"taxonomy":"post_tag","embeddable":true,"href":"https:\/\/pcb.org.br\/portal2\/wp-json\/wp\/v2\/tags?post=24445"}],"curies":[{"name":"wp","href":"https:\/\/api.w.org\/{rel}","templated":true}]}}