{"id":24449,"date":"2019-12-05T23:12:31","date_gmt":"2019-12-06T02:12:31","guid":{"rendered":"https:\/\/pcb.org.br\/portal2\/?p=24449"},"modified":"2019-12-08T21:50:25","modified_gmt":"2019-12-09T00:50:25","slug":"repudio-a-censura-e-ao-anticomunismo","status":"publish","type":"post","link":"https:\/\/pcb.org.br\/portal2\/24449","title":{"rendered":"Rep\u00fadio \u00e0 censura e ao anticomunismo"},"content":{"rendered":"<p><img decoding=\"async\" class=\"imagem\" title=\"imagem\" src=\"https:\/\/i0.wp.com\/pbs.twimg.com\/profile_images\/1183198194844475398\/BQ1NtUc6_400x400.jpg\" alt=\"imagem\" \/><!--more-->Nota Pol\u00edtica do Partido Comunista Brasileiro (PCB)<\/p>\n<p>Solidariedade ao camarada Jones Manoel<\/p>\n<p>O Comit\u00ea Central do Partido Comunista Brasileiro (PCB) vem a p\u00fablico repudiar os ataques que vem sofrendo nas redes sociais o militante do PCB em Pernambuco Jones Manoel, os quais tiveram in\u00edcio com a tentativa p\u00fablica de censura, promovida por determinados intelectuais do campo da esquerda que condenaram a veicula\u00e7\u00e3o de um artigo do nosso camarada na Revista Jacobin Brasil, acusando-o de ser &#8220;stalinista&#8221; ou &#8220;neostalinista&#8221;, motivo pelo qual a revista em quest\u00e3o n\u00e3o deveria ter aceitado sua presen\u00e7a entre os autores da edi\u00e7\u00e3o da publica\u00e7\u00e3o.<\/p>\n<p>O artigo em quest\u00e3o, \u201cO anticomunismo que a direita gosta\u201d, como j\u00e1 abordado por outros intelectuais que de pronto prestaram solidariedade a Jones Manoel, aborda a avers\u00e3o \u00e0s ideias socialistas na academia, n\u00e3o havendo nele nenhuma apologia a Joseph St\u00e1lin. Mesmo que houvesse e apesar de o PCB j\u00e1 ter se pronunciado publicamente como um partido que n\u00e3o advoga o chamado &#8220;stalinismo&#8221;, consideramos que n\u00e3o se trata disso, mas de uma persegui\u00e7\u00e3o feita a um jovem pesquisador e propagandista das ideias comunistas, que produz com intensidade artigos e v\u00eddeos com an\u00e1lises sobre variados temas da conjuntura atual, de divulga\u00e7\u00e3o de te\u00f3ricos do marxismo e de interpreta\u00e7\u00e3o de processos hist\u00f3ricos, contendo avalia\u00e7\u00f5es sobre o chamado &#8220;socialismo real&#8221;, com abordagens diferenciadas daquilo que acabou ser tornando uma vis\u00e3o hegem\u00f4nica dentre determinados grupos acad\u00eamicos.<\/p>\n<p>Do mesmo modo que condenamos, por meio da Nota Pol\u00edtica intitulada &#8220;O PCB, o marxismo e a revolu\u00e7\u00e3o prolet\u00e1ria&#8221;, a atitude tomada por aqueles que reduzem o debate pol\u00edtico a uma rebaixada e irracional disputa entre os adeptos de Stalin e Trotsky, consideramos inaceit\u00e1vel qualquer forma de censura a quem se prop\u00f5e a divulgar o pensamento marxista e debater as experi\u00eancias socialistas no s\u00e9culo XX, ainda mais proveniente de pessoas que se dizem de esquerda. Entendemos que este tipo de comportamento acaba contribuindo, na pr\u00e1tica, para difundir ainda mais o anticomunismo que, partindo dos setores de direita e dos grupos fascistas, infelizmente vem assumindo propor\u00e7\u00f5es de peso na sociedade brasileira.<\/p>\n<p>Mesmo nos considerando um Partido que preza pela unidades das for\u00e7as de esquerda, em especial dos setores socialistas revolucion\u00e1rios, conforme j\u00e1 demonstramos em diversos momentos da nossa hist\u00f3ria e temos reafirmado nos dias atuais, de intensos ataques da burguesia \u00e0 classe trabalhadora, \u00e0s camadas populares e \u00e0s organiza\u00e7\u00f5es revolucion\u00e1rias, n\u00e3o aceitaremos calados ataques como estes a nossos militantes.<\/p>\n<p>Reafirmando o que dissemos na nota divulgada em 20\/11 na p\u00e1gina nacional do Partido, continuaremos lutando ombro a ombro na mesma trincheira das batalhas de classes com todos aqueles que estejam dispostos a construir a revolu\u00e7\u00e3o brasileira. Mas desejamos da parte de todos aqueles que se colocam na oposi\u00e7\u00e3o \u00e0 ordem estabelecida a mesma fraternidade no debate das ideias e o respeito \u00e0s diferen\u00e7as de opini\u00e3o.<\/p>\n<p>Comit\u00ea Central do PCB<\/p>\n","protected":false},"excerpt":{"rendered":"<a class=\"moretag\" href=\"https:\/\/pcb.org.br\/portal2\/24449\"> <\/a>","protected":false},"author":1,"featured_media":0,"comment_status":"closed","ping_status":"closed","sticky":false,"template":"","format":"standard","meta":{"jetpack_post_was_ever_published":false,"_jetpack_newsletter_access":"","_jetpack_dont_email_post_to_subs":false,"_jetpack_newsletter_tier_id":0,"_jetpack_memberships_contains_paywalled_content":false,"_jetpack_memberships_contains_paid_content":false,"footnotes":"","jetpack_publicize_message":"","jetpack_publicize_feature_enabled":true,"jetpack_social_post_already_shared":true,"jetpack_social_options":{"image_generator_settings":{"template":"highway","default_image_id":0,"font":"","enabled":false},"version":2}},"categories":[26],"tags":[223,246],"class_list":["post-24449","post","type-post","status-publish","format-standard","hentry","category-c25-notas-politicas-do-pcb","tag-3a","tag-np"],"jetpack_publicize_connections":[],"jetpack_featured_media_url":"","jetpack_shortlink":"https:\/\/wp.me\/p659gw-6ml","jetpack-related-posts":[],"jetpack_likes_enabled":true,"jetpack_sharing_enabled":true,"_links":{"self":[{"href":"https:\/\/pcb.org.br\/portal2\/wp-json\/wp\/v2\/posts\/24449","targetHints":{"allow":["GET"]}}],"collection":[{"href":"https:\/\/pcb.org.br\/portal2\/wp-json\/wp\/v2\/posts"}],"about":[{"href":"https:\/\/pcb.org.br\/portal2\/wp-json\/wp\/v2\/types\/post"}],"author":[{"embeddable":true,"href":"https:\/\/pcb.org.br\/portal2\/wp-json\/wp\/v2\/users\/1"}],"replies":[{"embeddable":true,"href":"https:\/\/pcb.org.br\/portal2\/wp-json\/wp\/v2\/comments?post=24449"}],"version-history":[{"count":0,"href":"https:\/\/pcb.org.br\/portal2\/wp-json\/wp\/v2\/posts\/24449\/revisions"}],"wp:attachment":[{"href":"https:\/\/pcb.org.br\/portal2\/wp-json\/wp\/v2\/media?parent=24449"}],"wp:term":[{"taxonomy":"category","embeddable":true,"href":"https:\/\/pcb.org.br\/portal2\/wp-json\/wp\/v2\/categories?post=24449"},{"taxonomy":"post_tag","embeddable":true,"href":"https:\/\/pcb.org.br\/portal2\/wp-json\/wp\/v2\/tags?post=24449"}],"curies":[{"name":"wp","href":"https:\/\/api.w.org\/{rel}","templated":true}]}}