{"id":2446,"date":"2012-02-21T22:32:58","date_gmt":"2012-02-21T22:32:58","guid":{"rendered":"http:\/\/pcb.org.br\/portal2\/?p=2446"},"modified":"2012-02-21T22:32:58","modified_gmt":"2012-02-21T22:32:58","slug":"acerca-das-manifestacoes-de-solidariedade-com-o-povo-grego","status":"publish","type":"post","link":"https:\/\/pcb.org.br\/portal2\/2446","title":{"rendered":"Acerca das manifesta\u00e7\u00f5es de solidariedade com o povo grego"},"content":{"rendered":"\n<p style=\"text-align: justify; \">Ultimamente, t\u00eam sido efectuadas em muitos pa\u00edses do mundo manifesta\u00e7\u00f5es com slogans abrangentes de &#8220;solidariedade com a Gr\u00e9cia&#8221; e de que &#8220;todos n\u00f3s somos gregos&#8221;\u00a0[1] . A solidariedade popular e da classe trabalhadora s\u00e3o armas poderosas na luta dos povos. Mas os trabalhadores devem livrar-se de quaisquer tentativas para engan\u00e1-los.<\/p>\n<p style=\"text-align: justify; \">Qual Gr\u00e9cia precisa de solidariedade? A Gr\u00e9cia dos capitalistas, os quais procuram obter novos empr\u00e9stimos da UE e do FMI a fim de fortalecer a lucratividade do seu capital, para refor\u00e7ar a sua posi\u00e7\u00e3o contra o povo, ou a Gr\u00e9cia da classe trabalhadora e de outros estratos populares, a qual est\u00e1 a sofrer devido \u00e0s consequ\u00eancias da crise capitalista, pela qual n\u00e3o tem responsabilidade?<\/p>\n<p style=\"text-align: justify; \">Em muitos destes eventos esta quest\u00e3o n\u00e3o ficou clara. E isto \u00e9 o caso porque h\u00e1 um esfor\u00e7o de certas for\u00e7as (principalmente da social-democracia, os oportunistas do Partido de Esquerda Europeu e os &#8220;Verdes&#8221;) para utilizar vagamente a &#8220;solidariedade com o povo grego&#8221; a fim de branquear o apoio que eles deram no passado ao Tratado de Maastricht e a outros euro-tratados, \u00e0 UE do pr\u00f3prio capital, a qual \u00e9 reaccion\u00e1ria e de modo algum pode ser &#8220;democratizada&#8221;, como eles est\u00e3o agora a afirmar.<\/p>\n<p style=\"text-align: justify; \">Al\u00e9m disso h\u00e1 uma tentativa para que a quest\u00e3o da Gr\u00e9cia seja utilizada nas rivalidades inter-imperialistas, dentro e fora da UE.<\/p>\n<p style=\"text-align: justify; \">Sim, os trabalhadores na Gr\u00e9cia querem a solidariedade dos trabalhadores na Europa e em todo o mundo! Mas solidariedade com suas lutas, suas greves, suas exig\u00eancias militantes, com o KKE e o movimento sindical com orienta\u00e7\u00e3o de classe, o PAME que est\u00e1 na linha de frente da luta e n\u00e3o a &#8220;solidariedade&#8221; que procura a continua\u00e7\u00e3o da explora\u00e7\u00e3o capitalista e o esmagamento dos trabalhadores.<\/p>\n<p style=\"text-align: justify; \">A respeito desta quest\u00e3o o Gabinete de Imprensa do CC do KKE emitiu a seguinte declara\u00e7\u00e3o:<\/p>\n<p style=\"text-align: justify; \">&#8220;O KKE dirige uma mensagem a todos os trabalhadores da Europa: N\u00e3o \u00e9 necess\u00e1rio para voc\u00eas &#8220;tornarem-se gregos&#8221; a fim de posicionarem-se ombro a ombro com o povo da Gr\u00e9cia.<\/p>\n<p style=\"text-align: justify; \">Apelamos a que se juntem a n\u00f3s na mesma estrada para os direitos contempor\u00e2neos da classe trabalhadora e dos estratos populares pobres, a fim de impedir e derrubar o nosso inimigo comum, a ditadura dos monop\u00f3lios, a UE, os partidos que as servem.<\/p>\n<p style=\"text-align: justify; \">O seu derrube em todo pa\u00eds ou grupo de pa\u00edses, a socializa\u00e7\u00e3o dos monop\u00f3lios, o desligamento da UE, da NATO, com o poder popular da classe trabalhadora, ser\u00e1 a maior contribui\u00e7\u00e3o para a luta dos povos da Europa e do mundo todo.<\/p>\n<p style=\"text-align: justify; \">O slogan mais moderno e contempor\u00e2neo, mais oportuno do que nunca, \u00e9: &#8220;Trabalhadores de todos os pa\u00edses, Uni-vos!&#8221;.<\/p>\n<p style=\"text-align: justify; \"><strong><a name=\"135a175d46731b87_135a1467cba94f94_135a1334cac898d6_notas\"><\/a>[1] \u00c9 o caso do\u00a0<a href=\"http:\/\/www.esquerda.net\/artigo\/030cidad%C3%A3os-lan%C3%A7am-manifesto-contra-isolamento-e-discrimina%C3%A7%C3%A3o-da-gr%C3%A9cia\" target=\"_blank\">manifesto recente encabe\u00e7ado por M\u00e1rio Soares<\/a> <\/strong><\/p>\n<p style=\"text-align: justify; \"><strong>O original encontra-se em\u00a0<a href=\"http:\/\/inter.kke.gr\/News\/news2012\/2012-02-17-allilleggi\/\" target=\"_blank\">http:\/\/inter.kke.gr\/News\/news2012\/2012-02-17-allilleggi\/<\/a><\/strong><\/p>\n<p style=\"text-align: justify; \"><strong>Este artigo encontra-se em\u00a0<a href=\"http:\/\/resistir.info\/\" target=\"_blank\">http:\/\/resistir.info\/<\/a> .<\/strong><\/p>\n<p style=\"text-align: justify; \">\n","protected":false},"excerpt":{"rendered":"\n\n\nCr\u00e9dito: Resistir.info\n\n\n\n\n\n\n\n\npor KKE\n<a class=\"moretag\" href=\"https:\/\/pcb.org.br\/portal2\/2446\"> <\/a>","protected":false},"author":1,"featured_media":0,"comment_status":"open","ping_status":"open","sticky":false,"template":"","format":"standard","meta":{"jetpack_post_was_ever_published":false,"_jetpack_newsletter_access":"","_jetpack_dont_email_post_to_subs":false,"_jetpack_newsletter_tier_id":0,"_jetpack_memberships_contains_paywalled_content":false,"_jetpack_memberships_contains_paid_content":false,"footnotes":"","jetpack_publicize_message":"","jetpack_publicize_feature_enabled":true,"jetpack_social_post_already_shared":false,"jetpack_social_options":{"image_generator_settings":{"template":"highway","default_image_id":0,"font":"","enabled":false},"version":2}},"categories":[37],"tags":[],"class_list":["post-2446","post","type-post","status-publish","format-standard","hentry","category-c42-comunistas"],"jetpack_publicize_connections":[],"jetpack_featured_media_url":"","jetpack_shortlink":"https:\/\/wp.me\/p659gw-Ds","jetpack-related-posts":[],"jetpack_likes_enabled":true,"jetpack_sharing_enabled":true,"_links":{"self":[{"href":"https:\/\/pcb.org.br\/portal2\/wp-json\/wp\/v2\/posts\/2446","targetHints":{"allow":["GET"]}}],"collection":[{"href":"https:\/\/pcb.org.br\/portal2\/wp-json\/wp\/v2\/posts"}],"about":[{"href":"https:\/\/pcb.org.br\/portal2\/wp-json\/wp\/v2\/types\/post"}],"author":[{"embeddable":true,"href":"https:\/\/pcb.org.br\/portal2\/wp-json\/wp\/v2\/users\/1"}],"replies":[{"embeddable":true,"href":"https:\/\/pcb.org.br\/portal2\/wp-json\/wp\/v2\/comments?post=2446"}],"version-history":[{"count":0,"href":"https:\/\/pcb.org.br\/portal2\/wp-json\/wp\/v2\/posts\/2446\/revisions"}],"wp:attachment":[{"href":"https:\/\/pcb.org.br\/portal2\/wp-json\/wp\/v2\/media?parent=2446"}],"wp:term":[{"taxonomy":"category","embeddable":true,"href":"https:\/\/pcb.org.br\/portal2\/wp-json\/wp\/v2\/categories?post=2446"},{"taxonomy":"post_tag","embeddable":true,"href":"https:\/\/pcb.org.br\/portal2\/wp-json\/wp\/v2\/tags?post=2446"}],"curies":[{"name":"wp","href":"https:\/\/api.w.org\/{rel}","templated":true}]}}