{"id":2447,"date":"2012-02-21T22:36:59","date_gmt":"2012-02-21T22:36:59","guid":{"rendered":"http:\/\/pcb.org.br\/portal2\/?p=2447"},"modified":"2012-02-21T22:36:59","modified_gmt":"2012-02-21T22:36:59","slug":"por-que-solidariedade-com-o-povo-colombiano","status":"publish","type":"post","link":"https:\/\/pcb.org.br\/portal2\/2447","title":{"rendered":"Por qu\u00ea Solidariedade com o povo colombiano?"},"content":{"rendered":"\n<p>Novamente se escuta falar sobre a Col\u00f4mbia, a imprensa brasileira de forma mais seguida registra noticias desse pa\u00eds, transparecendo que a situa\u00e7\u00e3o pol\u00edtica e social est\u00e1 cada vez melhor. J\u00e1 n\u00e3o falam do Plano Col\u00f4mbia, com a sa\u00edda de \u00c1lvaro Uribe V\u00e9lez da presid\u00eancia da rep\u00fablica.<\/p>\n<p>\u00c9 preciso dar passos \u00e0 constru\u00e7\u00e3o de participa\u00e7\u00e3o democr\u00e1tica mais ampla. O novo governo, de Juan Manuel Santos, parece mais tolerante aos diferentes setores pol\u00edticos do pa\u00eds e na supera\u00e7\u00e3o dos problemas colombianos. Dizem preconceituosamente que a viol\u00eancia na Col\u00f4mbia \u00e9 causada pelas \u201cm\u00e3os negras\u201d e sua rela\u00e7\u00e3o com o narcotr\u00e1fico[1]. As situa\u00e7\u00f5es de viol\u00eancia que existem s\u00e3o anunciadas como se fossem realizadas pelas guerrilhas, que supostamente s\u00e3o terroristas, tendo uma rela\u00e7\u00e3o direta com o tr\u00e1fico de drogas, e por uma \u201cextrema direita\u201d, que \u00e9 alheia ao governo. Aparentemente o governo est\u00e1 se esfor\u00e7ando por mudar esta situa\u00e7\u00e3o e criar os mecanismos necess\u00e1rios dentro da democracia para sua supera\u00e7\u00e3o.<\/p>\n<p>Mas em verdade \u00e9 isso o que est\u00e1 acontecendo? Tem melhorado a situa\u00e7\u00e3o da Col\u00f4mbia? As situa\u00e7\u00f5es de viol\u00eancia que vive a Col\u00f4mbia s\u00e3o causadas pelo narcotr\u00e1fico e as guerrilhas s\u00e3o supostamente relacionadas com este? Ent\u00e3o por que falar das necessidades de solidariedade entre os povos? Por que haveria necessidade de um espa\u00e7o social e pol\u00edtico no Brasil que d\u00ea visibilidade \u00e0 realidade colombiana e possa gerar solidariedade do povo brasileiro aos movimentos da sociedade civil e organiza\u00e7\u00f5es pol\u00edticas democr\u00e1ticas colombianas?<\/p>\n<p>O governo colombiano segue violando de forma sistem\u00e1tica e permanente os direitos humanos. Ap\u00f3s o exterm\u00ednio do partido pol\u00edtico de esquerda, Uni\u00e3o Patri\u00f3tica \u2013 UP, com mais de 5 mil mortes [2], atualmente, outro partido de esquerda, Polo Democr\u00e1tico Alternativo, tem sido amea\u00e7ado [3] e algumas de suas lideran\u00e7as assassinadas [4].<\/p>\n<p>No mundo, 60% dos sindicalistas assassinados s\u00e3o da Col\u00f4mbia. Foram assassinados mais de 2.778 e foram cometidos mais de 11 mil atos de viol\u00eancia [5]. Aumentou a repress\u00e3o ao movimento estudantil, principalmente nas universidades [6]. Nos \u00faltimos 11 anos foram desaparecidas mais de 34.467 pessoas e foram assassinadas mais de 173.183, segundo os dados tomados pela Fiscalia (Promotoria) Nacional de junho de 2005 at\u00e9 31 de dezembro de 2010[7].<\/p>\n<p>A viola\u00e7\u00e3o sexual tem aumentado dramaticamente. Pesquisa da CIDH registra-se que do ano de 2000 at\u00e9 2010, a cada hora 9 mulheres sofreram agress\u00e3o sexual. A maioria delas (84%) eram menores de 18 anos. Mais de 50% da popula\u00e7\u00e3o colombiana s\u00e3o mulheres (22,5 milh\u00f5es); desta, 54% vive na pobreza ou na indig\u00eancia. Nos \u00faltimos 10 anos as mulheres sofreram mais de 600 mil atos de viol\u00eancia, 4 mil assassinatos e 40 mil viola\u00e7\u00f5es sexuais segundo dados do pr\u00f3prio governo [8]. Mais de 81% das viola\u00e7\u00f5es s\u00e3o cometidas pelo ex\u00e9rcito e seus mercen\u00e1rios paramilitares com mecanismos de terror, ficando estes casos na impunidade.<\/p>\n<p>O n\u00famero de pessoas camponesas com status de refugiadas internas pela viol\u00eancia passa dos 5 milh\u00f5es sendo o pa\u00eds com mais refugiados internos no mundo, dos quais um 11% s\u00e3o afro-descendentes e ind\u00edgenas, e do total pelo menos 48% s\u00e3o lares com chefia feminina [9], como tamb\u00e9m mais de 56% das pessoas refugiadas s\u00e3o mulheres e crian\u00e7as, somando mais de 70% [10]. A distribui\u00e7\u00e3o da terra mostra, segundo dados do mesmo governo, que 78,3% dos propriet\u00e1rios de terra t\u00eam menos de 6% da \u00e1rea, enquanto 0,15% deles s\u00e3o donos de mais 55% das terras[11]. Mas o governo colombiano de Juan Manuel Santos e a direita colombiana falam de p\u00f3s-conflito como se toda a situa\u00e7\u00e3o de viola\u00e7\u00f5es estivesse superada [12]. N\u00e3o reconhecem o car\u00e1ter pol\u00edtico das guerrilhas para n\u00e3o precisar negociar a paz. Como supera\u00e7\u00e3o do conflito s\u00f3 oferece cadeia ou morte [13].<\/p>\n<p>A Col\u00f4mbia vive um conflito h\u00e1 mais de 50 anos que al\u00e9m de confronto armado \u00e9 um fen\u00f4meno social com implica\u00e7\u00f5es pol\u00edticas, econ\u00f4micas e sociais para o povo colombiano em especial os campesinos, ind\u00edgenas, afrodescendentes e mulheres. Conflito que foi gerado pela iniq\u00fcidade social, impunidade e falta de garantias para a participa\u00e7\u00e3o democr\u00e1tica. A esquerda colombiana entende que superando as injusti\u00e7as hist\u00f3ricas, poder\u00e1 haver paz no pa\u00eds e se construir uma verdadeira democracia. O governo colombiano tenta isolar os setores de esquerda, movimentos sociais e de direitos humanos e mostr\u00e1-los como express\u00f5es sem posturas pol\u00edticas claras, alinhadas \u00e0s organiza\u00e7\u00f5es guerrilheiras.<\/p>\n<p>Notas:<\/p>\n<p>[1] La extrema derecha quiere dar la sensaci\u00f3n de que el pa\u00eds es un caos: Santos. In: &lt;http:\/\/www.elespectador.com\/noticias\/judicial\/articulo-277391-extrema-derecha-quiere-dar-sensacion-de-pais-un-caos-santos &gt;, Acessado 16. Jan. 2012<\/p>\n<p>[2] CEPEDA, Iv\u00e1n. Genocidio Pol\u00edtico: el caso de la Uni\u00f3n Patri\u00f3tica en Colombia. In: &lt;http:\/\/www.desaparecidos.org\/colombia\/fmcepeda\/genocidio-up\/exterminio.html&gt;, Acessado: 13 Jan. 2012.<\/p>\n<p>[3] Polo Democr\u00e1tico Alternativo denuncia nuevas amenazas de muerte. In:&lt;http:\/\/www.elespectador.com\/noticias\/politica\/articulo-270496-polo-democratico-alternativo-denuncia-nuevas-amenazas-de-muerte &gt;, Acessado Jan. 15. 2012.<\/p>\n<p>[4] Van 28 candidatos asesinados para las elecciones. In: &lt;http:\/\/www.elespectador.com\/noticias\/politica\/articulo-292152-van-27-candidatos-asesinados-elecciones &gt;, Acessado 15. Jan. 2012<\/p>\n<p>[5] En Colombia son asesinados el 60% de los sindicalistas asesinados en el mundo, por una violencia sistem\u00e1tica del Estado colombiano. In: &lt; http:\/\/www.rebelion.org\/noticia.php?id=120921&gt;, Acessado 16. Jan. 2012.<\/p>\n<p>[6] Movimiento estudiantil colombiano denuncia que joven muerto en protestas fue asesinado. In: &lt; http:\/\/www.aporrea.org\/educacion\/n190687.html\u00a0 &gt;, Acessado 17. Jan. 2012.<\/p>\n<p>[7] No informe da Fiscalia General de la Republica de janeiro de 2011. In: &lt; http:\/\/www.fiscalia.gov.co\/justiciapaz\/Index.htm &gt;, Acessado: 16 Jan. 2012. Cifras do Instituto de Medicina Legal da Col\u00f4mbia s\u00e3o maiores\u201438.255 desaparecidos. In: &lt;http:\/\/www.dailymotion.com\/video\/xd9scp_mas-de-38-mil-personas-desaparecida_news\u00a0 &gt;, Acessado 16 Jan. 2012.<\/p>\n<p>[8] Mujeres colombianas, avasalladas por la guerra. In: &lt; http:\/\/www.rebelion.org\/noticia.php?id=142509&amp;titular=mujeres-colombianas-avasalladas-por-la-guerra-&gt;, Acessado 18. Jan. 2012.<\/p>\n<p>[9] SALINAS,\u00a0 Yamile A. Din\u00e1micas en el mercado de la tierra en Colombia. Bogot\u00e1, Col\u00f4mbia: Documento elaborado -Oficina Regional de la FAO para Am\u00e9rica Latina y el Caribe Home. 2011, p. 8.<\/p>\n<p>[10] Consultoria para los Derechos Humanos y El Desplazamiento. Consolidar que?. Bogot\u00e1: CODHES, N\u00fa. 77, 2011.<\/p>\n<p>[11] Como o mostra em seu livro Yamile Salinas ao tomar os dados do Instituto Agust\u00edn Codazz\u00ed. SALINAS, 2011, p. 16.<\/p>\n<p>[12] Justicia Transicional en Colombia. In: &lt;\u00a0\u00a0&gt;, Acessado 18. Jan. 2012.<\/p>\n<p>[13] &#8220;La c\u00e1rcel o la tumba a los guerrilleros que no se desmovilicen&#8221;: Presidente Santos. In: &lt; http:\/\/www.elpais.com.co\/elpais\/judicial\/noticias\/carcel-o-tumba-guerrilleros-desmovilicen-presidente-santos &gt;, Acessado: 18. Jan. 2012.<\/p>\n<p>O que \u00e9 Agenda Col\u00f4mbia-Brasil?<\/p>\n<p>A Agenda Colombia-Brasil \u00e9 um espa\u00e7o social e pol\u00edtico que busca dar visibilidade \u00e0 realidade colombiana e gerar solidariedade pol\u00edtica do povo brasileiro aos movimentos sociais, populares e organiza\u00e7\u00f5es pol\u00edticas democr\u00e1ticas colombianas.<\/p>\n<p>Como organiza\u00e7\u00e3o, n\u00e3o \u00e9 partid\u00e1ria; \u00e9 aut\u00f4noma, horizontal, prima pela equidade de g\u00eanero, pela dire\u00e7\u00e3o coletiva e a forma\u00e7\u00e3o permanente.<\/p>\n<p>Acredita e trabalha na constru\u00e7\u00e3o da solidariedade entre os povos, principalmente dos povos da Am\u00e9rica Latina. Luta contra o imperialismo, a militariza\u00e7\u00e3o e a viola\u00e7\u00e3o aos direitos humanos e a favor da livre determina\u00e7\u00e3o dos povos, pela paz no mundo, justi\u00e7a social e pela supera\u00e7\u00e3o da impunidade, pelo resgate e preserva\u00e7\u00e3o da mem\u00f3ria. Luta pela supera\u00e7\u00e3o do povo colombiano de sua grave situa\u00e7\u00e3o econ\u00f4mica, social e pol\u00edtica que o conflito armado no pa\u00eds.<\/p>\n<p>Seu objetivo \u00e9 criar solidariedade entre as organiza\u00e7\u00f5es sociais e pol\u00edticas do povo brasileiro ao povo colombiano, para que apoiem as lutas das colombianas e dos colombianos. Trabalhar para que exista reconhecimento de seus direitos humanos, supera\u00e7\u00e3o da impunidade e solu\u00e7\u00e3o pol\u00edtica ao conflito armado, com uma paz real e duradoura, na constru\u00e7\u00e3o de justi\u00e7a social. Uma Col\u00f4mbia onde caibam tod@s!!<\/p>\n<p>A Agenda Col\u00f4mbia Brasil busca desenvolver cinco eixos:<\/p>\n<p>* Visualiza\u00e7\u00e3o da Situa\u00e7\u00e3o Colombiana: Informar e dar visibilidade a situa\u00e7\u00e3o social, pol\u00edtica e econ\u00f4mica colombiana.<\/p>\n<p>* Mem\u00f3ria hist\u00f3rica: Recuperar e preservar a mem\u00f3ria hist\u00f3rica das lutas sociais e pol\u00edticas do povo colombiano.<\/p>\n<p>* Direitos Humanos: Denunciar as viola\u00e7\u00f5es de direitos humanos e criar redes solid\u00e1rias, com a comunidade internacional.<\/p>\n<p>* Paz duradoura: Gerar a\u00e7\u00f5es que contribuam para uma sa\u00edda pol\u00edtica ao conflito armado.<\/p>\n<p>* Interc\u00e2mbio de experi\u00eancias e conv\u00eanios: Realizar interc\u00e2mbios com organiza\u00e7\u00f5es e entidades colombianas.<\/p>\n","protected":false},"excerpt":{"rendered":"\n\n\nCr\u00e9dito: PCB\n\n\n\n\n\n\n\n\n<a class=\"moretag\" href=\"https:\/\/pcb.org.br\/portal2\/2447\"> <\/a>","protected":false},"author":1,"featured_media":0,"comment_status":"open","ping_status":"open","sticky":false,"template":"","format":"standard","meta":{"jetpack_post_was_ever_published":false,"_jetpack_newsletter_access":"","_jetpack_dont_email_post_to_subs":false,"_jetpack_newsletter_tier_id":0,"_jetpack_memberships_contains_paywalled_content":false,"_jetpack_memberships_contains_paid_content":false,"footnotes":"","jetpack_publicize_message":"","jetpack_publicize_feature_enabled":true,"jetpack_social_post_already_shared":false,"jetpack_social_options":{"image_generator_settings":{"template":"highway","default_image_id":0,"font":"","enabled":false},"version":2}},"categories":[34],"tags":[],"class_list":["post-2447","post","type-post","status-publish","format-standard","hentry","category-c39-colombia"],"jetpack_publicize_connections":[],"jetpack_featured_media_url":"","jetpack_shortlink":"https:\/\/wp.me\/p659gw-Dt","jetpack-related-posts":[],"jetpack_likes_enabled":true,"jetpack_sharing_enabled":true,"_links":{"self":[{"href":"https:\/\/pcb.org.br\/portal2\/wp-json\/wp\/v2\/posts\/2447","targetHints":{"allow":["GET"]}}],"collection":[{"href":"https:\/\/pcb.org.br\/portal2\/wp-json\/wp\/v2\/posts"}],"about":[{"href":"https:\/\/pcb.org.br\/portal2\/wp-json\/wp\/v2\/types\/post"}],"author":[{"embeddable":true,"href":"https:\/\/pcb.org.br\/portal2\/wp-json\/wp\/v2\/users\/1"}],"replies":[{"embeddable":true,"href":"https:\/\/pcb.org.br\/portal2\/wp-json\/wp\/v2\/comments?post=2447"}],"version-history":[{"count":0,"href":"https:\/\/pcb.org.br\/portal2\/wp-json\/wp\/v2\/posts\/2447\/revisions"}],"wp:attachment":[{"href":"https:\/\/pcb.org.br\/portal2\/wp-json\/wp\/v2\/media?parent=2447"}],"wp:term":[{"taxonomy":"category","embeddable":true,"href":"https:\/\/pcb.org.br\/portal2\/wp-json\/wp\/v2\/categories?post=2447"},{"taxonomy":"post_tag","embeddable":true,"href":"https:\/\/pcb.org.br\/portal2\/wp-json\/wp\/v2\/tags?post=2447"}],"curies":[{"name":"wp","href":"https:\/\/api.w.org\/{rel}","templated":true}]}}