{"id":2449,"date":"2012-02-23T01:48:08","date_gmt":"2012-02-23T01:48:08","guid":{"rendered":"http:\/\/pcb.org.br\/portal2\/?p=2449"},"modified":"2012-02-23T01:48:08","modified_gmt":"2012-02-23T01:48:08","slug":"sobre-os-desenvolvimentos-no-medio-oriente-e-os-perigos-de-novas-guerras-imperialistas","status":"publish","type":"post","link":"https:\/\/pcb.org.br\/portal2\/2449","title":{"rendered":"Sobre os desenvolvimentos no M\u00e9dio Oriente e os perigos de novas guerras imperialistas"},"content":{"rendered":"\n<p>Face aos recentes desenvolvimentos na regi\u00e3o do M\u00e9dio Oriente, o PCP alerta para os perigos que a intensifica\u00e7\u00e3o das manobras de inger\u00eancia externa e chantagem imperialistas contra pa\u00edses soberanos como a S\u00edria e o Ir\u00e3o comportam para a paz e seguran\u00e7a regionais e internacionais.<\/p>\n<p>O PCP repudia frontalmente a estrat\u00e9gia que as principais pot\u00eancias da NATO &#8211; em coordena\u00e7\u00e3o com a Turquia e com as monarquias e regimes ditatoriais do Conselho de Coopera\u00e7\u00e3o do Golfo &#8211; desenvolvem no Ir\u00e3o e na S\u00edria visando a sua desestabiliza\u00e7\u00e3o interna, a instiga\u00e7\u00e3o de conflitos sect\u00e1rios e a prepara\u00e7\u00e3o de novas agress\u00f5es imperialistas contra povos e estados soberanos.<\/p>\n<p>Alertando para as terr\u00edveis consequ\u00eancias que novas aventuras militares imperialistas teriam na j\u00e1 extremamente tensa situa\u00e7\u00e3o na regi\u00e3o do M\u00e9dio Oriente e \u00c1sia Central, o PCP denuncia e deplora a gigantesca campanha internacional de mistifica\u00e7\u00e3o e mentira que tenta esconder as reais raz\u00f5es da viol\u00eancia registada na S\u00edria h\u00e1 v\u00e1rios meses e tenta apresentar descaradas manobras de inger\u00eancia externa, de infiltra\u00e7\u00e3o de for\u00e7as especiais e servi\u00e7os secretos, de financiamento, treino e armamento de mercen\u00e1rios armados e grupos terroristas, como se de uma genu\u00edna luta popular pela democracia se tratasse.<\/p>\n<p>Tal campanha \u00e9 todos os dias desmentida. Em primeiro lugar pelos pr\u00f3prios acontecimentos \u2013 como por exemplo a sucess\u00e3o de atentados terroristas contra infra-estruturas e edif\u00edcios p\u00fablicos, os milhares de civis v\u00edtimas da ac\u00e7\u00e3o armada da \u201coposi\u00e7\u00e3o\u201d ou os milhares de soldados s\u00edrios mortos em combate; pelas pr\u00f3prias<\/p>\n<p>declara\u00e7\u00f5es dos principais rostos do chamado \u201cConselho nacional de transi\u00e7\u00e3o\u201d \u2013 solicitando mais financiamento e armamento estrangeiro ou amea\u00e7ando de morte o Chefe de Estado s\u00edrio; pelas sucessivas den\u00fancias das autoridades s\u00edrias \u2013 completamente silenciadas pela comunica\u00e7\u00e3o social dominante; por relatos de jornalistas e investigadores independentes e inclusive pelo relat\u00f3rio da miss\u00e3o de observadores da Liga \u00c1rabe \u2013 intencionalmente ocultado da opini\u00e3o p\u00fablica &#8211; cujo Presidente acabou por pedir a demiss\u00e3o no mesmo dia em que esta organiza\u00e7\u00e3o regional resolveu p\u00f4r fim \u00e0 sua miss\u00e3o de observadores.<\/p>\n<p>O que a realidade no terreno demonstra \u2013 seja pelas sucessivas mentiras j\u00e1 utilizadas para levar a cabo agress\u00f5es imperialistas como na L\u00edbia, seja pela sua posi\u00e7\u00e3o relativamente a situa\u00e7\u00f5es como a do Bahrein, do I\u00e9men ou da Palestina \u2013 \u00e9 que as pot\u00eancias da NATO e os seus apoiantes nesta nova deriva belicista n\u00e3o t\u00eam qualquer autoridade para exigir mais democracia e justi\u00e7a. Pelo contr\u00e1rio os governantes e as classes dominantes destes pa\u00edses, s\u00e3o os principais respons\u00e1veis pelos mais criminosos ataques aos direitos dos trabalhadores e dos povos. O que a realidade mostra ao mundo \u00e9 o rasto de morte e destrui\u00e7\u00e3o deixado pela ac\u00e7\u00e3o da NATO e dos seus apoiantes durante e depois das guerras de agress\u00e3o, como se v\u00ea no Iraque, no Afeganist\u00e3o e na L\u00edbia.<\/p>\n<p>As pot\u00eancias imperialistas envolvidas na escalada contra a S\u00edria e o Ir\u00e3o t\u00eam um \u00fanico objectivo: proceder a uma altera\u00e7\u00e3o da correla\u00e7\u00e3o de for\u00e7as na regi\u00e3o que assegure o controlo dos seus abundantes recursos naturais e energ\u00e9ticos e das principais rotas de com\u00e9rcio de petr\u00f3leo. Ou seja, exactamente as mesmas raz\u00f5es que presidiram \u00e0s guerras do Iraque, do Afeganist\u00e3o e da L\u00edbia, entre outras.<\/p>\n<p>Independentemente de leg\u00edtimas preocupa\u00e7\u00f5es e cr\u00edticas relativas \u00e0 situa\u00e7\u00e3o interna em diversos pa\u00edses da regi\u00e3o o PCP reafirma a sua solidariedade de sempre para com os trabalhadores e os povos que em v\u00e1rios pa\u00edses do M\u00e9dio Oriente prosseguem a luta pelos seus direitos sociais, democr\u00e1ticos e nacionais e pela defesa da soberania e integridade territorial dos seus pa\u00edses.<\/p>\n<p>Denunciando as tentativas em curso com vista a envolver a Organiza\u00e7\u00e3o das Na\u00e7\u00f5es Unidas nos planos de guerra do imperialismo, tentativas que a serem concretizadas empurrariam esta organiza\u00e7\u00e3o para uma posi\u00e7\u00e3o contr\u00e1ria \u00e0 sua pr\u00f3pria carta fundadora, de crescente e provavelmente irrepar\u00e1vel descr\u00e9dito internacional, o PCP deplora fortemente a actua\u00e7\u00e3o servil, perigosa e seguidista do Governo portugu\u00eas, nomeadamente por via da actua\u00e7\u00e3o do Ministro dos Neg\u00f3cios Estrangeiros, Paulo Portas, profundamente contr\u00e1ria aos valores da paz, aos interesses nacionais e aos princ\u00edpios da Constitui\u00e7\u00e3o da Rep\u00fablica Portuguesa.<\/p>\n<p>Numa altura em que a evolu\u00e7\u00e3o da situa\u00e7\u00e3o internacional, marcada pelo r\u00e1pido aprofundamento da crise do capitalismo nas suas diversas vertentes, aponta para reais e grandes perigos de novos crimes imperialistas contra os povos do M\u00e9dio Oriente e para a seguran\u00e7a internacional, o PCP apela aos trabalhadores e ao povo portugu\u00eas, \u00e0s organiza\u00e7\u00f5es do movimento da paz e progressistas que, pelo esclarecimento, interven\u00e7\u00e3o e luta, afirmem os valores da paz e da solidariedade internacionalista, contra a guerra imperialista, e por uma pol\u00edtica externa respeitadora da Constitui\u00e7\u00e3o da Rep\u00fablica.<\/p>\n","protected":false},"excerpt":{"rendered":"\n\n\nCr\u00e9dito: PCP\n\n\n\n\n\n\n\n\nSecretariado do Comit\u00e9 Central do PCP\n<a class=\"moretag\" href=\"https:\/\/pcb.org.br\/portal2\/2449\"> <\/a>","protected":false},"author":1,"featured_media":0,"comment_status":"open","ping_status":"open","sticky":false,"template":"","format":"standard","meta":{"jetpack_post_was_ever_published":false,"_jetpack_newsletter_access":"","_jetpack_dont_email_post_to_subs":false,"_jetpack_newsletter_tier_id":0,"_jetpack_memberships_contains_paywalled_content":false,"_jetpack_memberships_contains_paid_content":false,"footnotes":"","jetpack_publicize_message":"","jetpack_publicize_feature_enabled":true,"jetpack_social_post_already_shared":false,"jetpack_social_options":{"image_generator_settings":{"template":"highway","default_image_id":0,"font":"","enabled":false},"version":2}},"categories":[98],"tags":[],"class_list":["post-2449","post","type-post","status-publish","format-standard","hentry","category-c111-portugal"],"jetpack_publicize_connections":[],"jetpack_featured_media_url":"","jetpack_shortlink":"https:\/\/wp.me\/p659gw-Dv","jetpack-related-posts":[],"jetpack_likes_enabled":true,"jetpack_sharing_enabled":true,"_links":{"self":[{"href":"https:\/\/pcb.org.br\/portal2\/wp-json\/wp\/v2\/posts\/2449","targetHints":{"allow":["GET"]}}],"collection":[{"href":"https:\/\/pcb.org.br\/portal2\/wp-json\/wp\/v2\/posts"}],"about":[{"href":"https:\/\/pcb.org.br\/portal2\/wp-json\/wp\/v2\/types\/post"}],"author":[{"embeddable":true,"href":"https:\/\/pcb.org.br\/portal2\/wp-json\/wp\/v2\/users\/1"}],"replies":[{"embeddable":true,"href":"https:\/\/pcb.org.br\/portal2\/wp-json\/wp\/v2\/comments?post=2449"}],"version-history":[{"count":0,"href":"https:\/\/pcb.org.br\/portal2\/wp-json\/wp\/v2\/posts\/2449\/revisions"}],"wp:attachment":[{"href":"https:\/\/pcb.org.br\/portal2\/wp-json\/wp\/v2\/media?parent=2449"}],"wp:term":[{"taxonomy":"category","embeddable":true,"href":"https:\/\/pcb.org.br\/portal2\/wp-json\/wp\/v2\/categories?post=2449"},{"taxonomy":"post_tag","embeddable":true,"href":"https:\/\/pcb.org.br\/portal2\/wp-json\/wp\/v2\/tags?post=2449"}],"curies":[{"name":"wp","href":"https:\/\/api.w.org\/{rel}","templated":true}]}}