{"id":2450,"date":"2012-02-23T01:56:15","date_gmt":"2012-02-23T01:56:15","guid":{"rendered":"http:\/\/pcb.org.br\/portal2\/?p=2450"},"modified":"2012-02-23T01:56:15","modified_gmt":"2012-02-23T01:56:15","slug":"cantores-venezuelanos-se-pronunciam-pela-liberdade-de-julian-conrado","status":"publish","type":"post","link":"https:\/\/pcb.org.br\/portal2\/2450","title":{"rendered":"Cantores venezuelanos se pronunciam pela liberdade de Juli\u00e1n Conrado"},"content":{"rendered":"\n<p>Segunda-feira, 20 de fevereiro de 2012 19:31<\/p>\n<p><a href=\"http:\/\/kaosenlared.net\/media\/k2\/items\/cache\/e3bcd63d23b2c24cf8687d77a7a4c787_XL.jpg\" target=\"_blank\" title=\"Click para vista previa\" rel=\"nofollow\"><\/a><\/p>\n<p><strong><em>\u00abParte dessa heran\u00e7a \u00e9 Juli\u00e1n Conrado\u00bb, nos disse Sol Musset. Lilia Vera: \u00ab&#8230;Acreditamos no asilo, sobretudo porque o que ocorreu com Juli\u00e1m Conrado \u00e9 uma viola\u00e7\u00e3o de seus direitos humanos. N\u00f3s cantores abra\u00e7amos a luta deste companheiro&#8230;\u00bb<\/em><\/strong><\/p>\n<p><strong>Cantores venezuelanos se pronunciam pela liberdade de Juli\u00e1n Conrado<\/strong><\/p>\n<p style=\"text-align: right;\">&#8220;&#8230; a vida \u00e9 muito perigosa. N\u00e3o pelas pessoas que fazem o mal, mas pelas que se sentam e assistem ao que acontece&#8230;&#8221;<\/p>\n<p style=\"text-align: right;\">Albert Einstein<\/p>\n<p style=\"text-align: right;\">\u201cSe n\u00e3o nos deixam sonhar, n\u00e3o os deixaremos dormir\u201d<\/p>\n<p style=\"text-align: right;\">Dos Indignados em Barcelona.<\/p>\n<p style=\"text-align: right;\">Recopilado por Eduardo Galeano<\/p>\n<p>Pela Coordenadoria \u201cQUE NO CALLE EL CANTOR\u201d \/ FUNDALATIN<\/p>\n<p>De maneira decidida, cantores venezuelanos se pronunciam pela liberdade de Juli\u00e1n Conrado, como digno representante do canto comprometido e continuador da obra de Al\u00ed Primera.\u00a0\u00abParte dessa heran\u00e7a \u00e9 Juli\u00e1n Conrado\u00bb, nos disse Sol Musset. Lilia Vera: \u00ab&#8230;Acreditamos no asilo, sobretudo porque o que ocorreu com Juli\u00e1n Conrado \u00e9 uma viola\u00e7\u00e3o de seus direitos humanos. N\u00f3s cantores abra\u00e7amos a luta deste companheiro&#8230;\u00bb O arag\u00fce\u00f1o Agua Sal\u00e1 expressa sem nenhuma d\u00favida:\u00a0\u00abComo cantor pe\u00e7o&#8230; que se d\u00ea a liberdade a esse companheiro que pe a voz de muitos seres humanos\u00bb. Al\u00ed Manaure:\u00abN\u00f3s amamos a paz, por\u00e9m, como defende o pr\u00f3prio Juli\u00e1n, n\u00e3o existir\u00e1 paz se n\u00e3o houver justi\u00e7a e nem amor&#8230;\u00bb Sandino Primera: \u00abJuli\u00e1n representa a esperan\u00e7a&#8230;\u00bb Estas foram parte das declara\u00e7\u00f5es ditas por algumas das figuras do canto comprometido que se solidarizaram publicamente com a liberdade do cantor e compositor preso e em perigo de ser extraditado \u00e0 Col\u00f4mbia, somando suas vozes aos clamores do mundo todo que pedem a liberdade do artista e impedem o desenvolver das\u00a0funestas inten\u00e7\u00f5es que justificam a entrega por \u00abconveni\u00eancia pol\u00edtica\u00bb<\/p>\n<p>As opini\u00f5es emitidas neste v\u00eddeo refletem claramente o grande significado pol\u00edtico e \u00e9tico embutido no caso para os setores revolucion\u00e1rios que apoiam a revolu\u00e7\u00e3o bolivariana e o Presidente Ch\u00e1vez, na Venezuela e no mundo. Tal como prop\u00f5e uma voz solid\u00e1ria an\u00f4nima num e-mail, os que sustentam a tese da entrega,\u00a0\u00abestariam condenados a mais arrasadora condena\u00e7\u00e3o hist\u00f3rica\u00bb Ainda a respeito do assunto, uma frase d\u2019O Libertador,\u00a0recopilada pelo cantor Al\u00ed Manaure, que nos ajuda a refletir sobre a solidariedade com o companheiro preso: \u201cFeliz \u00e9 aquele que correndo por entre os escombros da guerra, da pol\u00edtica e das desgra\u00e7as p\u00fablicas, preserva sua honra intacta e se apresenta inocente ao exigir de seus pr\u00f3prios companheiros de infort\u00fanio uma reta decis\u00e3o sobre sua inculpabilidade&#8221;.<\/p>\n<p>V\u00eddeos:<\/p>\n<p><a href=\"http:\/\/www.youtube.com\/watch?v=AXStxl_TeIg&amp;;feature=youtu.be&amp;noredirect=1\" target=\"_blank\">Los cantores apoyan a Juli\u00e1n Conrado-YouTube.mov<\/a><\/p>\n<p><a href=\"http:\/\/www.youtube.com\/watch?v=AXStxl_TeIg\" target=\"_blank\">http:\/\/www.youtube.com\/watch?v=AXStxl_TeIg<\/a><\/p>\n<p><a href=\"http:\/\/www.youtube.com\/watch?v=iZDArwRbZXg%20%20\" target=\"_blank\">Juli\u00e1n Conrado, Para Hugo Ch\u00e1vez \u201cSIN TANTO PERENDENGUE\u2026\u201d<\/a><\/p>\n<p><a href=\"http:\/\/www.youtube.com\/watch?v=iZDArwRbZXg\" target=\"_blank\">http:\/\/www.youtube.com\/watch?v=iZDArwRbZXg<\/a><\/p>\n<p>Outros materiais para o \u201ccombate\u201d e a reflex\u00e3o:<\/p>\n<p><a href=\"http:\/\/www.kaosenlared.net\/component\/k2\/item\/8500-el-%E2%80%98caso%E2%80%99-p%C3%A9rez-becerra-\/-juli%C3%A1n-conrado%E2%80%9D-correspondencia-indignada-ante-la-entrega-y-el-silencio-en-venezuela.html\" target=\"_blank\">&#8220;El \u2018caso\u2019 P\u00e9rez Becerra \/ Juli\u00e1n Conrado\u201d Correspondencia indignada ante la entrega y el silencio en Venezuela.<\/a><\/p>\n<p><a href=\"http:\/\/www.kaosenlared.net\/component\/k2\/item\/8500-el-%E2%80%98caso%E2%80%99-p%C3%A9rez-becerra-\/-juli%C3%A1n-conrado%E2%80%9D-correspondencia-indignada-ante-la-entrega-y-el-silencio-en-venezuela.html\" target=\"_blank\">http:\/\/www.kaosenlared.net\/component\/k2\/item\/8500-el-%E2%80%98caso%E2%80%99-p%C3%A9rez-becerra-\/-juli%C3%A1n-conrado%E2%80%9D-correspondencia-indignada-ante-la-entrega-y-el-silencio-en-venezuela.html<\/a><\/p>\n<p><a href=\"http:\/\/www.kaosenlared.net\/america-latina\/item\/8035-a-9-meses-de-cautiverio-ilegal-en-venezuela-entrevista-fundamental-para-comprender-la-realidad-del-cantor-juli%C3%A1n-conrado-su-historia-y-situaci%C3%B3n-actual-el-dih-ampara-su-asilo.html\" target=\"_blank\">A 9 meses de cautiverio ilegal en Venezuela: Entrevista fundamental para comprender la realidad del cantor Juli\u00e1n Conrado, su historia y situaci\u00f3n actual. El DIH ampara su Asilo<\/a> (Inclui v\u00eddeo\/ transcri\u00e7\u00e3o)<\/p>\n<p><a href=\"http:\/\/www.kaosenlared.net\/america-latina\/item\/8035-a-9-meses-de-cautiverio-ilegal-en-venezuela-entrevista-fundamental-para-comprender-la-realidad-del-cantor-juli%C3%A1n-conrado-su-historia-y-situaci%C3%B3n-actual-el-dih-ampara-su-asilo.html\" target=\"_blank\">http:\/\/www.kaosenlared.net\/america-latina\/item\/8035-a-9-meses-de-cautiverio-ilegal-en-venezuela-entrevista-fundamental-para-comprender-la-realidad-del-cantor-juli%C3%A1n-conrado-su-historia-y-situaci%C3%B3n-actual-el-dih-ampara-su-asilo.html<\/a><\/p>\n<p><strong>Pela derrota do Plano Col\u00f4mbia nas terras de Bol\u00edvar!<\/strong><\/p>\n<p><strong>Pelo fechamento da porta ao Plano Col\u00f4mbia nas p\u00e1trias libert\u00e1rias!<\/strong><\/p>\n<p><strong>Liberdade e Asilo J\u00c1 para Juli\u00e1n Conrado, o Al\u00ed Primera colombiano!<\/strong><\/p>\n<p><strong>Amando, venceremos!<\/strong><\/p>\n<p>&#8220;Al\u00ed Costas Manaure&#8221;\u00a0<a href=\"http:\/\/mc\/compose?to=alicostas.manaure@gmail.com\" target=\"_blank\">alicostas.manaure@gmail.com<\/a><\/p>\n<p>&#8220;Arturo Ramos&#8221;\u00a0<a href=\"http:\/\/mc\/compose?to=arturoramos1970@gmail.com\" target=\"_blank\">arturoramos1970@gmail.com<\/a><\/p>\n<p>&#8220;Tamanaco De la Torre&#8221;\u00a0<a href=\"http:\/\/mc\/compose?to=tdelatorre2021@gmail.com\" target=\"_blank\">tdelatorre2021@gmail.com<\/a><\/p>\n<p>Tradu\u00e7\u00e3o: Maria Fernanda M. Scelza (PCB)<\/p>\n","protected":false},"excerpt":{"rendered":"\n\n\nCr\u00e9dito: Kaosenlared\n\n\n\n\n\n\n\n\nPela Coordenadoria &#8220;QUE NO CALLE EL CANTOR&#8221; \/ FUNDALATIN\n<a class=\"moretag\" href=\"https:\/\/pcb.org.br\/portal2\/2450\"> <\/a>","protected":false},"author":1,"featured_media":0,"comment_status":"open","ping_status":"open","sticky":false,"template":"","format":"standard","meta":{"jetpack_post_was_ever_published":false,"_jetpack_newsletter_access":"","_jetpack_dont_email_post_to_subs":false,"_jetpack_newsletter_tier_id":0,"_jetpack_memberships_contains_paywalled_content":false,"_jetpack_memberships_contains_paid_content":false,"footnotes":"","jetpack_publicize_message":"","jetpack_publicize_feature_enabled":true,"jetpack_social_post_already_shared":false,"jetpack_social_options":{"image_generator_settings":{"template":"highway","default_image_id":0,"font":"","enabled":false},"version":2}},"categories":[34],"tags":[],"class_list":["post-2450","post","type-post","status-publish","format-standard","hentry","category-c39-colombia"],"jetpack_publicize_connections":[],"jetpack_featured_media_url":"","jetpack_shortlink":"https:\/\/wp.me\/p659gw-Dw","jetpack-related-posts":[],"jetpack_likes_enabled":true,"jetpack_sharing_enabled":true,"_links":{"self":[{"href":"https:\/\/pcb.org.br\/portal2\/wp-json\/wp\/v2\/posts\/2450","targetHints":{"allow":["GET"]}}],"collection":[{"href":"https:\/\/pcb.org.br\/portal2\/wp-json\/wp\/v2\/posts"}],"about":[{"href":"https:\/\/pcb.org.br\/portal2\/wp-json\/wp\/v2\/types\/post"}],"author":[{"embeddable":true,"href":"https:\/\/pcb.org.br\/portal2\/wp-json\/wp\/v2\/users\/1"}],"replies":[{"embeddable":true,"href":"https:\/\/pcb.org.br\/portal2\/wp-json\/wp\/v2\/comments?post=2450"}],"version-history":[{"count":0,"href":"https:\/\/pcb.org.br\/portal2\/wp-json\/wp\/v2\/posts\/2450\/revisions"}],"wp:attachment":[{"href":"https:\/\/pcb.org.br\/portal2\/wp-json\/wp\/v2\/media?parent=2450"}],"wp:term":[{"taxonomy":"category","embeddable":true,"href":"https:\/\/pcb.org.br\/portal2\/wp-json\/wp\/v2\/categories?post=2450"},{"taxonomy":"post_tag","embeddable":true,"href":"https:\/\/pcb.org.br\/portal2\/wp-json\/wp\/v2\/tags?post=2450"}],"curies":[{"name":"wp","href":"https:\/\/api.w.org\/{rel}","templated":true}]}}