{"id":24500,"date":"2019-12-13T22:59:41","date_gmt":"2019-12-14T01:59:41","guid":{"rendered":"https:\/\/pcb.org.br\/portal2\/?p=24500"},"modified":"2019-12-16T23:59:20","modified_gmt":"2019-12-17T02:59:20","slug":"nota-de-desagravo-ao-vereador-leonel-brizola","status":"publish","type":"post","link":"https:\/\/pcb.org.br\/portal2\/24500","title":{"rendered":"Nota de desagravo ao Vereador Leonel Brizola"},"content":{"rendered":"<p><img decoding=\"async\" class=\"imagem\" title=\"imagem\" src=\"https:\/\/i0.wp.com\/lh3.googleusercontent.com\/4AHUiV2hM5rohfuKNiLt8tt6sJJPUKkmh-CMK-paHDehsX9INIQAuOUmBZyvm4XBrQLneGywQCDsPgkxiO9i6du3CeL2cQzoz75BAAnjDlOK-4ft71WfUlMMZp-h9jLT8JhSy7I4m1XEKpVVrLxWc16UZm0VdUdJazoLt7ZKon2uKBOzkKETQhMbDeTrtcs2xCdvDUcbd3LFJqJUDU1VsS-OA3qmqVQ6qCFQlnWySc618kqjhgAte7tL3ZJlWWbTDNRXqZdMCzN-8QyP5BSPdHelQLMFEjYzTjA1iUfHlRFZHJQNxdlzm0SLgVHqS-d-PHL6J0Q_au1LbmeK4-H7kGFsTLr1PYaySkboy5hbMf0SK0OH-xdX73XAYMhMfRBE1SoHbsPKn4z3Na-JYOcZr1hSJjeoQ2Rs85EXFIn1hvmX6pwNLh1qbTtR-V71-lFXtiQEMTdYBz-PiFfh4_NBWfqkEaGQhRFbgUe7hXq8P4y9pg_tM3n4L7H-8P9pcT8BSi4YqIcsn0myN1eWQaUMiREQI35nj-j3mdoLBIOD59VKxxvlgZSFCF3F4d6OPJJTXT7HKdNbvFrJer7XldOIAj5kAuOf0j-KRxtkmhJCUV3C2RHroZNkDp9O_-9nki3Yksv6QYTkToOnXOsBcqyGnLZceqqH78LSQTaxVqY4hlLOtiBS0KsduA8=w763-h352-no\" alt=\"imagem\" \/><!--more-->O vereador do PSOL do Rio de Janeiro, Leonel Brizola, tamb\u00e9m conhecido como Brizola Neto, na inten\u00e7\u00e3o de prestar sua mais irrestrita solidariedade internacional, apresentou uma mo\u00e7\u00e3o de apoio aos esfor\u00e7os de paz da Rep\u00fablica Popular Democr\u00e1tica da Coreia, a Coreia do Norte. Contudo, o vereador carioca foi severamente atacado pela m\u00eddia burguesa, incontest\u00e1vel aliada dos interesses imperialistas e produtora de diversas not\u00edcias falsas acerca do regime norte-coreano.<\/p>\n<p>O Partido Comunista Brasileiro (PCB) repudia esses ataques e se solidariza com o vereador do PSOL pela sua postura, sempre coerente na defesa da autodetermina\u00e7\u00e3o dos povos em todo o mundo, incans\u00e1vel defensor de Cuba socialista, do povo palestino e de povos em luta contra o imperialismo e pela soberania nacional.<\/p>\n<p>Os ataques desferidos contra Brizola Neto pela m\u00eddia burguesa n\u00e3o nos surpreendem. Lamentamos, por\u00e9m, que alguns setores da esquerda tamb\u00e9m tenham se levantado contra a mo\u00e7\u00e3o do vereador, um dos poucos do campo democr\u00e1tico a praticar de fato o internacionalismo e a solidariedade para com os povos que sistematicamente sofrem com as interven\u00e7\u00f5es dos governos imperialistas que, sob a hegemonia dos EUA, usam de todo e qualquer artif\u00edcio para fazer valer os interesses das corpora\u00e7\u00f5es capitalistas, com vistas ao dom\u00ednio absoluto das riquezas naturais e \u00e0 explora\u00e7\u00e3o da classe trabalhadora em todo o mundo, a exemplo do que vemos acontecer atualmente em v\u00e1rios pa\u00edses da Am\u00e9rica Latina, do Oriente M\u00e9dio e da \u00c1frica.<\/p>\n<p>N\u00f3s, comunistas, reconhecemos o car\u00e1ter heroico da luta de d\u00e9cadas do povo da Coreia do Norte em defesa de seu territ\u00f3rio, de sua cultura e dignidade contra as infames investidas do imperialismo norte-americano; luta que se confunde com o desenvolvimento de uma forma pr\u00f3pria, como ocorre com todos os povos, de constru\u00e7\u00e3o da experi\u00eancia socialista, nos seus aspectos econ\u00f4micos, culturais e pol\u00edticos. O PCB repudia as avalia\u00e7\u00f5es preconceituosas, etnoc\u00eantricas, liberais e sem base emp\u00edrica sobre essa importante experi\u00eancia hist\u00f3rica e social, n\u00e3o se somando aos estigmatizadores do povo coreano e de suas institui\u00e7\u00f5es pol\u00edticas.<\/p>\n<p>Refor\u00e7amos, assim, o apoio ao Vereador Brizola Neto e \u00e0 sua postura internacionalista, enaltecendo a sua preocupa\u00e7\u00e3o em prestar solidariedade aos povos em luta contra o imperialismo e destacando os esfor\u00e7os de paz da Coreia Popular.<\/p>\n<p>Comiss\u00e3o Pol\u00edtica Nacional do Partido Comunista Brasileiro (PCB)<\/p>\n","protected":false},"excerpt":{"rendered":"<a class=\"moretag\" href=\"https:\/\/pcb.org.br\/portal2\/24500\"> <\/a>","protected":false},"author":1,"featured_media":0,"comment_status":"closed","ping_status":"closed","sticky":false,"template":"","format":"standard","meta":{"jetpack_post_was_ever_published":false,"_jetpack_newsletter_access":"","_jetpack_dont_email_post_to_subs":false,"_jetpack_newsletter_tier_id":0,"_jetpack_memberships_contains_paywalled_content":false,"_jetpack_memberships_contains_paid_content":false,"footnotes":"","jetpack_publicize_message":"","jetpack_publicize_feature_enabled":true,"jetpack_social_post_already_shared":true,"jetpack_social_options":{"image_generator_settings":{"template":"highway","default_image_id":0,"font":"","enabled":false},"version":2}},"categories":[26],"tags":[222,246],"class_list":["post-24500","post","type-post","status-publish","format-standard","hentry","category-c25-notas-politicas-do-pcb","tag-2b","tag-np"],"jetpack_publicize_connections":[],"jetpack_featured_media_url":"","jetpack_shortlink":"https:\/\/wp.me\/p659gw-6na","jetpack-related-posts":[],"jetpack_likes_enabled":true,"jetpack_sharing_enabled":true,"_links":{"self":[{"href":"https:\/\/pcb.org.br\/portal2\/wp-json\/wp\/v2\/posts\/24500","targetHints":{"allow":["GET"]}}],"collection":[{"href":"https:\/\/pcb.org.br\/portal2\/wp-json\/wp\/v2\/posts"}],"about":[{"href":"https:\/\/pcb.org.br\/portal2\/wp-json\/wp\/v2\/types\/post"}],"author":[{"embeddable":true,"href":"https:\/\/pcb.org.br\/portal2\/wp-json\/wp\/v2\/users\/1"}],"replies":[{"embeddable":true,"href":"https:\/\/pcb.org.br\/portal2\/wp-json\/wp\/v2\/comments?post=24500"}],"version-history":[{"count":0,"href":"https:\/\/pcb.org.br\/portal2\/wp-json\/wp\/v2\/posts\/24500\/revisions"}],"wp:attachment":[{"href":"https:\/\/pcb.org.br\/portal2\/wp-json\/wp\/v2\/media?parent=24500"}],"wp:term":[{"taxonomy":"category","embeddable":true,"href":"https:\/\/pcb.org.br\/portal2\/wp-json\/wp\/v2\/categories?post=24500"},{"taxonomy":"post_tag","embeddable":true,"href":"https:\/\/pcb.org.br\/portal2\/wp-json\/wp\/v2\/tags?post=24500"}],"curies":[{"name":"wp","href":"https:\/\/api.w.org\/{rel}","templated":true}]}}