{"id":24529,"date":"2019-12-18T21:53:51","date_gmt":"2019-12-19T00:53:51","guid":{"rendered":"https:\/\/pcb.org.br\/portal2\/?p=24529"},"modified":"2019-12-18T21:53:51","modified_gmt":"2019-12-19T00:53:51","slug":"franca-avanca-greve-geral-contra-a-reforma","status":"publish","type":"post","link":"https:\/\/pcb.org.br\/portal2\/24529","title":{"rendered":"Fran\u00e7a: avan\u00e7a greve geral contra a reforma"},"content":{"rendered":"<p><img decoding=\"async\" class=\"imagem\" title=\"imagem\" src=\"https:\/\/i0.wp.com\/www.patrialatina.com.br\/wp-content\/uploads\/2019\/12\/a-fran%C3%A7a.jpg\" alt=\"imagem\" \/><!--more-->Sindicato fala em mais de 1,5 milh\u00e3o de pessoas em greve geral contra reforma da previd\u00eancia na Fran\u00e7a<\/p>\n<p>Segundo central sindical CGT, 350 mil franceses ocuparam ruas e avenidas de Paris; mobiliza\u00e7\u00f5es aconteceram em cerca de 80 cidades<\/p>\n<p>Reda\u00e7\u00e3o Opera Mundi<\/p>\n<p>Cerca de 1,8 milh\u00f5es de pessoas foram \u00e0s ruas da Fran\u00e7a na ter\u00e7a-feira (17\/12) para protestar em mais um dia de greve geral contra a reforma da previd\u00eancia proposta pelo presidente Emmanuel Macron. Segundo dados da Confedera\u00e7\u00e3o Geral do Trabalho (CGT), mais 260 manifesta\u00e7\u00f5es aconteceram em mais de 80 cidades do pa\u00eds.<\/p>\n<p>&#8220;H\u00e1 mais manifestantes, mais manifesta\u00e7\u00f5es e mais grevistas&#8221;, disse Philippe Martinez, presidente da CGT, ao jornal Le F\u00edgaro. A paralisa\u00e7\u00e3o desta ter\u00e7a-feira foi convocada por todos os principais sindicatos franceses. Segundo as centrais sindicais organizadoras da greve geral, uma nova mobiliza\u00e7\u00e3o deve acontecer na pr\u00f3xima quinta-feira (19\/12).<\/p>\n<p>De acordo com a CGT, 350 mil franceses ocuparam as ruas e avenidas da capital francesa, Paris. Por volta das 14h (10h, no hor\u00e1rio de Bras\u00edlia), uma ampla manifesta\u00e7\u00e3o que reuniu sindicatos de diversos setores saiu da Pra\u00e7a da Rep\u00fablica em dire\u00e7\u00e3o \u00e0 Pra\u00e7a da Na\u00e7\u00e3o.<\/p>\n<p>A marcha chegou ao seu destino por volta das 18h (12h, no hor\u00e1rio de Bras\u00edlia) e os manifestantes fizeram uma recep\u00e7\u00e3o para os sindicalistas da Confedera\u00e7\u00e3o Francesa Democr\u00e1tica do Trabalho (CFDT), o maior sindicato do pa\u00eds que aderiu na \u00faltima semana a greve geral em conjunto com as outras centrais sindicais.Segundo a RFI, a CFDT, que j\u00e1 havia apoiado o governo franc\u00eas em diversas ocasi\u00f5es, afirmou que a proposta de reforma da previd\u00eancia de Macron havia &#8220;cruzado a linha&#8221;.<\/p>\n<p>Ainda na Pra\u00e7a da Na\u00e7\u00e3o, a pol\u00edcia reprimiu os manifestantes e disparou bombas de g\u00e1s lacrimog\u00eaneo para dispersar as pessoas. No total, 27 pessoas foram presas durante as paralisa\u00e7\u00f5es em Paris. A CGT tamb\u00e9m destacou o grande n\u00famero de jovens que participaram da greve geral.<\/p>\n<p>Cerca de 32% dos ferrovi\u00e1rios da Fran\u00e7a aderiram \u00e0 greve. Metade das linhas do sistema metrovi\u00e1rio de Paris foram fechadas e apenas algumas linhas ferrovi\u00e1rias ficaram abertas durante a manh\u00e3. Os trens de alta velocidade estavam funcionando com a apenas 25% da sua frota.<\/p>\n<p>Mais de 32% dos funcion\u00e1rios da empresa p\u00fablica ferrovi\u00e1ria Soci\u00e9t\u00e9 Nationale des Chemins de fer Fran\u00e7ais, tamb\u00e9m aderiram \u00e0 paralisa\u00e7\u00e3o. Dentro da categoria, 75,8% dos maquinistas e 59,2% dos controladores paralisaram suas atividades em apoio ao movimento.<\/p>\n<p>Segundo a CGT, 50% dos professores da educa\u00e7\u00e3o prim\u00e1ria e 60% da secund\u00e1ria participaram da paralisa\u00e7\u00e3o nacional. Algumas escolas tiveram as aulas canceladas devido a presen\u00e7a dos magistrados nas manifesta\u00e7\u00f5es.<\/p>\n<p>Ainda na Pra\u00e7a da Na\u00e7\u00e3o, um grupo de profissionais da sa\u00fade com m\u00e9dicos, enfermeiros e auxiliares de enfermagem compareceram na manifesta\u00e7\u00e3o com uma placa com os dizeres: &#8220;Hospital p\u00fablico em emerg\u00eancia vital&#8221;.<\/p>\n<p>Outras cidades como Lyon, Toulose, Bordeaux, Lille e Marselha tamb\u00e9m tiveram protestos contra a reforma da previd\u00eancia. Os organizadores afirmaram que cerca de 40 mil franceses participaram da greve geral em Lyon, enquanto as marchas em Toulose registraram cerca de 120 mil participantes. Em Marselha, por sua vez, aproximadamente 200 mil pessoas se mobilizaram.<\/p>\n<p>As centrais sindicais descartaram que a greve geral seja suspensa nas festas de fim de ano, um pedido do governo para que as mobiliza\u00e7\u00f5es fossem paralisadas<\/p>\n<p>O l\u00edder do partido de esquerda Fran\u00e7a Insubmissa, Jean-Luc M\u00e9lenchon, afirmou que as manifesta\u00e7\u00f5es s\u00e3o &#8220;mais fortes&#8221; e que &#8220;o n\u00edvel de mobiliza\u00e7\u00e3o, a extens\u00e3o geogr\u00e1fica e a variedade de gera\u00e7\u00f5es \u00e9 mais importante&#8221;. M\u00e9lenchon ainda disse que o presidente Macron ter\u00e1 &#8220;ainda mais dificuldade em tentar apagar&#8221; as manifesta\u00e7\u00f5es dos franceses.<\/p>\n<p>Greve Geral<\/p>\n<p>Nesta segunda-feira (16\/12), o Alto Comiss\u00e1rio para a Aposentadoria na Fran\u00e7a e idealizador do projeto da reforma da previd\u00eancia do pa\u00eds , Jean-Paul Delevoye, pediu demiss\u00e3o. Delevoye mantinha 13 contratos como consultor e ocultou a informa\u00e7\u00e3o do governo franc\u00eas, motivo que gerou sua sa\u00edda.<\/p>\n<p>No \u00faltimo dia 5 de dezembro, mais de 1,5 milh\u00e3o de pessoas foram \u00e0s ruas da Fran\u00e7a contra a reforma da Previd\u00eancia do presidente Macron, em mais de 70 cidades do pa\u00eds.<\/p>\n<p>As centrais sindicais j\u00e1 convocaram 13 mobiliza\u00e7\u00f5es nas cidades francesas em recha\u00e7o \u00e0 reforma. A reforma da previd\u00eancia foi uma promessa de campanha do ent\u00e3o candidato Macron. Segundo ele, as mudan\u00e7as no sistema simplificariam a pol\u00edtica de aposentadorias, substituindo os atuais 42 regimes especiais por um sistema \u00fanico.<\/p>\n","protected":false},"excerpt":{"rendered":"<a class=\"moretag\" href=\"https:\/\/pcb.org.br\/portal2\/24529\"> <\/a>","protected":false},"author":1,"featured_media":0,"comment_status":"closed","ping_status":"closed","sticky":false,"template":"","format":"standard","meta":{"jetpack_post_was_ever_published":false,"_jetpack_newsletter_access":"","_jetpack_dont_email_post_to_subs":false,"_jetpack_newsletter_tier_id":0,"_jetpack_memberships_contains_paywalled_content":false,"_jetpack_memberships_contains_paid_content":false,"footnotes":"","jetpack_publicize_message":"","jetpack_publicize_feature_enabled":true,"jetpack_social_post_already_shared":true,"jetpack_social_options":{"image_generator_settings":{"template":"highway","default_image_id":0,"font":"","enabled":false},"version":2}},"categories":[109],"tags":[227],"class_list":["post-24529","post","type-post","status-publish","format-standard","hentry","category-c122-franca","tag-5a"],"jetpack_publicize_connections":[],"jetpack_featured_media_url":"","jetpack_shortlink":"https:\/\/wp.me\/p659gw-6nD","jetpack-related-posts":[],"jetpack_likes_enabled":true,"jetpack_sharing_enabled":true,"_links":{"self":[{"href":"https:\/\/pcb.org.br\/portal2\/wp-json\/wp\/v2\/posts\/24529","targetHints":{"allow":["GET"]}}],"collection":[{"href":"https:\/\/pcb.org.br\/portal2\/wp-json\/wp\/v2\/posts"}],"about":[{"href":"https:\/\/pcb.org.br\/portal2\/wp-json\/wp\/v2\/types\/post"}],"author":[{"embeddable":true,"href":"https:\/\/pcb.org.br\/portal2\/wp-json\/wp\/v2\/users\/1"}],"replies":[{"embeddable":true,"href":"https:\/\/pcb.org.br\/portal2\/wp-json\/wp\/v2\/comments?post=24529"}],"version-history":[{"count":0,"href":"https:\/\/pcb.org.br\/portal2\/wp-json\/wp\/v2\/posts\/24529\/revisions"}],"wp:attachment":[{"href":"https:\/\/pcb.org.br\/portal2\/wp-json\/wp\/v2\/media?parent=24529"}],"wp:term":[{"taxonomy":"category","embeddable":true,"href":"https:\/\/pcb.org.br\/portal2\/wp-json\/wp\/v2\/categories?post=24529"},{"taxonomy":"post_tag","embeddable":true,"href":"https:\/\/pcb.org.br\/portal2\/wp-json\/wp\/v2\/tags?post=24529"}],"curies":[{"name":"wp","href":"https:\/\/api.w.org\/{rel}","templated":true}]}}