{"id":2455,"date":"2012-02-24T19:43:16","date_gmt":"2012-02-24T19:43:16","guid":{"rendered":"http:\/\/pcb.org.br\/portal2\/?p=2455"},"modified":"2012-02-24T19:43:16","modified_gmt":"2012-02-24T19:43:16","slug":"comunicado-do-secretariado-do-estado-maior-central-farc-ep-dez-anos-depois","status":"publish","type":"post","link":"https:\/\/pcb.org.br\/portal2\/2455","title":{"rendered":"Comunicado do Secretariado do Estado-Maior Central &#8211; FARC-EP: Dez anos depois"},"content":{"rendered":"\n<p>Dez anos atr\u00e1s chegaram ao fim as conversa\u00e7\u00f5es de paz em El Cagu\u00e1n. O governo de Andr\u00e9s Pastrana decidiu fechar as portas do di\u00e1logo e apostar na guerra total contra n\u00f3s. Fomos acusados de todas as perversidades do mundo. Hordas imensas de soldados mercen\u00e1rios treinados por assessores estrangeiros foram enviadas para nos esmagar. Helic\u00f3pteros\u00a0 militares e avi\u00f5es de todos os tipos partiram com a finalidade de nos reduzir a cinzas..<\/p>\n<p><span>As FARC-EP, h\u00e1 tr\u00eas anos de haver inaugurado os di\u00e1logos, segu\u00edamos insistindo na discuss\u00e3o da Agenda Comum\u00a0 combinada, na remo\u00e7\u00e3o das causas que originavam o conflito armado. O Governo, em troca, queria t\u00e3o somente escutar a rendi\u00e7\u00e3o e a entrega, ostentava um enorme incremento do gasto militar e se esmerava por nos fazer entender o que nos esperava se recha\u00e7\u00e1ssemos a \u00faltima oportunidade que nos concedia para nos submetermos..<\/span><\/p>\n<p>Milh\u00f5es de colombianos eram v\u00edtimas do terror estatal nos campos e cidades. Os mesmos meios de comunica\u00e7\u00e3o que denegriam a insurg\u00eancia revolucion\u00e1ria, se obstinavam em apresentar como salvadores da p\u00e1tria as principais lideran\u00e7as paramilitares. O fascismo, que se apossava do poder do Estado pela penetra\u00e7\u00e3o ostensiva em todos os seus \u00f3rg\u00e3os, impunha como \u00fanica sa\u00edda o advento do uribismo criminoso..<\/p>\n<p>O Pent\u00e1gono promovia sua guerra preventiva pelo mundo, qualificando como terroristas todos aqueles que se opuseram \u00e1s pol\u00edticas do imp\u00e9rio. O Fundo Monet\u00e1rio Internacional e o Banco Mundial se encarregavam de generalizar suas pol\u00edticas neoliberais de saque e superexplora\u00e7\u00e3o, impondo em cada pa\u00eds o governo que garantia a livre penetra\u00e7\u00e3o do grande capital transnacional. A Col\u00f4mbia, ao que parecia, n\u00e3o podia aceitar outra coisa que a resigna\u00e7\u00e3o e o sil\u00eancio..<\/p>\n<p>Como gente do povo, n\u00f3s guerrilheiros assumimos a responsabilidade que nos impunha a hist\u00f3ria. Defender com as armas as ideias de vida, soberania nacional, democracia e justi\u00e7a social que terminaram por serem proibidas e ridicularizadas por completo pala linguagem oficial. S\u00f3 teriam direitos os que claudicavam, os que se vendiam, os que tra\u00edam, os que calavam. Pelo pre\u00e7o de nosso sangue e sofrimento temos defendido por dez anos a liberdade e a dec\u00eancia.<\/p>\n<p>E estamos dispostos a faz\u00ea-lo por todo o tempo que seja necess\u00e1rio. At\u00e9 que o povo colombiano se levante, imbat\u00edvel, para mudar o regime. Ou at\u00e9 que o Governo compreenda a inutilidade de sua guerra e aceite sentar-se e dialogar sobre a \u00fanica sa\u00edda pol\u00edtica que exclui em definitivo o confronto: a elimina\u00e7\u00e3o das causas estruturais do conflito. Sem armadilhas, com respeito pelo povo da Col\u00f4mbia.<\/p>\n<p>Todas as vozes da ultra-direita, ligadas ao militarismo santista [de Juan Manuel Santos], locupletadas gra\u00e7as \u00e0 fartura que obt\u00e9m de seus aparelhos corruptos e elitistas, encontram-se empenhadas em clamar para que se imponha \u00e0s FARC um golpe de miseric\u00f3rdia ou que a submetam \u00e0 mais humilhante rendi\u00e7\u00e3o. Percebe-se que n\u00e3o s\u00e3o eles nem seus filhos que marcham para morrer em combate. Seja como for, tem sido muito grande nossa firme resist\u00eancia para que nos assust\u00e1ssemos com isso.<\/p>\n<p>Secretariado do Estado-Maior Central das FARC-EP<\/p>\n<p>Montanhas da Col\u00f4mbia, 20 de fevereiro de 2012.<\/p>\n","protected":false},"excerpt":{"rendered":"\n\n\nCr\u00e9dito: TP\n\n\n\n\n\n\n\n\nTribuna Popular TP \u2013 NOVA COL\u00d4MBIA.\n<a class=\"moretag\" href=\"https:\/\/pcb.org.br\/portal2\/2455\"> <\/a>","protected":false},"author":1,"featured_media":0,"comment_status":"open","ping_status":"open","sticky":false,"template":"","format":"standard","meta":{"jetpack_post_was_ever_published":false,"_jetpack_newsletter_access":"","_jetpack_dont_email_post_to_subs":false,"_jetpack_newsletter_tier_id":0,"_jetpack_memberships_contains_paywalled_content":false,"_jetpack_memberships_contains_paid_content":false,"footnotes":"","jetpack_publicize_message":"","jetpack_publicize_feature_enabled":true,"jetpack_social_post_already_shared":false,"jetpack_social_options":{"image_generator_settings":{"template":"highway","default_image_id":0,"font":"","enabled":false},"version":2}},"categories":[34],"tags":[],"class_list":["post-2455","post","type-post","status-publish","format-standard","hentry","category-c39-colombia"],"jetpack_publicize_connections":[],"jetpack_featured_media_url":"","jetpack_shortlink":"https:\/\/wp.me\/p659gw-DB","jetpack-related-posts":[],"jetpack_likes_enabled":true,"jetpack_sharing_enabled":true,"_links":{"self":[{"href":"https:\/\/pcb.org.br\/portal2\/wp-json\/wp\/v2\/posts\/2455","targetHints":{"allow":["GET"]}}],"collection":[{"href":"https:\/\/pcb.org.br\/portal2\/wp-json\/wp\/v2\/posts"}],"about":[{"href":"https:\/\/pcb.org.br\/portal2\/wp-json\/wp\/v2\/types\/post"}],"author":[{"embeddable":true,"href":"https:\/\/pcb.org.br\/portal2\/wp-json\/wp\/v2\/users\/1"}],"replies":[{"embeddable":true,"href":"https:\/\/pcb.org.br\/portal2\/wp-json\/wp\/v2\/comments?post=2455"}],"version-history":[{"count":0,"href":"https:\/\/pcb.org.br\/portal2\/wp-json\/wp\/v2\/posts\/2455\/revisions"}],"wp:attachment":[{"href":"https:\/\/pcb.org.br\/portal2\/wp-json\/wp\/v2\/media?parent=2455"}],"wp:term":[{"taxonomy":"category","embeddable":true,"href":"https:\/\/pcb.org.br\/portal2\/wp-json\/wp\/v2\/categories?post=2455"},{"taxonomy":"post_tag","embeddable":true,"href":"https:\/\/pcb.org.br\/portal2\/wp-json\/wp\/v2\/tags?post=2455"}],"curies":[{"name":"wp","href":"https:\/\/api.w.org\/{rel}","templated":true}]}}