{"id":24561,"date":"2019-12-23T02:35:24","date_gmt":"2019-12-23T05:35:24","guid":{"rendered":"https:\/\/pcb.org.br\/portal2\/?p=24561"},"modified":"2019-12-23T02:43:04","modified_gmt":"2019-12-23T05:43:04","slug":"a-ordem-dos-advogados-do-brasil-nao-se-calara","status":"publish","type":"post","link":"https:\/\/pcb.org.br\/portal2\/24561","title":{"rendered":"A Ordem dos Advogados do Brasil n\u00e3o se calar\u00e1"},"content":{"rendered":"<p><img decoding=\"async\" class=\"imagem\" title=\"imagem\" src=\"https:\/\/i0.wp.com\/www.conjur.com.br\/img\/b\/fachada-oab-conselho-federal.jpeg\" alt=\"imagem\" \/><!--more-->Marcelo Chalr\u00e9o<\/p>\n<p>Porque de novo cravejaram o meu corpo<br \/>\nOs profetas da intoler\u00e2ncia<br \/>\nSem saber que a esperan\u00e7a<br \/>\nBrilha mais que a escurid\u00e3o<\/p>\n<p>( A verdade vos far\u00e1 livre, samba enredo da Esta\u00e7\u00e3o Primeira de Mangueira para o Carnaval de 2020, letra de Luiz Carlos M\u00e1ximo e Manu da Cu\u00edca )<\/p>\n<p>A advocacia tem compromisso inarred\u00e1vel com a cidadania e a moralidade p\u00fablica, essas premissas est\u00e3o insertas na codifica\u00e7\u00e3o \u00e9tica da profiss\u00e3o; a defesa intransigente dos direitos humanos e da justi\u00e7a social s\u00e3o princ\u00edpios estruturantes da nossa vida estatut\u00e1ria. Ao longo de d\u00e9cadas de obscurantismo, advogadas e advogados foram presos, torturados e mortos, outros perderam a vida por se colocarem ao lado dos oprimidos e desvalidos de nossa terra; contra um nosso ex presidente, rec\u00e9m falecido, atentaram com o objetivo de mat\u00e1-lo.<\/p>\n<p>Nada disso nos calou, nada disso nos intimidou ! N\u00e3o ser\u00e3o, pois, os arroubos de enamorados do protofascismo, ora governantes, por si ou por aqueles que lhes servem como id\u00f3latras de l\u00edderes de p\u00e9s de barro, que deter\u00e3o nossa responsabilidade com o mandato conferido pelos representantes do povo ( que escreveram as regras que nos guiam ) para que defendamos a liberdade de manifesta\u00e7\u00e3o e express\u00e3o, denunciando, quando necess\u00e1rio for, o arb\u00edtrio, o abuso e o autoritarismo. N\u00e3o h\u00e1 para n\u00f3s, para a nossa entidade e para seu m\u00e1ximo dirigente, o c\u00e1lice de vinho tinto de sangue, n\u00e3o beberemos dessa bebida amarga \u2013 parafraseando o Chico que eles abominam, mas do qual muitas filhas e filhos gostam.<\/p>\n<p>&#8220;Reis&#8221; mal coroados, ou seus sabujos, n\u00e3o se sustentam por muito tempo, n\u00e3o h\u00e1 amor nesses reinados, n\u00e3o s\u00e3o amados, assim nos diz Vandr\u00e9, assim nos diz a hist\u00f3ria. Miguel Urbano Rodrigues, jornalista e escritor portugu\u00eas, j\u00e1 nos dizia no que parece o long\u00ednquo 2012 que &#8220;a linguagem da verdade \u00e9 uma exig\u00eancia pol\u00edtica e \u00e9tica no di\u00e1logo com as massas&#8221;, que disso fiquem certos esses toscos aprendizes do arb\u00edtrio e da censura que investem quase que diariamente contra os direitos fundamentais dos nosso povo, sobretudo dos em situa\u00e7\u00e3o de maior vulnerabilidade; tenham em mente que h\u00e1 entre n\u00f3s, nas florestas que voc\u00eas querem aniquilar e dizimar, o cip\u00f3 de aroeira.<\/p>\n<p>A Ordem dos Advogados do Brasil tem um dever, pelo atual e por seus anteriores e futuros presidentes, o dever de seguir vigilante e, sempre que necess\u00e1rio, nos termos em que nos conferiram os, repete-se, representantes leg\u00edtimos do povo desse pa\u00eds, denunciar abusos e atentados \u00e0 Constitui\u00e7\u00e3o da Rep\u00fablica, pois como no samba ( Samba da Legalidade ) de Z\u00e9 Keti &#8220;dentro da legalidade, dentro da honestidade, ningu\u00e9m tira o meu direito&#8230;dentro da legalidade, sou poeta popular, dentro da legalidade, ningu\u00e9m pode me calar&#8221;.<\/p>\n<p>Marcelo Chalr\u00e9o \u00e9 Advogado, Conselheiro ( 2018 \/ 2020 ) da OAB RJ<br \/>\nPresidente da Comiss\u00e3o de Direitos Sociais da OAB RJ<br \/>\nVice \u2013 Presidente da Comiss\u00e3o Especial de Defesa dos Direitos dos Povos Ind\u00edgenas da OAB Nacional<br \/>\nMembro do Conselho Nacional de Direitos Humanos<\/p>\n","protected":false},"excerpt":{"rendered":"<a class=\"moretag\" href=\"https:\/\/pcb.org.br\/portal2\/24561\"> <\/a>","protected":false},"author":1,"featured_media":0,"comment_status":"closed","ping_status":"closed","sticky":false,"template":"","format":"standard","meta":{"jetpack_post_was_ever_published":false,"_jetpack_newsletter_access":"","_jetpack_dont_email_post_to_subs":false,"_jetpack_newsletter_tier_id":0,"_jetpack_memberships_contains_paywalled_content":false,"_jetpack_memberships_contains_paid_content":false,"footnotes":"","jetpack_publicize_message":"","jetpack_publicize_feature_enabled":true,"jetpack_social_post_already_shared":true,"jetpack_social_options":{"image_generator_settings":{"template":"highway","default_image_id":0,"font":"","enabled":false},"version":2}},"categories":[7],"tags":[223],"class_list":["post-24561","post","type-post","status-publish","format-standard","hentry","category-s8-brasil","tag-3a"],"jetpack_publicize_connections":[],"jetpack_featured_media_url":"","jetpack_shortlink":"https:\/\/wp.me\/p659gw-6o9","jetpack-related-posts":[],"jetpack_likes_enabled":true,"jetpack_sharing_enabled":true,"_links":{"self":[{"href":"https:\/\/pcb.org.br\/portal2\/wp-json\/wp\/v2\/posts\/24561","targetHints":{"allow":["GET"]}}],"collection":[{"href":"https:\/\/pcb.org.br\/portal2\/wp-json\/wp\/v2\/posts"}],"about":[{"href":"https:\/\/pcb.org.br\/portal2\/wp-json\/wp\/v2\/types\/post"}],"author":[{"embeddable":true,"href":"https:\/\/pcb.org.br\/portal2\/wp-json\/wp\/v2\/users\/1"}],"replies":[{"embeddable":true,"href":"https:\/\/pcb.org.br\/portal2\/wp-json\/wp\/v2\/comments?post=24561"}],"version-history":[{"count":0,"href":"https:\/\/pcb.org.br\/portal2\/wp-json\/wp\/v2\/posts\/24561\/revisions"}],"wp:attachment":[{"href":"https:\/\/pcb.org.br\/portal2\/wp-json\/wp\/v2\/media?parent=24561"}],"wp:term":[{"taxonomy":"category","embeddable":true,"href":"https:\/\/pcb.org.br\/portal2\/wp-json\/wp\/v2\/categories?post=24561"},{"taxonomy":"post_tag","embeddable":true,"href":"https:\/\/pcb.org.br\/portal2\/wp-json\/wp\/v2\/tags?post=24561"}],"curies":[{"name":"wp","href":"https:\/\/api.w.org\/{rel}","templated":true}]}}