{"id":24621,"date":"2020-01-03T22:56:38","date_gmt":"2020-01-04T01:56:38","guid":{"rendered":"https:\/\/pcb.org.br\/portal2\/?p=24621"},"modified":"2020-01-03T22:56:38","modified_gmt":"2020-01-04T01:56:38","slug":"camarada-sued-lima-presente","status":"publish","type":"post","link":"https:\/\/pcb.org.br\/portal2\/24621","title":{"rendered":"Camarada Sued Lima, Presente!"},"content":{"rendered":"<p><img decoding=\"async\" class=\"imagem\" title=\"imagem\" src=\"https:\/\/i0.wp.com\/lh3.googleusercontent.com\/UzpYnH_kiANl8tMRMEE9g7GAqGp-shvBYSu-9mjfJesJzSd4yLLKHuBNcKMKqZAS6Ueb3Tdk52zoYVHdd-kayVcUpDnNzvvNO-swNnokbPoE_zuK4_4KbdOrTZJYTIDz0mxxsS3mDXeoI_OrKHmBTnJR483qYofMHLzewmxt6K7cm43e6lRdzYGB4RBYI2mwtixEnnl2r_plxbnR92WhFhPj1SaMrqu8TynDhMHY78ctQkxTaiBreowLbrFIHtgu3lTl7Sh_S0H6aEziHvTH7HDwygudjikiTaAs6A881l7hneqodVZBoaPUu2lPsJyVWs0GSoU7lzVc0qKokPcyaOMEILcYx4GxizfjmbyqG_m6CZ-iysASPgNkzzzetnomBNtSPi1hXEFVVPue1sep0AS9xMn6UlTR7c5ZTDwksOWZahRZTYPZphHfpkBlgzmjufCaN0tv6tDxLSYGjBEw7B5se9dGD6p5xkGOHJQ9MxT_5z82DTF0LhM5bzpvogbGkptxyoTUK2_Y8xj2UgrulPWW7DfFw_rLCilBQP-pSMoESyEULxqh7PqrAP6O5tpPyfznlOm2u6lpN08czP9o6xr4YqgmOZJBS6aRdUEK6C1Qr-7tgY-baSRuKMd49JzC_fIEBpYxR3czVoxWO6oDQC0stGDN8KswxtU5SRGxLL2YqHyoYHYiIT8=w304-h344-no\" alt=\"imagem\" \/><!--more-->Na noite de 02 de janeiro, tomamos conhecimento do falecimento do camarada Sued Lima, destacado militante das causas populares e que esteve na fileiras do Partido Comunista Brasileiro (PCB) nos anos 2000. Apesar de afastado da milit\u00e2ncia org\u00e2nica, Sued Lima sempre continuou pr\u00f3ximo de nossa organiza\u00e7\u00e3o e permaneceu como amigo do PCB, contribuindo em debates e na formula\u00e7\u00e3o de textos.<\/p>\n<p>Sued Lima, ex-coronel aviador e reformado da For\u00e7a A\u00e9rea, ingressou na milit\u00e2ncia ainda na d\u00e9cada de 1960, quando entrou para as for\u00e7as armadas e teve seus primeiros contatos com o pensamento marxista. Na d\u00e9cada de 90, auxiliou na constru\u00e7\u00e3o do N\u00facleo de Estudos Estrat\u00e9gicos da Universidade Federal Fluminense (UFF) e, em seguida, contribuiu para a forma\u00e7\u00e3o do Observat\u00f3rio das Nacionalidades, vinculado \u00e0 Universidade Estadual do Cear\u00e1 (UECE).<\/p>\n<p>Neste momento de dor e consterna\u00e7\u00e3o, o PCB vem a p\u00fablico manifestar suas condol\u00eancias aos amigos e familiares deste bravo lutador. O exemplo de milit\u00e2ncia do camarada Sued Lima continuar\u00e1 a inspirar os sonhos de tantos outros que perseguem aquilo que sempre orientou sua atua\u00e7\u00e3o, a saber, a constru\u00e7\u00e3o de uma sociedade profundamente humana, marcada pelos valores de solidariedade entre os povos e na\u00e7\u00f5es.<\/p>\n<p>Sued Lima vive!<br \/>\nSued Lima, presente agora e sempre!<\/p>\n<p>Nota do Comit\u00ea Regional do PCB\/Cear\u00e1<br \/>\nFortaleza, 02 de janeiro de 2020<\/p>\n","protected":false},"excerpt":{"rendered":"<a class=\"moretag\" href=\"https:\/\/pcb.org.br\/portal2\/24621\"> <\/a>","protected":false},"author":1,"featured_media":0,"comment_status":"closed","ping_status":"closed","sticky":false,"template":"","format":"standard","meta":{"jetpack_post_was_ever_published":false,"_jetpack_newsletter_access":"","_jetpack_dont_email_post_to_subs":false,"_jetpack_newsletter_tier_id":0,"_jetpack_memberships_contains_paywalled_content":false,"_jetpack_memberships_contains_paid_content":false,"footnotes":"","jetpack_publicize_message":"","jetpack_publicize_feature_enabled":true,"jetpack_social_post_already_shared":true,"jetpack_social_options":{"image_generator_settings":{"template":"highway","default_image_id":0,"font":"","enabled":false},"version":2}},"categories":[46],"tags":[224],"class_list":["post-24621","post","type-post","status-publish","format-standard","hentry","category-c56-memoria","tag-3b"],"jetpack_publicize_connections":[],"jetpack_featured_media_url":"","jetpack_shortlink":"https:\/\/wp.me\/p659gw-6p7","jetpack-related-posts":[],"jetpack_likes_enabled":true,"jetpack_sharing_enabled":true,"_links":{"self":[{"href":"https:\/\/pcb.org.br\/portal2\/wp-json\/wp\/v2\/posts\/24621","targetHints":{"allow":["GET"]}}],"collection":[{"href":"https:\/\/pcb.org.br\/portal2\/wp-json\/wp\/v2\/posts"}],"about":[{"href":"https:\/\/pcb.org.br\/portal2\/wp-json\/wp\/v2\/types\/post"}],"author":[{"embeddable":true,"href":"https:\/\/pcb.org.br\/portal2\/wp-json\/wp\/v2\/users\/1"}],"replies":[{"embeddable":true,"href":"https:\/\/pcb.org.br\/portal2\/wp-json\/wp\/v2\/comments?post=24621"}],"version-history":[{"count":0,"href":"https:\/\/pcb.org.br\/portal2\/wp-json\/wp\/v2\/posts\/24621\/revisions"}],"wp:attachment":[{"href":"https:\/\/pcb.org.br\/portal2\/wp-json\/wp\/v2\/media?parent=24621"}],"wp:term":[{"taxonomy":"category","embeddable":true,"href":"https:\/\/pcb.org.br\/portal2\/wp-json\/wp\/v2\/categories?post=24621"},{"taxonomy":"post_tag","embeddable":true,"href":"https:\/\/pcb.org.br\/portal2\/wp-json\/wp\/v2\/tags?post=24621"}],"curies":[{"name":"wp","href":"https:\/\/api.w.org\/{rel}","templated":true}]}}