{"id":24703,"date":"2020-01-16T00:00:44","date_gmt":"2020-01-16T03:00:44","guid":{"rendered":"https:\/\/pcb.org.br\/portal2\/?p=24703"},"modified":"2020-01-19T21:25:12","modified_gmt":"2020-01-20T00:25:12","slug":"avanca-a-luta-em-defesa-da-saude-publica","status":"publish","type":"post","link":"https:\/\/pcb.org.br\/portal2\/24703","title":{"rendered":"Avan\u00e7a a luta em defesa da sa\u00fade p\u00fablica"},"content":{"rendered":"<p><img decoding=\"async\" class=\"imagem\" title=\"imagem\" src=\"https:\/\/i0.wp.com\/sergs.org.br\/wp-content\/uploads\/2020\/01\/IMESF.jpg\" alt=\"imagem\" \/><!--more-->Vit\u00f3ria dos e das trabalhadoras do IMESF! A luta continua!<\/p>\n<p>Unidade Classista &#8211; Rio Grande do Sul<\/p>\n<p>No dia 10 de janeiro de 2020, os trabalhadores e as trabalhadoras do Instituto Municipal de Estrat\u00e9gia de Sa\u00fade da Fam\u00edlia de Porto Alegre, o IMESF, tiveram uma grande vit\u00f3ria. Foi publicada a decis\u00e3o pela justi\u00e7a do trabalho de que est\u00e1 mantida a nulidade dos avisos pr\u00e9vios que haviam sido emitidos em dezembro de 2019, at\u00e9 transitar em julgado no STF a a\u00e7\u00e3o que discute a constitucionalidade do IMESF por ser uma empresa p\u00fablica de direito privado da sa\u00fade. No dia 13 de janeiro, foi publicada a delibera\u00e7\u00e3o do Minist\u00e9rio P\u00fablico impedindo o prefeito Marchezan de terceirizar a Aten\u00e7\u00e3o B\u00e1sica em Sa\u00fade da cidade.<\/p>\n<p>No entanto, no dia 14, o prefeito descumpriu a delibera\u00e7\u00e3o judicial dos Minist\u00e9rios P\u00fablicos e demitiu diversos trabalhadores do IMESF. Essa quest\u00e3o se arrasta desde setembro de 2019 quando o prefeito Marchezan anunciou a demiss\u00e3o de 1840 trabalhadores do Instituto. A partir de ent\u00e3o se iniciou um per\u00edodo de resist\u00eancia dos trabalhadores e das trabalhadoras pelo seu emprego e em defesa do SUS. Essas s\u00e3o vit\u00f3rias important\u00edssimas para esses trabalhadores e para a classe trabalhadora como um todo, sendo fruto da organiza\u00e7\u00e3o e mobiliza\u00e7\u00e3o destes.<\/p>\n<p>A tentativa de desmonte do SUS vem ocorrendo desde sua cria\u00e7\u00e3o e se intensifica no atual per\u00edodo de crise do capitalismo, quando as demiss\u00f5es em massa de trabalhadores fazem parte da t\u00e1tica do sistema econ\u00f4mico para manter as taxas de lucro dos grandes empres\u00e1rios e banqueiros. Estas decis\u00f5es judiciais s\u00e3o uma vit\u00f3ria, mas a luta continua!<\/p>\n<p>Os desmontes e ataques \u00e0 sa\u00fade p\u00fablica e \u00e0 classe trabalhadora v\u00e3o continuar, mas n\u00f3s vamos permanecer resistindo! Devemos estar preparados para novas batalhas sabendo que s\u00f3 a luta muda a vida.<\/p>\n<p>As OSs j\u00e1 adentraram algumas unidades de sa\u00fade da Aten\u00e7\u00e3o B\u00e1sica de Porto Alegre. Com isso, muitos profissionais do IMESF estavam sendo remanejados para outras unidades de sa\u00fade, causando sofrimento a esses profissionais, desmontando as equipes de sa\u00fade que j\u00e1 estavam organizadas no seu processo de trabalho e perdendo o v\u00ednculo com os usu\u00e1rios e com as comunidades. Esse processo enfraquece o SUS e sua l\u00f3gica de v\u00ednculo e continuidade dos processos de trabalho.<\/p>\n<p>\u00c9 necess\u00e1rio lutar, portanto, pela perman\u00eancia das equipes de sa\u00fade nos seus locais de trabalho, j\u00e1 que a delibera\u00e7\u00e3o judicial sobre isso ainda \u00e9 provis\u00f3ria e o prefeito tem desafiado os Minist\u00e9rios P\u00fablicos com sua pol\u00edtica antipopular e privatista. Para al\u00e9m disso, \u00e9 necess\u00e1rio que o munic\u00edpio complete as equipes da Estrat\u00e9gia de Sa\u00fade da Fam\u00edlia com os profissionais que faltam para atender as comunidades.<\/p>\n<p>Precisamos agora seguir com nossa luta que tem demonstrado \u00f3timos resultados aos trabalhadores da sa\u00fade! Nossa luta deve ser por uma gest\u00e3o direta da sa\u00fade, para que tais profissionais sejam admitidos como estatut\u00e1rios do munic\u00edpio. Vamos seguir lutando pela revoga\u00e7\u00e3o da EC 95 que congela investimentos p\u00fablicos, pela melhoria da estrutura da sa\u00fade p\u00fablica, pela melhoria das condi\u00e7\u00f5es de vida da classe trabalhadora que tamb\u00e9m influenciam no processo sa\u00fade doen\u00e7a! \u00c9 necess\u00e1rio fortalecer as entidades sindicais que se mostram estar ao lado da classe trabalhadora para que tenhamos cada vez mais conquistas!<\/p>\n<p>POR UMA SA\u00daDE 100% P\u00daBLICA, ESTATAL E DE QUALIDADE!<\/p>\n<p>PELA GEST\u00c3O DIRETA DA SA\u00daDE!<\/p>\n<p>NENHUM DIREITO A MENOS!<\/p>\n","protected":false},"excerpt":{"rendered":"<a class=\"moretag\" href=\"https:\/\/pcb.org.br\/portal2\/24703\"> <\/a>","protected":false},"author":1,"featured_media":0,"comment_status":"closed","ping_status":"closed","sticky":false,"template":"","format":"standard","meta":{"jetpack_post_was_ever_published":false,"_jetpack_newsletter_access":"","_jetpack_dont_email_post_to_subs":false,"_jetpack_newsletter_tier_id":0,"_jetpack_memberships_contains_paywalled_content":false,"_jetpack_memberships_contains_paid_content":false,"footnotes":"","jetpack_publicize_message":"","jetpack_publicize_feature_enabled":true,"jetpack_social_post_already_shared":true,"jetpack_social_options":{"image_generator_settings":{"template":"highway","default_image_id":0,"font":"","enabled":false},"version":2}},"categories":[20,197,31],"tags":[221],"class_list":["post-24703","post","type-post","status-publish","format-standard","hentry","category-c1-popular","category-saude","category-c31-unidade-classista","tag-2a"],"jetpack_publicize_connections":[],"jetpack_featured_media_url":"","jetpack_shortlink":"https:\/\/wp.me\/p659gw-6qr","jetpack-related-posts":[],"jetpack_likes_enabled":true,"jetpack_sharing_enabled":true,"_links":{"self":[{"href":"https:\/\/pcb.org.br\/portal2\/wp-json\/wp\/v2\/posts\/24703","targetHints":{"allow":["GET"]}}],"collection":[{"href":"https:\/\/pcb.org.br\/portal2\/wp-json\/wp\/v2\/posts"}],"about":[{"href":"https:\/\/pcb.org.br\/portal2\/wp-json\/wp\/v2\/types\/post"}],"author":[{"embeddable":true,"href":"https:\/\/pcb.org.br\/portal2\/wp-json\/wp\/v2\/users\/1"}],"replies":[{"embeddable":true,"href":"https:\/\/pcb.org.br\/portal2\/wp-json\/wp\/v2\/comments?post=24703"}],"version-history":[{"count":0,"href":"https:\/\/pcb.org.br\/portal2\/wp-json\/wp\/v2\/posts\/24703\/revisions"}],"wp:attachment":[{"href":"https:\/\/pcb.org.br\/portal2\/wp-json\/wp\/v2\/media?parent=24703"}],"wp:term":[{"taxonomy":"category","embeddable":true,"href":"https:\/\/pcb.org.br\/portal2\/wp-json\/wp\/v2\/categories?post=24703"},{"taxonomy":"post_tag","embeddable":true,"href":"https:\/\/pcb.org.br\/portal2\/wp-json\/wp\/v2\/tags?post=24703"}],"curies":[{"name":"wp","href":"https:\/\/api.w.org\/{rel}","templated":true}]}}