{"id":24739,"date":"2020-01-22T23:09:04","date_gmt":"2020-01-23T02:09:04","guid":{"rendered":"https:\/\/pcb.org.br\/portal2\/?p=24739"},"modified":"2020-01-22T23:09:04","modified_gmt":"2020-01-23T02:09:04","slug":"kke-e-tkp-nossos-povos-nao-sao-bucha-de-canhao","status":"publish","type":"post","link":"https:\/\/pcb.org.br\/portal2\/24739","title":{"rendered":"KKE E TKP: &#8220;nossos povos n\u00e3o s\u00e3o bucha de canh\u00e3o&#8221;"},"content":{"rendered":"<p><img decoding=\"async\" class=\"imagem\" title=\"imagem\" src=\"https:\/\/i0.wp.com\/es.kke.gr\/export\/sites\/inter\/.content\/images\/news\/tkp_kke.jpg_846827873.jpg\" alt=\"imagem\" \/><!--more-->Comunicado conjunto do Partido Comunista da Gr\u00e9cia e do Partido Comunista da Turquia sobre os acontecimentos greco-turcos<\/p>\n<p>O Partido Comunista da Gr\u00e9cia (KKE) e o Partido Comunista da Turquia (TKP), com esta declara\u00e7\u00e3o conjunta, pretendem abordar os eventos perigosos e preocupantes que ocorrem no Mar Egeu e no Mediterr\u00e2neo Oriental, nas rela\u00e7\u00f5es greco-turcas, causados por for\u00e7as sociais, econ\u00f4micas e pol\u00edticas que querem arrastar os dois povos para aventuras sangrentas em nome de seus pr\u00f3prios interesses.<\/p>\n<p>As rela\u00e7\u00f5es greco-turcas hoje definidas tanto pelos planos das classes burguesas no poder dos dois pa\u00edses quanto pelos interesses da burguesia das grandes pot\u00eancias imperialistas, est\u00e3o em um ponto alarmante. Isso ocorre por causa do envolvimento no feroz antagonismo em torno da distribui\u00e7\u00e3o de recursos energ\u00e9ticos na regi\u00e3o e das rotas de transporte de energia e bens. O resultado dos duros antagonismos s\u00e3o as interven\u00e7\u00f5es imperialistas e as guerras em nossa vasta regi\u00e3o, como na S\u00edria e na L\u00edbia, os desenvolvimentos muito perigosos no Golfo P\u00e9rsico, impulsionados pelo ataque dos EUA ao Iraque e pelo assassinato recente de oficiais iranianos e iraquianos.<\/p>\n<p>Do c\u00edrculo vicioso de antagonismos criados pelos interesses dos monop\u00f3lios participam v\u00e1rios estados capitalistas, incluindo a Turquia e a Gr\u00e9cia, com o intuito de promover os interesses da burguesia. Criam-se eixos e antieixos, enquanto as uni\u00f5es imperialistas da OTAN e da Uni\u00e3o Europeia buscam desempenhar um papel distinto e independente. As rela\u00e7\u00f5es greco-turcas tamb\u00e9m s\u00e3o &#8220;parte&#8221; desses desenvolvimentos. Os povos da Turquia e da Gr\u00e9cia n\u00e3o podem esperar nenhum desenvolvimento positivo do envolvimento dos EUA, da OTAN, da UE e de outras pot\u00eancias imperialistas.<\/p>\n<p>Nossos partidos se baseiam no internacionalismo prolet\u00e1rio e na solidariedade internacionalista e com esses princ\u00edpios enfrentam os desenvolvimentos complexos em nossa regi\u00e3o, lutando pelos interesses dos trabalhadores e populares. Cabe destacar que tanto a coopera\u00e7\u00e3o quanto os antagonismos das classes burguesas da Turquia e da Gr\u00e9cia, por exemplo, sobre qual pa\u00eds se tornar\u00e1 um \u201ccentro de energia&#8221;, servem seus pr\u00f3prios interesses e n\u00e3o t\u00eam nada a ver com os interesses dos povos.<\/p>\n<p>Entre os povos da Turquia e da Gr\u00e9cia n\u00e3o h\u00e1 nada a dividir. Pelo contr\u00e1rio, estamos interessados em reivindicar viver em paz e lutar por seu pr\u00f3prio futuro, contra a explora\u00e7\u00e3o capitalista, os lucros capitalistas, que levam \u00e0 guerra e \u00e0 destrui\u00e7\u00e3o do meio ambiente. Lutar pela aboli\u00e7\u00e3o da explora\u00e7\u00e3o do homem pelo homem e pela satisfa\u00e7\u00e3o das necessidades populares contempor\u00e2neas, a elimina\u00e7\u00e3o de todas as causas que transformam os povos em bucha de canh\u00e3o para as guerras imperialistas.<\/p>\n<p>Nesse sentido, o Partido Comunista da Gr\u00e9cia e o Partido Comunista da Turquia declaram:<\/p>\n<p>1) Opomo-nos a qualquer incidente e envolvimento perigoso na guerra<\/p>\n<p>2) Expressamos nossa oposi\u00e7\u00e3o \u00e0s viola\u00e7\u00f5es de fronteiras e ao questionamento dos tratados internacionais que definiram as fronteiras da regi\u00e3o<\/p>\n<p>3) Apoiamos a luta pela n\u00e3o mudan\u00e7a das fronteiras e dos tratados que as definem<\/p>\n<p>4) Condenamos as tentativas de posi\u00e7\u00f5es do poder militar em criar um fato consumado no Egeu e no Mediterr\u00e2neo Oriental, bem como as enormes despesas militares dos dois pa\u00edses que criam o cen\u00e1rio para um confronto militar<\/p>\n<p>5) Denunciamos que os planos de explora\u00e7\u00e3o conjunta de hidrocarbonetos no Egeu pela burguesia dos dois pa\u00edses favorecem os monop\u00f3lios estrangeiros e locais, que desejam assumir o controle dos recursos energ\u00e9ticos a fim de aumentar seus lucros, criando condi\u00e7\u00f5es para maior envolvimento e agudiza\u00e7\u00e3o do confronto e dos riscos para o meio ambiente. A classe trabalhadora e os povos dos dois pa\u00edses n\u00e3o t\u00eam nada a ganhar com esses planos.<\/p>\n<p>6) Lutamos pela retirada dos dois pa\u00edses das organiza\u00e7\u00f5es imperialistas OTAN e UE, pelo regresso das for\u00e7as militares que hoje atuam nas miss\u00f5es imperialistas da OTAN e outras no estrangeiro.<\/p>\n<p>7) Lutamos pela retirada de nossos pa\u00edses das uni\u00f5es imperialistas da OTAN e da UE, para desmantelar as bases dos EUA e da OTAN de nossos pa\u00edses.<\/p>\n<p>O Partido Comunista da Gr\u00e9cia e o Partido Comunista da Turquia exortam a classe trabalhadora e as camadas populares a fortalecer a luta contra os planos das burguesias e das organiza\u00e7\u00f5es imperialistas, contra o nacionalismo e o racismo, para enviar a mensagem de que os povos vizinhos querem e reivindicam viver em paz.<\/p>\n<p>Partido Comunista da Gr\u00e9cia<\/p>\n<p>Partido Comunista de Turquia<\/p>\n<p>Tradu\u00e7\u00e3o: Partido Comunista Brasileiro (PCB)<\/p>\n<p>Fonte: http:\/\/es.kke.gr\/es\/articles\/Comunicado-conjunto-del-Partido-Comunista-de-Grecia-y-del-Partido-Comunista-de-Turquia-sobre-los-desarrollos-greco-turcos\/<\/p>\n","protected":false},"excerpt":{"rendered":"<a class=\"moretag\" href=\"https:\/\/pcb.org.br\/portal2\/24739\"> <\/a>","protected":false},"author":1,"featured_media":0,"comment_status":"closed","ping_status":"closed","sticky":false,"template":"","format":"standard","meta":{"jetpack_post_was_ever_published":false,"_jetpack_newsletter_access":"","_jetpack_dont_email_post_to_subs":false,"_jetpack_newsletter_tier_id":0,"_jetpack_memberships_contains_paywalled_content":false,"_jetpack_memberships_contains_paid_content":false,"footnotes":"","jetpack_publicize_message":"","jetpack_publicize_feature_enabled":true,"jetpack_social_post_already_shared":true,"jetpack_social_options":{"image_generator_settings":{"template":"highway","default_image_id":0,"font":"","enabled":false},"version":2}},"categories":[7,261],"tags":[227],"class_list":["post-24739","post","type-post","status-publish","format-standard","hentry","category-s8-brasil","category-india","tag-5a"],"jetpack_publicize_connections":[],"jetpack_featured_media_url":"","jetpack_shortlink":"https:\/\/wp.me\/p659gw-6r1","jetpack-related-posts":[],"jetpack_likes_enabled":true,"jetpack_sharing_enabled":true,"_links":{"self":[{"href":"https:\/\/pcb.org.br\/portal2\/wp-json\/wp\/v2\/posts\/24739","targetHints":{"allow":["GET"]}}],"collection":[{"href":"https:\/\/pcb.org.br\/portal2\/wp-json\/wp\/v2\/posts"}],"about":[{"href":"https:\/\/pcb.org.br\/portal2\/wp-json\/wp\/v2\/types\/post"}],"author":[{"embeddable":true,"href":"https:\/\/pcb.org.br\/portal2\/wp-json\/wp\/v2\/users\/1"}],"replies":[{"embeddable":true,"href":"https:\/\/pcb.org.br\/portal2\/wp-json\/wp\/v2\/comments?post=24739"}],"version-history":[{"count":0,"href":"https:\/\/pcb.org.br\/portal2\/wp-json\/wp\/v2\/posts\/24739\/revisions"}],"wp:attachment":[{"href":"https:\/\/pcb.org.br\/portal2\/wp-json\/wp\/v2\/media?parent=24739"}],"wp:term":[{"taxonomy":"category","embeddable":true,"href":"https:\/\/pcb.org.br\/portal2\/wp-json\/wp\/v2\/categories?post=24739"},{"taxonomy":"post_tag","embeddable":true,"href":"https:\/\/pcb.org.br\/portal2\/wp-json\/wp\/v2\/tags?post=24739"}],"curies":[{"name":"wp","href":"https:\/\/api.w.org\/{rel}","templated":true}]}}