{"id":2475,"date":"2012-02-29T21:14:15","date_gmt":"2012-02-29T21:14:15","guid":{"rendered":"http:\/\/pcb.org.br\/portal2\/?p=2475"},"modified":"2012-02-29T21:14:15","modified_gmt":"2012-02-29T21:14:15","slug":"a-semana-no-olhar-comunista-0030","status":"publish","type":"post","link":"https:\/\/pcb.org.br\/portal2\/2475","title":{"rendered":"A Semana no Olhar Comunista &#8211; 0030"},"content":{"rendered":"\n<p>\u00a0<\/p>\n<hr \/>\n<p>A divulga\u00e7\u00e3o de que a d\u00edvida p\u00fablica federal come\u00e7ou 2012 recuando R$ 65,24 bilh\u00f5es (queda de 3,5% em janeiro, em rela\u00e7\u00e3o a dezembro de 2011), fechando em R$ 1,801 trilh\u00e3o, n\u00e3o tem nada a ser comemorada, como o discurso oficial tenta fazer crer. A d\u00edvida \u00e9 imoral e seu pagamento ilegal, j\u00e1 tendo sido paga v\u00e1rias vezes (m\u00e9dia de R$ 600 bilh\u00f5es por ano em juros e amortiza\u00e7\u00f5es). Com esse dinheiro, afirma a Auditoria Cida da D\u00edvida, seria poss\u00edvel construir 20 milh\u00f5es de casas populares e aumentar o sal\u00e1rio m\u00ednimo para R$ 2.660, por exemplo.<\/p>\n<p>\u00a0<\/p>\n<hr \/>\n<p><strong>E a sangria continua<\/strong><\/p>\n<p>O Banco Central divulgou: o setor p\u00fablico fechou janeiro com super\u00e1vit prim\u00e1rio de R$ 26,016 bilh\u00f5es. Trata-se de super\u00e1vit recorde. \u00c9 mais dinheiro no bolso dos financistas. Em um per\u00edodo de 12 meses terminado em janeiro, o super\u00e1vit prim\u00e1rio das contas do setor p\u00fablico consolidado subiu de 3,11% para 3,30%, o equivalente a R$ 136,978 bilh\u00f5es. E o Governo Federal ainda se orgulha disso&#8230;<\/p>\n<p>\u00a0<\/p>\n<hr \/>\n<p><strong>Enquanto isso, o desemprego&#8230;<\/strong><\/p>\n<p>Enquanto a banca ri de bolso cheio, os trabalhadores sofrem. A taxa de desemprego no conjunto das sete regi\u00f5es metropolitanas pesquisadas pela Funda\u00e7\u00e3o Seade e pelo Dieese subiu para 9,5% em janeiro, acima dos 9,1% observados em dezembro. Trata-se de um contingente de 2,111 milh\u00f5es de pessoas, 104 mil a mais que em dezembro. Lembrando: a pesquisa \u00e9 feita apenas nas regi\u00f5es metropolitanas de Belo Horizonte, Fortaleza, Porto Alegre, Recife, Salvador, S\u00e3o Paulo e Distrito Federal.<\/p>\n<p>\u00a0<\/p>\n<hr \/>\n<p><strong>Pesadelo brasileiro<\/strong><\/p>\n<p>Ap\u00f3s\u00a0Brasileia (AC), porta de entrada de haitianos no Brasil, ter tido 95% de seu territ\u00f3rio atingido por uma enchente do rio Acre, a vida de 1.200 imigrantes naquela cidade ficou ainda pior. Em outro munic\u00edpio, I\u00f1apari, 300 deles lan\u00e7aram manifesto solicitando finalmente uma permiss\u00e3o para trabalhar no Brasil ou mesmo a deporta\u00e7\u00e3o ao Haiti, o que, segundo mat\u00e9ria da\u00a0<strong><em>Terra Magazine<\/em><\/strong>, \u201cparece uma alternativa mais digna a eles\u201d.<\/p>\n<p>\u00a0<\/p>\n<hr \/>\n<p><strong>A ONU n\u00e3o mora nas favelas<\/strong><\/p>\n<p>O relat\u00f3rio da Junta Internacional de Fiscaliza\u00e7\u00e3o de Entorpecentes, divulgado nesta ter\u00e7a-feira pela ONU, elogia a repress\u00e3o ao narcotr\u00e1fico nas favelas do Rio de Janeiro e critica a Bol\u00edvia por abandonar a Conven\u00e7\u00e3o \u00danica de Narc\u00f3ticos ao n\u00e3o concordar em reconhecer a folha de coca com droga. Absolutamente distante da realidade dos moradores, o documento, em seu t\u00f3pico \u201cComo responder ao problema\u201d, cita a a\u00e7\u00e3o conjunta da Pol\u00edcia Militar do Rio de Janeiro e das For\u00e7as Armadas na ocupa\u00e7\u00e3o de favelas como algo a ser seguido. Sobre as viola\u00e7\u00f5es de direitos humanos, nenhuma palavra.<\/p>\n<p>\u00a0<\/p>\n<hr \/>\n<p><strong>Marolinha na Avenida Paulista?<\/strong><\/p>\n<p>A ag\u00eancia de classifica\u00e7\u00e3o de risco Moody\u2019s poder\u00e1 rebaixar alguns ratings de 15 grupos de bancos e de seguros do M\u00e9xico e do Brasil. No Brasil, Bradesco, Ita\u00fa Unibanco, Banco do Brasil, Votorantim e Safra foram listados com notas superiores ao que deveriam ter. \u00c9 mais uma caracter\u00edstica da crise chegando ao pa\u00eds. Vejamos como governo e financistas v\u00e3o se comportar&#8230;<\/p>\n<p>\u00a0<\/p>\n<hr \/>\n<p><strong>Alimenta mesmo o ovo da serpente, Dilma&#8230;<\/strong><\/p>\n<p>A nota \u201cunificada\u201d\u00a0dos tr\u00eas clubes militares e a posterior chiadeira de generais de reserva quanto \u00e0s declara\u00e7\u00f5es da ministra Maria do Ros\u00e1rio sobre poss\u00edveis a\u00e7\u00f5es judiciais contra torturadores ocorreram devido \u00e0\u00a0covardia do governo petista em tratar a Comiss\u00e3o da Verdade como espa\u00e7o de imposs\u00edvel neutralidade. A resposta do Planalto, que n\u00e3o vir\u00e1,\u00a0\u00e9\u00a0pela revis\u00e3o da Lei de Anistia e pela cadeia os gorilas p\u00f3s-64. Alimentar o ovo da serpente a conta-gotas n\u00e3o poderia dar em outra coisa.<\/p>\n","protected":false},"excerpt":{"rendered":"\n\n\n\n\n\n\n\n\n\n\n\nD\u00edvida (sic) de R$ 1,8 trilh\u00e3o\nO\u00a0Olhar Comunista desta semana destaca a d\u00edvida p\u00fablica de R$ 1,801 trilh\u00e3o, verdadeiro esc\u00e1rnio a sangrar o povo brasileiro.\n<a class=\"moretag\" href=\"https:\/\/pcb.org.br\/portal2\/2475\"> <\/a>","protected":false},"author":1,"featured_media":0,"comment_status":"open","ping_status":"open","sticky":false,"template":"","format":"standard","meta":{"jetpack_post_was_ever_published":false,"_jetpack_newsletter_access":"","_jetpack_dont_email_post_to_subs":false,"_jetpack_newsletter_tier_id":0,"_jetpack_memberships_contains_paywalled_content":false,"_jetpack_memberships_contains_paid_content":false,"footnotes":"","jetpack_publicize_message":"","jetpack_publicize_feature_enabled":true,"jetpack_social_post_already_shared":false,"jetpack_social_options":{"image_generator_settings":{"template":"highway","default_image_id":0,"font":"","enabled":false},"version":2}},"categories":[100],"tags":[],"class_list":["post-2475","post","type-post","status-publish","format-standard","hentry","category-c113-a-semana-no-olhar-comunista"],"jetpack_publicize_connections":[],"jetpack_featured_media_url":"","jetpack_shortlink":"https:\/\/wp.me\/p659gw-DV","jetpack-related-posts":[],"jetpack_likes_enabled":true,"jetpack_sharing_enabled":true,"_links":{"self":[{"href":"https:\/\/pcb.org.br\/portal2\/wp-json\/wp\/v2\/posts\/2475","targetHints":{"allow":["GET"]}}],"collection":[{"href":"https:\/\/pcb.org.br\/portal2\/wp-json\/wp\/v2\/posts"}],"about":[{"href":"https:\/\/pcb.org.br\/portal2\/wp-json\/wp\/v2\/types\/post"}],"author":[{"embeddable":true,"href":"https:\/\/pcb.org.br\/portal2\/wp-json\/wp\/v2\/users\/1"}],"replies":[{"embeddable":true,"href":"https:\/\/pcb.org.br\/portal2\/wp-json\/wp\/v2\/comments?post=2475"}],"version-history":[{"count":0,"href":"https:\/\/pcb.org.br\/portal2\/wp-json\/wp\/v2\/posts\/2475\/revisions"}],"wp:attachment":[{"href":"https:\/\/pcb.org.br\/portal2\/wp-json\/wp\/v2\/media?parent=2475"}],"wp:term":[{"taxonomy":"category","embeddable":true,"href":"https:\/\/pcb.org.br\/portal2\/wp-json\/wp\/v2\/categories?post=2475"},{"taxonomy":"post_tag","embeddable":true,"href":"https:\/\/pcb.org.br\/portal2\/wp-json\/wp\/v2\/tags?post=2475"}],"curies":[{"name":"wp","href":"https:\/\/api.w.org\/{rel}","templated":true}]}}