{"id":24758,"date":"2020-01-25T01:02:43","date_gmt":"2020-01-25T04:02:43","guid":{"rendered":"https:\/\/pcb.org.br\/portal2\/?p=24758"},"modified":"2020-01-25T01:02:43","modified_gmt":"2020-01-25T04:02:43","slug":"brazil-for-sale","status":"publish","type":"post","link":"https:\/\/pcb.org.br\/portal2\/24758","title":{"rendered":"Brazil for sale*"},"content":{"rendered":"<p><img decoding=\"async\" class=\"imagem\" title=\"imagem\" src=\"https:\/\/i0.wp.com\/fup.org.br\/media\/k2\/items\/cache\/b83bd01701f0987a4394963852527a4a_L.jpg\" alt=\"imagem\" \/><!--more-->Por Afonso Costa<\/p>\n<p>O F\u00f3rum Econ\u00f4mico Mundial de Davos \u00e9 um shopping \u00e0s avessas: em vez das lojas e vendedores esperarem os compradores, s\u00e3o os compradores que esperam os vendedores. Os compradores s\u00e3o as multinacionais e o capital financeiro, enquanto os vendedores s\u00e3o os governos dos pa\u00edses subservientes ao capital internacional.<\/p>\n<p>Os governos subservientes vendem as riquezas naturais de seus pa\u00edses, empresas p\u00fablicas, direitos trabalhistas, a for\u00e7a de trabalho das suas popula\u00e7\u00f5es, sem que tenham sido eleitos para tanto, j\u00e1 que no geral os processos eleitorais s\u00e3o antidemocr\u00e1ticos, beneficiando aqueles que t\u00eam mais recursos, que mentem descaradamente para os eleitores, que escondem suas verdadeiras ideias de submiss\u00e3o.<\/p>\n<p>Est\u00e3o presentes em Davos, na Su\u00ed\u00e7a, representantes de cerca de 140 das maiores empresas do planeta, das quais muitos t\u00eam interesses diretos no Brasil, segundo relatos da imprensa.<\/p>\n<p>Guedes apresentou PPI, financiamento<\/p>\n<p>p\u00fablico para multis \u2018comprarem\u2019 estatais<\/p>\n<p>Representando o Brasil nessa verdadeira feira est\u00e3o o ministro da Economia, Paulo Guedes, e alguns dos seus assessores, j\u00e1 que o presidente da Rep\u00fablica se mostrou absolutamente incapaz no ano passado. N\u00e3o que o ministro seja alguma sumidade, mas ele sabe quais s\u00e3o os interesses do capital e como viabiliz\u00e1-los.<\/p>\n<p>Em seus pronunciamentos o ministro colocou o Brasil \u00e0 venda. Primeiro, capitalizou a reforma da Previd\u00eancia, que contribui para a destrui\u00e7\u00e3o do SUS, prejudica diretamente os trabalhadores, aposentados e pensionistas, al\u00e9m de auxiliar os regimes de previd\u00eancia privada e garantir recursos para o pagamento da falsa d\u00edvida p\u00fablica, de interesse do capital financeiro.<\/p>\n<p>A privatiza\u00e7\u00e3o dos Correios foi um dos temas abordados nas reuni\u00f5es, com interesse da estadunidense UPS. J\u00e1 a chinesa Huawei est\u00e1 de olho na telefonia. A energia e o saneamento, com destaque para a Cedae do Rio de Janeiro, tamb\u00e9m foram destacadas e objetos de interesse por parte das multinacionais, al\u00e9m da Eletrobras, Telebras, Casa da Moeda, ferrovias, rodovias e aeroportos.<\/p>\n<p>O ministro apresentou o Programa de Parcerias de Investimentos, sigla que representa financiamento p\u00fablico para as multinacionais \u201ccomprarem\u201d as empresas estatais, abordando mais de 100 projetos em curso. Em suma, colocou o pa\u00eds \u00e0 venda em condi\u00e7\u00f5es mais que facilitadas.<\/p>\n<p>Entre as preocupa\u00e7\u00f5es das empresas estrangeiras est\u00e3o a reforma tribut\u00e1ria brasileira \u2013 eles querem mais isen\u00e7\u00f5es de impostos e cr\u00e9ditos subsidiados; assim como a reforma administrativa, a fim de sucatear ainda mais as empresas p\u00fablicas, tentar calar quaisquer manifesta\u00e7\u00f5es em sua defesa, e reduzir seus pre\u00e7os.<\/p>\n<p>Para as negociatas n\u00e3o ficarem escancaradas, o meio ambiente \u00e9 um dos temas em destaque no f\u00f3rum. Foi cobrado dos representantes do atual governo brasileiro compromissos com a sua defesa, em especial da Amaz\u00f4nia.<\/p>\n<p>O ministro Paulo Guedes, tentando responder ao tema, pagou vexame at\u00e9 mesmo para os representantes das multinacionais: \u201cO pior inimigo do meio ambiente \u00e9 a pobreza. As pessoas destroem o meio ambiente porque elas precisam comer. Elas t\u00eam outras preocupa\u00e7\u00f5es, as quais n\u00e3o s\u00e3o as mesmas preocupa\u00e7\u00f5es das pessoas que j\u00e1 destru\u00edram as florestas, que j\u00e1 combateram as minorias \u00e9tnicas e todas essas coisas. \u00c9 um problema muito complexo, n\u00e3o tem uma solu\u00e7\u00e3o simples, mas o primeiro passo \u00e9 tentar acabar com todos esses obst\u00e1culos, e \u00e9 algo que n\u00f3s estamos tentando fazer agora\u201d, disse ele.<\/p>\n<p>Ao contr\u00e1rio do presidente, ele admite que existe fome no Brasil, mas culpa quem luta contra ela como se fossem os agressores do meio ambiente, n\u00e3o os verdadeiros destruidores, os ruralistas e grandes empresas que destroem cada vez a floresta e o meio ambiente como um todo.<\/p>\n<p>Medidas similares a essas defendidas pelo ministro foram adotadas em outros pa\u00edses, com imensos preju\u00edzos para seus povos. N\u00e3o deram certo l\u00e1 nem dar\u00e3o aqui, pois n\u00e3o visam o bem-estar da popula\u00e7\u00e3o, muitos menos o fortalecimento do pa\u00eds, mas apenas garantir as benesses do capital.<\/p>\n<p>Essas iniciativas s\u00e3o as verdadeiras inimigas do povo brasileiro. S\u00e3o elas que devemos combater prioritariamente, sem esquecer um poss\u00edvel totalitarismo, manifestado abertamente por integrantes e simpatizantes do governo.<\/p>\n<p>*Apesar de ser adepto do mestre Ariano Suassuna e ser contra a utiliza\u00e7\u00e3o de express\u00f5es em outra l\u00edngua que n\u00e3o a nossa, abri uma exce\u00e7\u00e3o para deixar claro o que est\u00e1 acontecendo.<\/p>\n<p>Afonso Costa<\/p>\n<p>Jornalista<\/p>\n<p>https:\/\/monitordigital.com.br\/brazil-for-sale<\/p>\n<p>Fonte da imagem: CUT RS<\/p>\n","protected":false},"excerpt":{"rendered":"<a class=\"moretag\" href=\"https:\/\/pcb.org.br\/portal2\/24758\"> <\/a>","protected":false},"author":1,"featured_media":0,"comment_status":"closed","ping_status":"closed","sticky":false,"template":"","format":"standard","meta":{"jetpack_post_was_ever_published":false,"_jetpack_newsletter_access":"","_jetpack_dont_email_post_to_subs":false,"_jetpack_newsletter_tier_id":0,"_jetpack_memberships_contains_paywalled_content":false,"_jetpack_memberships_contains_paid_content":false,"footnotes":"","jetpack_publicize_message":"","jetpack_publicize_feature_enabled":true,"jetpack_social_post_already_shared":true,"jetpack_social_options":{"image_generator_settings":{"template":"highway","default_image_id":0,"font":"","enabled":false},"version":2}},"categories":[7],"tags":[219],"class_list":["post-24758","post","type-post","status-publish","format-standard","hentry","category-s8-brasil","tag-manchete"],"jetpack_publicize_connections":[],"jetpack_featured_media_url":"","jetpack_shortlink":"https:\/\/wp.me\/p659gw-6rk","jetpack-related-posts":[],"jetpack_likes_enabled":true,"jetpack_sharing_enabled":true,"_links":{"self":[{"href":"https:\/\/pcb.org.br\/portal2\/wp-json\/wp\/v2\/posts\/24758","targetHints":{"allow":["GET"]}}],"collection":[{"href":"https:\/\/pcb.org.br\/portal2\/wp-json\/wp\/v2\/posts"}],"about":[{"href":"https:\/\/pcb.org.br\/portal2\/wp-json\/wp\/v2\/types\/post"}],"author":[{"embeddable":true,"href":"https:\/\/pcb.org.br\/portal2\/wp-json\/wp\/v2\/users\/1"}],"replies":[{"embeddable":true,"href":"https:\/\/pcb.org.br\/portal2\/wp-json\/wp\/v2\/comments?post=24758"}],"version-history":[{"count":0,"href":"https:\/\/pcb.org.br\/portal2\/wp-json\/wp\/v2\/posts\/24758\/revisions"}],"wp:attachment":[{"href":"https:\/\/pcb.org.br\/portal2\/wp-json\/wp\/v2\/media?parent=24758"}],"wp:term":[{"taxonomy":"category","embeddable":true,"href":"https:\/\/pcb.org.br\/portal2\/wp-json\/wp\/v2\/categories?post=24758"},{"taxonomy":"post_tag","embeddable":true,"href":"https:\/\/pcb.org.br\/portal2\/wp-json\/wp\/v2\/tags?post=24758"}],"curies":[{"name":"wp","href":"https:\/\/api.w.org\/{rel}","templated":true}]}}