{"id":24830,"date":"2020-02-05T08:49:11","date_gmt":"2020-02-05T11:49:11","guid":{"rendered":"https:\/\/pcb.org.br\/portal2\/?p=24830"},"modified":"2020-02-05T08:49:11","modified_gmt":"2020-02-05T11:49:11","slug":"nao-ao-plano-de-rendicao-a-israel","status":"publish","type":"post","link":"https:\/\/pcb.org.br\/portal2\/24830","title":{"rendered":"N\u00c3O ao plano de rendi\u00e7\u00e3o a Israel!"},"content":{"rendered":"<p><img decoding=\"async\" class=\"imagem\" title=\"imagem\" src=\"https:\/\/i0.wp.com\/tribfox40.files.wordpress.com\/2020\/01\/ap20028489309601.jpg\" alt=\"imagem\" \/><!--more-->Protestos em Gaza contra o chamado \u00abacordo do s\u00e9culo\u00bb &#8211; Cr\u00e9ditos \/ Morning Star<\/p>\n<p>AbrilAbril<\/p>\n<p>\u00abDepois de d\u00e9cadas apoiando o inimigo, a ocupa\u00e7\u00e3o, a agress\u00e3o contra os pa\u00edses \u00e1rabes\u00bb, os EUA est\u00e3o agora \u00abtentando eliminar os direitos hist\u00f3ricos e leg\u00edtimos do povo palestino\u00bb, denuncia o Hezbollah.<\/p>\n<p>De Cuba, da Venezuela, da S\u00edria, do Ir\u00e3, do L\u00edbano surgiram declara\u00e7\u00f5es claras de condena\u00e7\u00e3o e rep\u00fadio ao \u00abplano de paz\u00bb para o M\u00e9dio Oriente que Donald Trump apresentou no dia 28 de janeiro, ao lado de Netanyahu.<\/p>\n<p>O ministro dos Neg\u00f3cios Estrangeiros de Cuba, Bruno Rodr\u00edguez, declarou na sua conta de Twitter o rep\u00fadio por um \u00abplano de paz\u00bb que classificou como \u00abenviesado e enganoso\u00bb.<\/p>\n<p>Al\u00e9m disso, o dito plano dos EUA \u00abconsagra a ocupa\u00e7\u00e3o israelense e viola o direito inalien\u00e1vel dos palestinos a ter o seu pr\u00f3prio Estado nas fronteiras anteriores a 1967, com Jerusal\u00e9m Oriental como capital, e ao retorno dos refugiados\u00bb, escreveu o diplomata cubano.<\/p>\n<p>Por seu lado, o Minist\u00e9rio dos Neg\u00f3cios Estrangeiros da Venezuela emitiu um comunicado em que manifesta a \u00abcateg\u00f3rica rejei\u00e7\u00e3o \u00e0 proposta anexionista e arbitr\u00e1ria apresentada pelo governo dos Estados Unidos denominada &#8220;acordo do s\u00e9culo&#8221;\u00bb, uma vez que viola \u00abas normas mais elementares do direito internacional\u00bb e representa um \u00abagravo ao corajoso povo da Palestina\u00bb.<\/p>\n<p>Denunciando o conte\u00fado do plano apresentado em Washington e declarando o apoio ao direito de autodetermina\u00e7\u00e3o do povo palestino, tal como consagrado nas resolu\u00e7\u00f5es do Conselho de Seguran\u00e7a das Na\u00e7\u00f5es Unidas, a diplomacia venezuelana faz um apelo urgente \u00e0 comunidade internacional para que evite \u00abas imprevis\u00edveis consequ\u00eancias que gerariam a imposi\u00e7\u00e3o desta proposta supremacista, que mais n\u00e3o faz que criar obst\u00e1culos \u00e0s vias do di\u00e1logo\u00bb.<\/p>\n<p>O chamado \u00abacordo do s\u00e9culo\u00bb \u00e9 a \u00abreceita para a rendi\u00e7\u00e3o\u00bb a Israel<br \/>\nO governo da Rep\u00fablica \u00c1rabe da S\u00edria tamb\u00e9m expressou uma \u00abforte condena\u00e7\u00e3o\u00bb e \u00ababsoluta rejei\u00e7\u00e3o\u00bb do dito \u00abacordo do s\u00e9culo\u00bb.<\/p>\n<p>Num comunicado ontem emitido pelo Minist\u00e9rio dos Neg\u00f3cios Estrangeiros, afirma-se que o plano norte-americano evidencia mais uma vez \u00aba alian\u00e7a entre Washington e a entidade sionista na sua extrema hostilidade \u00e0 na\u00e7\u00e3o \u00e1rabe e \u00e0s suas causas\u00bb, e sublinha-se que a pol\u00edtica dos EUA no Oriente M\u00e9dio \u00abvisa mais que tudo servir os interesses de &#8220;Israel&#8221; e os seus planos expansionistas, \u00e0 custa dos direitos \u00e1rabes\u00bb.<\/p>\n<p>O plano apresentado por Donald Trump \u00e9 uma \u00abreceita para a rendi\u00e7\u00e3o \u00e0 ocupa\u00e7\u00e3o usurpadora israelense\u00bb, l\u00ea-se na nota, citada pela SANA, em que se faz um apelo \u00e0 comunidade internacional para que \u00abcondene este desprezo por parte dos EUA perante a legitimidade internacional\u00bb e se reafirma o hist\u00f3rico e firme apoio de Damasco \u00e0 \u00abjusta luta do povo palestino pela recupera\u00e7\u00e3o dos seus direitos\u00bb.<\/p>\n<p>Ir\u00e3: plano \u00abmais desprez\u00edvel do s\u00e9culo\u00bb<br \/>\nO presidente do Ir\u00e3, Hassan Rouhani, classificou o \u00abplano de paz\u00bb dos EUA para o Oriente M\u00e9dio como \u00abo mais desprez\u00edvel do s\u00e9culo\u00bb. Por seu lado, Abbas Mousavi, porta-voz do Minist\u00e9rio iraniano dos Neg\u00f3cios Estrangeiros, caracterizou-o como \u00abtrai\u00e7\u00e3o do s\u00e9culo\u00bb.<\/p>\n<p>Para Mousavi, a proposta norte-americana lesa os direitos inalien\u00e1veis dos palestinos, pelo que cabe aos governos e pa\u00edses que defendem a liberdade responder a este \u00abvergonhoso plano\u00bb. \u00abA terra e o territ\u00f3rio pertencem ao povo palestino e n\u00e3o ao ocupante do regime sionista\u00bb, disse, citado pela Prensa Latina.<\/p>\n<p>Hezbollah: passo muito perigoso para regi\u00e3o<br \/>\n\u00abO acordo do s\u00e9culo \u00e9 um passo muito perigoso que ter\u00e1 graves repercuss\u00f5es no futuro da regi\u00e3o e dos seus habitantes\u00bb, alerta o movimento de resist\u00eancia liban\u00eas Hezbollah num comunicado emitido ter\u00e7a-feira, em que afirma que a proposta \u00e9, na verdade, o \u00abacordo da vergonha\u00bb.<\/p>\n<p>O Hezbollah acusa a administra\u00e7\u00e3o dos EUA de, \u00abdepois de d\u00e9cadas a apoiar o inimigo, a ocupa\u00e7\u00e3o, a agress\u00e3o e os massacres contra os pa\u00edses \u00e1rabes, hoje estar a tentar eliminar os direitos hist\u00f3ricos e leg\u00edtimos do povo palestino\u00bb, refere a HispanTV.<\/p>\n<p>O an\u00fancio de Donald Trump deixa claro que \u00aba \u00fanica op\u00e7\u00e3o para libertar os territ\u00f3rios ocupados \u00e9 resistir\u00bb, defende o movimento de resist\u00eancia liban\u00eas, que denunciou a normaliza\u00e7\u00e3o das rela\u00e7\u00f5es entre Telavive e alguns estados \u00e1rabes, nomeadamente a Ar\u00e1bia Saudita, os Emirados \u00c1rabes Unidos e o Bahrein.<\/p>\n<p>A proposta apresentada por Trump na ter\u00e7a-feira parece feita \u00e0 medida dos interesses sionistas, uma vez que reconhece a soberania de Israel sobre os colonatos na Cisjord\u00e2nia ocupada, apoia a anexa\u00e7\u00e3o por parte de Israel do Vale do Jord\u00e3o, define Jerusal\u00e9m como capital indivis\u00edvel de Israel e nega o direito de retorno dos refugiados palestinos.<\/p>\n<p>A Palestina pode ser um Estado, mas sob estritas condi\u00e7\u00f5es, que implicam nomeadamente a desmilitariza\u00e7\u00e3o da resist\u00eancia e aquilo a que os EUA chamam a \u00abrejei\u00e7\u00e3o do terrorismo\u00bb.<\/p>\n","protected":false},"excerpt":{"rendered":"<a class=\"moretag\" href=\"https:\/\/pcb.org.br\/portal2\/24830\"> <\/a>","protected":false},"author":1,"featured_media":0,"comment_status":"closed","ping_status":"closed","sticky":false,"template":"","format":"standard","meta":{"jetpack_post_was_ever_published":false,"_jetpack_newsletter_access":"","_jetpack_dont_email_post_to_subs":false,"_jetpack_newsletter_tier_id":0,"_jetpack_memberships_contains_paywalled_content":false,"_jetpack_memberships_contains_paid_content":false,"footnotes":"","jetpack_publicize_message":"","jetpack_publicize_feature_enabled":true,"jetpack_social_post_already_shared":true,"jetpack_social_options":{"image_generator_settings":{"template":"highway","default_image_id":0,"font":"","enabled":false},"version":2}},"categories":[78],"tags":[226],"class_list":["post-24830","post","type-post","status-publish","format-standard","hentry","category-c91-solidariedade-a-palestina","tag-4b"],"jetpack_publicize_connections":[],"jetpack_featured_media_url":"","jetpack_shortlink":"https:\/\/wp.me\/p659gw-6su","jetpack-related-posts":[],"jetpack_likes_enabled":true,"jetpack_sharing_enabled":true,"_links":{"self":[{"href":"https:\/\/pcb.org.br\/portal2\/wp-json\/wp\/v2\/posts\/24830","targetHints":{"allow":["GET"]}}],"collection":[{"href":"https:\/\/pcb.org.br\/portal2\/wp-json\/wp\/v2\/posts"}],"about":[{"href":"https:\/\/pcb.org.br\/portal2\/wp-json\/wp\/v2\/types\/post"}],"author":[{"embeddable":true,"href":"https:\/\/pcb.org.br\/portal2\/wp-json\/wp\/v2\/users\/1"}],"replies":[{"embeddable":true,"href":"https:\/\/pcb.org.br\/portal2\/wp-json\/wp\/v2\/comments?post=24830"}],"version-history":[{"count":0,"href":"https:\/\/pcb.org.br\/portal2\/wp-json\/wp\/v2\/posts\/24830\/revisions"}],"wp:attachment":[{"href":"https:\/\/pcb.org.br\/portal2\/wp-json\/wp\/v2\/media?parent=24830"}],"wp:term":[{"taxonomy":"category","embeddable":true,"href":"https:\/\/pcb.org.br\/portal2\/wp-json\/wp\/v2\/categories?post=24830"},{"taxonomy":"post_tag","embeddable":true,"href":"https:\/\/pcb.org.br\/portal2\/wp-json\/wp\/v2\/tags?post=24830"}],"curies":[{"name":"wp","href":"https:\/\/api.w.org\/{rel}","templated":true}]}}