{"id":24960,"date":"2020-02-22T00:10:04","date_gmt":"2020-02-22T03:10:04","guid":{"rendered":"https:\/\/pcb.org.br\/portal2\/?p=24960"},"modified":"2020-02-28T00:41:23","modified_gmt":"2020-02-28T03:41:23","slug":"repudio-ao-ataque-fascista-ao-psol-niteroi","status":"publish","type":"post","link":"https:\/\/pcb.org.br\/portal2\/24960","title":{"rendered":"Rep\u00fadio ao ataque fascista ao PSOL -Niter\u00f3i"},"content":{"rendered":"<p><img decoding=\"async\" class=\"imagem\" title=\"imagem\" src=\"https:\/\/i0.wp.com\/uploads.metropoles.com\/wp-content\/uploads\/2020\/02\/20210603\/psol3.jpg\" alt=\"imagem\" \/><!--more-->Comit\u00ea Regional do PCB RJ<\/p>\n<p>ABSURDO! REVOLTANTE!<br \/>\nFASCISTAS ATACAM A SEDE DO PSOL EM NITEROI &#8211; deixam carta com forte conte\u00fado anticomunista, antissemita, islamof\u00f3bico, mis\u00f3gino e LGBTf\u00f3bico:<br \/>\n&#8220;Os judeus ateus trouxeram para c\u00e1 o comunismo, toda essa falsidade ideol\u00f3gica que s\u00f3 trouxe problemas. O comunismo no Brasil nasceu em Niter\u00f3i e morrer\u00e1 nesta cidade&#8221;(..) A maioria de n\u00f3s que somos brancos nos sentimos amea\u00e7ados e n\u00e3o somos vira-latas como voc\u00eas.(&#8230;) Acreditamos que a homossexualidade \u00e9 um desvio afetivo e que um tratamento a esta n\u00e3o deve ser impedido. O movimento LGBT n\u00e3o \u00e9 digno de respeito&#8230; O formato deste movimento n\u00e3o nos agrada, assim como o das feministas&#8221;.(&#8230;) &#8220;Os invasores que voc\u00eas dizem serem refugiados mul\u00e7umanos na Europa s\u00e3o ultraconservadores que querem a destrui\u00e7\u00e3o da cultura ocidental crist\u00e3 e secular&#8221;.<\/p>\n<p>Diante desse fato grav\u00edssimo, a Dire\u00e7\u00e3o Estadual do Partido Comunista Brasileiro divulga a seguinte nota:<\/p>\n<p>N\u00f3s, do PCB, repudiamos a viol\u00eancia sofrida por companheiras e companheiros do Psol que tiveram sua sede e sua organiza\u00e7\u00e3o atacadas numa a\u00e7\u00e3o da extrema-direita que fere a mem\u00f3ria da militante e vereadora Marielle Franco.<\/p>\n<p>A a\u00e7\u00e3o, que diz respeito a toda e a todo militante comunista e socialista, ocorre num contexto de ofensiva da extrema-direita e de fascistiza\u00e7\u00e3o da sociedade e das institui\u00e7\u00f5es, ancoradas na pol\u00edtica de extrema-direita representada em seu n\u00facleo pelo governo Bolsonaro, em esfera federal, e pelo governo de Witzel, no Rio de Janeiro.<\/p>\n<p>A escalada da viol\u00eancia estatal, a militariza\u00e7\u00e3o da seguran\u00e7a p\u00fablica e a banaliza\u00e7\u00e3o do discurso baseado na intoler\u00e2ncia e no \u00f3dio s\u00e3o aspectos de uma mesma ofensiva destinada a legitimar a criminaliza\u00e7\u00e3o das lutadoras e lutadores sociais e a pavimentar a destrui\u00e7\u00e3o de direitos.<\/p>\n<p>Prestamos nossa solidariedade militante \u00e0s companheiras e aos companheiros do Psol e a todas e todos militantes socialistas e comunistas, com quem nos identificamos.<\/p>\n<p>Orientamos a todas e a todos a redobrarem aten\u00e7\u00e3o diante desse flagrante ataque \u00e0s organiza\u00e7\u00f5es pol\u00edticas e sociais que lutam por uma sociedade mais fraterna, solid\u00e1ria e igualit\u00e1ria.<\/p>\n<p>Combateremos o fascismo em todas suas dimens\u00f5es.<\/p>\n<p>PCB RJ<\/p>\n","protected":false},"excerpt":{"rendered":"<a class=\"moretag\" href=\"https:\/\/pcb.org.br\/portal2\/24960\"> <\/a>","protected":false},"author":1,"featured_media":0,"comment_status":"closed","ping_status":"closed","sticky":false,"template":"","format":"standard","meta":{"jetpack_post_was_ever_published":false,"_jetpack_newsletter_access":"","_jetpack_dont_email_post_to_subs":false,"_jetpack_newsletter_tier_id":0,"_jetpack_memberships_contains_paywalled_content":false,"_jetpack_memberships_contains_paid_content":false,"footnotes":"","jetpack_publicize_message":"","jetpack_publicize_feature_enabled":true,"jetpack_social_post_already_shared":true,"jetpack_social_options":{"image_generator_settings":{"template":"highway","default_image_id":0,"font":"","enabled":false},"version":2}},"categories":[26],"tags":[223,246],"class_list":["post-24960","post","type-post","status-publish","format-standard","hentry","category-c25-notas-politicas-do-pcb","tag-3a","tag-np"],"jetpack_publicize_connections":[],"jetpack_featured_media_url":"","jetpack_shortlink":"https:\/\/wp.me\/p659gw-6uA","jetpack-related-posts":[],"jetpack_likes_enabled":true,"jetpack_sharing_enabled":true,"_links":{"self":[{"href":"https:\/\/pcb.org.br\/portal2\/wp-json\/wp\/v2\/posts\/24960","targetHints":{"allow":["GET"]}}],"collection":[{"href":"https:\/\/pcb.org.br\/portal2\/wp-json\/wp\/v2\/posts"}],"about":[{"href":"https:\/\/pcb.org.br\/portal2\/wp-json\/wp\/v2\/types\/post"}],"author":[{"embeddable":true,"href":"https:\/\/pcb.org.br\/portal2\/wp-json\/wp\/v2\/users\/1"}],"replies":[{"embeddable":true,"href":"https:\/\/pcb.org.br\/portal2\/wp-json\/wp\/v2\/comments?post=24960"}],"version-history":[{"count":0,"href":"https:\/\/pcb.org.br\/portal2\/wp-json\/wp\/v2\/posts\/24960\/revisions"}],"wp:attachment":[{"href":"https:\/\/pcb.org.br\/portal2\/wp-json\/wp\/v2\/media?parent=24960"}],"wp:term":[{"taxonomy":"category","embeddable":true,"href":"https:\/\/pcb.org.br\/portal2\/wp-json\/wp\/v2\/categories?post=24960"},{"taxonomy":"post_tag","embeddable":true,"href":"https:\/\/pcb.org.br\/portal2\/wp-json\/wp\/v2\/tags?post=24960"}],"curies":[{"name":"wp","href":"https:\/\/api.w.org\/{rel}","templated":true}]}}