{"id":24989,"date":"2020-02-26T01:24:46","date_gmt":"2020-02-26T04:24:46","guid":{"rendered":"https:\/\/pcb.org.br\/portal2\/?p=24989"},"modified":"2020-03-05T00:47:16","modified_gmt":"2020-03-05T03:47:16","slug":"quem-sao-os-responsaveis-pela-crise","status":"publish","type":"post","link":"https:\/\/pcb.org.br\/portal2\/24989","title":{"rendered":"Quem s\u00e3o os respons\u00e1veis pela crise?"},"content":{"rendered":"<p><img decoding=\"async\" class=\"imagem\" title=\"imagem\" src=\"https:\/\/i0.wp.com\/lh3.googleusercontent.com\/RA11lILhl15asaFE3qUhzq43QJJzcInMtIRiDfK6_1rg2W2dE-n2-y1xDcMfiC88lBKROtiXOSiVTGjmnd-_HeU4J8ccUFmg6MJvYxz4SHEg1WIkKAuAYngMv-pXa7SquOFzMFJegBJ_QSduZOfvZYHtflPPaf49J4L5bo3Vc3CsO5_VUx-85lux2XfV2U-tGX8RNMbuwPHkfrfXn5mDVYL8x_K6gcA81L3BogfU9fcacotxf6MHIP5-umwr8R4h4S9RBQhhwQKWjL7Kr2C-f9LUSSmNyOwuCHJzPOv_9Q4QdNIew50Qc3bUd4ScsWu7_0DLFBbuU0EwxYgYQ9OpPkq1plaRe0524weUhvs4IjXQPTULlxntzHoRrHDIXcttGZDMKKLtc9Pfz8dwD4O7YMJuoGU6rT9xco0RrXbyF3If6HqijrhsnrhFGhfC4GwCXAzTnISAI2ug3V3MKzFghGlQIwuLWIuvMst5px7ZpQNlaNp6SEqp0-WOBOobWtZULhrsHBaMoeLdkU0StmMlo-icEa-hPozbHod6imQyJ5i6eWzz2zsmccaFY_uA3hCkVj2_8gZctn8gptcBCtq42z6ncXKW9tmYRWNOVGiszsiqnpnjGp3iQaJ06eVQbtOTVWJMYBRGEkHbEsubwd0kg7xyE71wedht0FzokryZF5ACThHDcEilNTI=s250-k-rw-no\" alt=\"imagem\" \/><!--more-->Partido Comunista Paraguaio<\/p>\n<p>Primeiramente, essa comunica\u00e7\u00e3o que estamos compartilhando, por ocasi\u00e3o de nossos 92 anos, tem o objetivo de colaborar com o encontro, a troca de ideias e a unidade dos trabalhadores e trabalhadoras, que s\u00e3o a maioria no Paraguai e no mundo, mas continuamos sendo submetidos, por uma minoria de propriet\u00e1rios de ind\u00fastrias, empresas e terras, ou seja, os empregadores, que gra\u00e7as \u00e0 manipula\u00e7\u00e3o feita por meio de sua m\u00eddia e sua cultura de individualismo e competi\u00e7\u00e3o, conseguem nos dividir e nos fazer acreditar que a pobreza e a marginalidade s\u00e3o responsabilidade de cada um de n\u00f3s.<\/p>\n<p>Os respons\u00e1veis<\/p>\n<p>A crise em que vivemos no Paraguai e no mundo \u00e9 de responsabilidade dos propriet\u00e1rios de ind\u00fastrias, neg\u00f3cios e terras. S\u00e3o os empres\u00e1rios, banqueiros e propriet\u00e1rios de terras que lideram esse projeto produtivo chamado capitalismo. O capitalismo n\u00e3o conseguiu resolver a contradi\u00e7\u00e3o gerada por uma sociedade dividida em classes: por um lado os exploradores, os donos de tudo, enquanto, por outro, encontramos os explorados, donos de nada, somente de n\u00f3s mesmos, nesta l\u00f3gica de organiza\u00e7\u00e3o da sociedade voltada a que os exploradores ganhem mais, enquanto os explorados devem ganhar menos.<\/p>\n<p>A propriedade privada sobre os meios de produ\u00e7\u00e3o de bens e servi\u00e7os gerou uma classe parasit\u00e1ria, que vive da classe que produz. Os empregadores mant\u00eam grande parte do lucro produzido pelas maiorias trabalhadoras. E quando uma crise que reduz a taxa de lucro irrompe, os empregadores operam sobre a consci\u00eancia das maiorias trabalhadoras, aproveitando a cultura individualista, competitiva e consumista, para nos fazer acreditar que eles s\u00e3o \u201caqueles que d\u00e3o trabalho\u201d e que \u00e9 hora de se apertar todos os cintos, quando na realidade n\u00e3o \u00e9 o mesmo apertar o cinto de um homem rico do que o de um homem pobre.<\/p>\n<p>A reforma tribut\u00e1ria obriga a pagar impostos aos vendedores de chips, rem\u00e9dios refrescantes e outros produtos, enquanto devolve os impostos aos propriet\u00e1rios da soja, num sinal claro de que o Estado opera a servi\u00e7o dos interesses dos ricos e despreza os pobres, al\u00e9m de tirar proveito destes. Os empregadores que operam em nosso pa\u00eds s\u00e3o fantoches das grandes empresas estrangeiras que dominam os mercados, fixam os pre\u00e7os, monopolizam as exporta\u00e7\u00f5es e importa\u00e7\u00f5es, destroem a natureza, poluem o meio ambiente e estimulam as rela\u00e7\u00f5es de trabalho que n\u00e3o mais garantem previd\u00eancia social, seguro sa\u00fade, aposentadoria de trabalhadores e trabalhadoras. Al\u00e9m disso, s\u00e3o os empregadores que instalaram a corrup\u00e7\u00e3o atrav\u00e9s do suborno nos tr\u00eas poderes do Estado e em todas as institui\u00e7\u00f5es p\u00fablicas e privadas, com a sonega\u00e7\u00e3o de impostos, viola\u00e7\u00e3o do c\u00f3digo trabalhista, tr\u00e1fico de drogas, contrabando em larga escala e v\u00e1rias maneiras de maximizar seus lucros, evitando a responsabilidade social.<\/p>\n<p>O governo de fraudes, liderado por Mario Abdo Ben\u00edtez (h), \u00e9 a ponta de lan\u00e7a dos interesses dos exploradores, liderados pelo governo dos EUA, juntamente com empres\u00e1rios e propriet\u00e1rios de terras brasileiros, al\u00e9m de outros monop\u00f3lios estrangeiros, principalmente europeus. Tamb\u00e9m as dire\u00e7\u00f5es pol\u00edticas dos partidos conservadores, como Colorado, Liberal, P\u00e1tria, Vamos, Encontro Nacional, Partido Democr\u00e1tico Progressista, defendem os mesmos interesses mesquinhos, individualistas, predadores, estimuladores da competi\u00e7\u00e3o selvagem e da total depend\u00eancia ao capital imperialista liderado pelos EUA.<\/p>\n<p>Devemos desmascarar esses respons\u00e1veis e enfrentar, de forma organizada, recuperando sindicatos solid\u00e1rios, unidos e fi\u00e9is defensores dos interesses dos movimentos da classe trabalhadora, camponesa, estudantil, de bairro, cultural e ind\u00edgena, capazes de trabalhar coletivamente no planejamento e realiza\u00e7\u00e3o de lutas amplas, criativas e combativas, desenvolvendo um projeto pol\u00edtico cujo objetivo \u00e9 o poder para os trabalhadores. Para a constru\u00e7\u00e3o deste projeto, existe um Partido Comunista Paraguaio que, h\u00e1 92 anos, desafia os propriet\u00e1rios, sem qualquer mancha de corrup\u00e7\u00e3o e que, com milit\u00e2ncia renovada e tirando li\u00e7\u00f5es de sua rica experi\u00eancia, atua diariamente junto com a classe trabalhadora e o campesinato, visando recuperar a confian\u00e7a na for\u00e7a das maiorias oper\u00e1rias para dirigir o Paraguai<\/p>\n<p>Mas por que h\u00e1 crise?<\/p>\n<p>A fome, a falta de sa\u00fade p\u00fablica gratuita e de qualidade, o desenvolvimento de uma educa\u00e7\u00e3o med\u00edocre e a servi\u00e7o dos interesses comerciais, a invas\u00e3o de terras por fazendeiros e fazendeiras, de 1883 at\u00e9 os dias atuais, os sal\u00e1rios muito baixos e a aus\u00eancia de contratos coletivos, de condi\u00e7\u00f5es de trabalho que protejam a seguridade social, seguro sa\u00fade e aposentadoria dos trabalhadores, a alta informalidade que empurra milh\u00f5es de trabalhadores a resolver seus problemas dia a dia, sem nenhuma prote\u00e7\u00e3o ou garantia, tudo isso faz parte do projeto capitalista no Paraguai.<\/p>\n<p>No mundo de hoje, se multiplicam conflitos, guerras e amea\u00e7as de guerra, doen\u00e7as e polui\u00e7\u00e3o do meio ambiente, assim como vemos mulheres trabalhadoras e trabalhadores que perdem seus empregos e n\u00e3o conseguem mais exercer o que sabem fazer, ou profissionais que n\u00e3o conseguem exercer sua profiss\u00e3o. Essa situa\u00e7\u00e3o gera muita frustra\u00e7\u00e3o e desmoraliza\u00e7\u00e3o, devido \u00e0s incertezas e ang\u00fastias que dominam a vida cotidiana, muito bem trabalhadas pela m\u00eddia que nos faz acreditar que \u00e9 nossa culpa, como resultado da cultura individualista promovida por elas.<\/p>\n<p>A juventude trabalhadora, assim como as mulheres s\u00e3o exploradas de maneira mais miser\u00e1vel, com empregos sem contratos ou contratos que n\u00e3o s\u00e3o cumpridos, sendo for\u00e7ados e for\u00e7adas a trabalhar 10, 12 ou mais horas, com sal\u00e1rios de fome. Ou a quantidade de fam\u00edlias camponesas que precisam migrar para os centros urbanos, onde se somam \u00e0s mulheres, homens, meninas e meninos, para resolver sua sobreviv\u00eancia nas ruas, realizando trabalhos espor\u00e1dicos, pedindo esmolas, entrando no circuito da prostitui\u00e7\u00e3o ou roubando quem pode.<\/p>\n<p>As patronais querem acabar com a aposentadoria, querem impor sal\u00e1rios mais baixos, mais informalidade. Elas querem romper com a estabilidade no emprego, criminalizar os acordos de negocia\u00e7\u00e3o coletiva e os sindicatos. Est\u00e3o trabalhando em uma pol\u00edtica de usurpa\u00e7\u00e3o total da terra, inventando t\u00edtulos para despejar fam\u00edlias rurais e urbanas. Envenenam a terra com agroqu\u00edmicos. Agem pela privatiza\u00e7\u00e3o da ANDE e a entrega de Itaipu. Querem privatizar o sistema prisional para ganhar dinheiro tamb\u00e9m nessa \u00e1rea. Continuam a aplicar uma educa\u00e7\u00e3o mesquinha, individualista, consumista e competitiva. Est\u00e3o obedientemente aplicando as pol\u00edticas ditadas pelos EUA e outros monop\u00f3lios imperialistas.<\/p>\n<p>De nossa parte, insistimos: a responsabilidade pertence \u00e0queles que conduzem o modo de produ\u00e7\u00e3o capitalista em nosso pa\u00eds e no mundo. O capitalismo est\u00e1 em crise. Sua crise \u00e9 estrutural, ou seja, a contradi\u00e7\u00e3o entre empregadores e empregados, que \u00e9 cercada por uma cultura que coloca o ganho individual em primeiro lugar, legitimando a explora\u00e7\u00e3o como uma forma de submiss\u00e3o e constru\u00e7\u00e3o de privil\u00e9gios, n\u00e3o ser\u00e1 superada dentro deste sistema. Por isso \u00e9 necess\u00e1rio exigir justi\u00e7a e continuar desenvolvendo um projeto que possa superar essa ordem produtiva violenta e selvagem, para construir outro onde as maiorias possam realmente dirigir coletivamente e em conjunto o seu destino.<\/p>\n<p>Ent\u00e3o, como superar essa situa\u00e7\u00e3o?<\/p>\n<p>A solidariedade entre trabalhadores e trabalhadoras \u00e9 uma arma poderosa para enfrentar esta crise. Organiza\u00e7\u00e3o, solidariedade, encontro e unidade da classe trabalhadora, tanto em nosso pa\u00eds como em todo o mundo. E dizemos que o mundo inteiro, porque os problemas e o modo de vida das maiorias trabalhadoras t\u00eam muita semelhan\u00e7a em todos os pa\u00edses do mundo. Temos mais coincid\u00eancias com trabalhadores de um pa\u00eds distante do que com os empregadores que nasceram no Paraguai.<\/p>\n<p>Um projeto de mudan\u00e7as m\u00ednimas em nosso pa\u00eds tem que recuperar os milh\u00f5es de hectares roubados por agricultores e pecuaristas; tem que superar a depend\u00eancia humilhante perante o capital imperialista e as grandes pot\u00eancias estrangeiras. Precisa desenvolver ind\u00fastrias sustent\u00e1veis capazes de valorizar a riqueza e a criatividade naturais que possuem os que habitam o Paraguai. E, para avan\u00e7ar em uma democracia real, devemos promover o julgamento e a puni\u00e7\u00e3o de torturadores e saqueadores stroessnistas. As mentes mais brilhantes de nosso pa\u00eds foram presas, exiladas, torturadas, mortas e desaparecidas. Al\u00e9m disso, Stroessner e sua camarilha entregaram riquezas naturais estrat\u00e9gicas para os EUA e o Brasil, roubando escandalosamente o dinheiro do povo paraguaio.<\/p>\n<p>Depois, para avan\u00e7ar, precisamos primeiro identificar aqueles que se op\u00f5em a um projeto de desenvolvimento independente com justi\u00e7a social. Nesse caso, os partidos conservadores e o governo da fraude s\u00e3o as express\u00f5es pol\u00edticas da classe empresarial e propriet\u00e1ria de terras, respons\u00e1veis pela execu\u00e7\u00e3o do projeto econ\u00f4mico e pol\u00edtico imposto pelos chefes imperialistas das pot\u00eancias estrangeiras. Devemos nos opor a esse projeto com resist\u00eancia organizada para derrot\u00e1-lo e, para vencer, precisamos de muita clareza nas informa\u00e7\u00f5es com que lidamos, no conhecimento de seus projetos e nos danos que eles geram e continuar\u00e3o gerando. Essas informa\u00e7\u00f5es e esse conhecimento s\u00e3o a base para o desenvolvimento de organiza\u00e7\u00f5es s\u00f3lidas que estimulem a confian\u00e7a e a solidariedade da classe trabalhadora no campo e na cidade. A alian\u00e7a social oper\u00e1rio-camponesa e popular \u00e9 a \u00fanica capaz de gerar essa unidade das maiorias para derrotar o projeto da minoria, representado por Mario Abdo e todos os partidos conservadores.<\/p>\n<p>O nosso pa\u00eds precisa de uma revolu\u00e7\u00e3o democr\u00e1tica, agr\u00e1ria e anti-imperialista, orientada para o socialismo, para garantir que o poder econ\u00f4mico e pol\u00edtico seja exercido pelas maiorias oper\u00e1rias do campo e da cidade, recuperando toda a riqueza cultural e produtiva que desenvolvemos como povo h\u00e1 s\u00e9culos, combinando esse conhecimento com as riquezas culturais e produtivas de todo o mundo. Eles t\u00eam o sistema educacional, a m\u00eddia, o cinema, o esporte e a cultura sob seu dom\u00ednio. Nossa \u00fanica grande vantagem sobre eles \u00e9 que somos muitos mais que produzimos sob esse miser\u00e1vel sistema de explora\u00e7\u00e3o, e tamb\u00e9m na classe trabalhadora continuamos a tecer as mais belas express\u00f5es de solidariedade e trabalho coletivo. Ent\u00e3o, potencialmente, podemos derrot\u00e1-los. Vai depender muito de nossa criatividade para criar uma consci\u00eancia coletiva de nossa for\u00e7a e nos preparar para dirigir nosso pa\u00eds.<\/p>\n<p>Tradu\u00e7\u00e3o: Partido Comunista Brasileiro (PCB)<\/p>\n<p>Fonte: https:\/\/medium.com\/@pcpparaguay\/por-qu\u00e9-hay-una-crisis-qui\u00e9nes-son-los-responsables-y-c\u00f3mo-superarla-a61e2f1335a3<\/p>\n","protected":false},"excerpt":{"rendered":"<a class=\"moretag\" href=\"https:\/\/pcb.org.br\/portal2\/24989\"> <\/a>","protected":false},"author":1,"featured_media":0,"comment_status":"closed","ping_status":"closed","sticky":false,"template":"","format":"standard","meta":{"jetpack_post_was_ever_published":false,"_jetpack_newsletter_access":"","_jetpack_dont_email_post_to_subs":false,"_jetpack_newsletter_tier_id":0,"_jetpack_memberships_contains_paywalled_content":false,"_jetpack_memberships_contains_paid_content":false,"footnotes":"","jetpack_publicize_message":"","jetpack_publicize_feature_enabled":true,"jetpack_social_post_already_shared":true,"jetpack_social_options":{"image_generator_settings":{"template":"highway","default_image_id":0,"font":"","enabled":false},"version":2}},"categories":[35],"tags":[227],"class_list":["post-24989","post","type-post","status-publish","format-standard","hentry","category-c40-paraguai","tag-5a"],"jetpack_publicize_connections":[],"jetpack_featured_media_url":"","jetpack_shortlink":"https:\/\/wp.me\/p659gw-6v3","jetpack-related-posts":[],"jetpack_likes_enabled":true,"jetpack_sharing_enabled":true,"_links":{"self":[{"href":"https:\/\/pcb.org.br\/portal2\/wp-json\/wp\/v2\/posts\/24989","targetHints":{"allow":["GET"]}}],"collection":[{"href":"https:\/\/pcb.org.br\/portal2\/wp-json\/wp\/v2\/posts"}],"about":[{"href":"https:\/\/pcb.org.br\/portal2\/wp-json\/wp\/v2\/types\/post"}],"author":[{"embeddable":true,"href":"https:\/\/pcb.org.br\/portal2\/wp-json\/wp\/v2\/users\/1"}],"replies":[{"embeddable":true,"href":"https:\/\/pcb.org.br\/portal2\/wp-json\/wp\/v2\/comments?post=24989"}],"version-history":[{"count":0,"href":"https:\/\/pcb.org.br\/portal2\/wp-json\/wp\/v2\/posts\/24989\/revisions"}],"wp:attachment":[{"href":"https:\/\/pcb.org.br\/portal2\/wp-json\/wp\/v2\/media?parent=24989"}],"wp:term":[{"taxonomy":"category","embeddable":true,"href":"https:\/\/pcb.org.br\/portal2\/wp-json\/wp\/v2\/categories?post=24989"},{"taxonomy":"post_tag","embeddable":true,"href":"https:\/\/pcb.org.br\/portal2\/wp-json\/wp\/v2\/tags?post=24989"}],"curies":[{"name":"wp","href":"https:\/\/api.w.org\/{rel}","templated":true}]}}