{"id":2499,"date":"2012-03-06T23:33:47","date_gmt":"2012-03-06T23:33:47","guid":{"rendered":"http:\/\/pcb.org.br\/portal2\/?p=2499"},"modified":"2012-03-06T23:33:47","modified_gmt":"2012-03-06T23:33:47","slug":"pesquisadora-hinterlaces-52-da-intencao-de-voto-e-a-favor-de-chavez-e-34-para-capriles","status":"publish","type":"post","link":"https:\/\/pcb.org.br\/portal2\/2499","title":{"rendered":"Pesquisadora Hinterlaces: 52% da inten\u00e7\u00e3o de voto \u00e9 a favor de Ch\u00e1vez e 34% para Capriles"},"content":{"rendered":"\n<p>De acordo com os resultados do estudo Monitor Pa\u00eds realizado pela empresa de pesquisas de opini\u00e3o Hinterlaces, 52% da inten\u00e7\u00e3o de voto \u00e9 a favor do presidente Hugo Ch\u00e1vez e 34% para Henrique Capriles, informou nesta segunda-feira, 5,\u00a0 Oscar Schemel.<\/p>\n<p><span>Durante o programa A Descoberto, transmitido pelo canal privado Venevisi\u00f3n, Schemel apresentou os resultados do levantamento realizado at\u00e9 1\u00ba de mar\u00e7o, com uma margen de erro de 3,6%, no qual tamb\u00e9m se avaliaram aspectos referentes \u00e0 sa\u00fade do chefe de Estado e o impacto que teve na opini\u00e3o p\u00fablica.<\/span><\/p>\n<p>&#8220;Melhorou a avalia\u00e7\u00e3o positiva do presidente Hugo Ch\u00e1vez, se reduziu o ju\u00edzo cr\u00edtico e aumentou a posi\u00e7\u00e3o de apoio. Intensificam-se os la\u00e7os afetivos e se radicaliza o chavismo. As pessoas pensam que Ch\u00e1vez os leva em conta, os icnlui e est\u00e1 atento a eles\u201d, comentou\u00a0 Schemel.<\/p>\n<p>Depois do an\u00fancio da les\u00e3o, 52% da inten\u00e7\u00e3o de voto est\u00e3o a favor do presidente Ch\u00e1vez, enquanto 34% est\u00e3o com Capriles. Antes do an\u00fancio de dita les\u00e3o, a inten\u00e7\u00e3o de voto era de 49% e 37%, respectivamente. A distancia de ambos os \u00edndices\u00a0 \u00e9 de 18% a favor do chefe de Estado.<\/p>\n<p>O presidente da Hinterlaces agregou que 55% da popula\u00e7\u00e3o pesquisada pensam que n\u00e3o h\u00e1 outro l\u00edder revolucion\u00e1rio para continuar o proceso.<\/p>\n<p>Aduziu que 49% pensam que um candidato independente n\u00e3o teria nenhuma oportunidade de ganhar as elei\u00e7\u00f5es presidenciais.<\/p>\n<p>De igual modo, Schemel mencionou que 66% das pessoas pesquisadas t\u00eam uma avalia\u00e7\u00e3o positiva da gest\u00e3o de Ch\u00e1vez.<\/p>\n<p>&#8220;Para os venezuelanos o mandatario nacional debe continuar sua carreira a pesar de estar enfermo\u201d, disse.<\/p>\n<p>Enquanto 71% consideram que Ch\u00e1vez conseguir\u00e1 curar-se de sua molestia e participar das pr\u00f3ximas elei\u00e7\u00f5es presidenciais marcadas para 7 de outubro.<\/p>\n<p>Acrescentou que 54% dos pesquisados pensam que Ch\u00e1vez n\u00e3o mentiu quando disse que j\u00e1 estava curado do c\u00e2ncer, frente a 49% que consideram que o estado de sa\u00fade do presidente \u00e9 grave.<\/p>\n<p>N\u00e3o obstante, o estudo revelou que 52% dos cidad\u00e3os estariam de acordo com um eventual adiamento na celebra\u00e7\u00e3o das elei\u00e7\u00f5es para o m\u00eas de dezembro e 54% est\u00e3o em desacordo que Ch\u00e1vez se retire da atividade pol\u00edtica.<\/p>\n","protected":false},"excerpt":{"rendered":"\n\n\nCr\u00e9dito: AVN\n\n\n\n\n\n\n\n\nCaracas, 05 Mar. AVN.\n<a class=\"moretag\" href=\"https:\/\/pcb.org.br\/portal2\/2499\"> <\/a>","protected":false},"author":1,"featured_media":0,"comment_status":"open","ping_status":"open","sticky":false,"template":"","format":"standard","meta":{"jetpack_post_was_ever_published":false,"_jetpack_newsletter_access":"","_jetpack_dont_email_post_to_subs":false,"_jetpack_newsletter_tier_id":0,"_jetpack_memberships_contains_paywalled_content":false,"_jetpack_memberships_contains_paid_content":false,"footnotes":"","jetpack_publicize_message":"","jetpack_publicize_feature_enabled":true,"jetpack_social_post_already_shared":false,"jetpack_social_options":{"image_generator_settings":{"template":"highway","default_image_id":0,"font":"","enabled":false},"version":2}},"categories":[45],"tags":[],"class_list":["post-2499","post","type-post","status-publish","format-standard","hentry","category-c54-venezuela"],"jetpack_publicize_connections":[],"jetpack_featured_media_url":"","jetpack_shortlink":"https:\/\/wp.me\/p659gw-Ej","jetpack-related-posts":[],"jetpack_likes_enabled":true,"jetpack_sharing_enabled":true,"_links":{"self":[{"href":"https:\/\/pcb.org.br\/portal2\/wp-json\/wp\/v2\/posts\/2499","targetHints":{"allow":["GET"]}}],"collection":[{"href":"https:\/\/pcb.org.br\/portal2\/wp-json\/wp\/v2\/posts"}],"about":[{"href":"https:\/\/pcb.org.br\/portal2\/wp-json\/wp\/v2\/types\/post"}],"author":[{"embeddable":true,"href":"https:\/\/pcb.org.br\/portal2\/wp-json\/wp\/v2\/users\/1"}],"replies":[{"embeddable":true,"href":"https:\/\/pcb.org.br\/portal2\/wp-json\/wp\/v2\/comments?post=2499"}],"version-history":[{"count":0,"href":"https:\/\/pcb.org.br\/portal2\/wp-json\/wp\/v2\/posts\/2499\/revisions"}],"wp:attachment":[{"href":"https:\/\/pcb.org.br\/portal2\/wp-json\/wp\/v2\/media?parent=2499"}],"wp:term":[{"taxonomy":"category","embeddable":true,"href":"https:\/\/pcb.org.br\/portal2\/wp-json\/wp\/v2\/categories?post=2499"},{"taxonomy":"post_tag","embeddable":true,"href":"https:\/\/pcb.org.br\/portal2\/wp-json\/wp\/v2\/tags?post=2499"}],"curies":[{"name":"wp","href":"https:\/\/api.w.org\/{rel}","templated":true}]}}