{"id":24996,"date":"2020-02-26T14:11:42","date_gmt":"2020-02-26T17:11:42","guid":{"rendered":"https:\/\/pcb.org.br\/portal2\/?p=24996"},"modified":"2020-02-26T14:11:42","modified_gmt":"2020-02-26T17:11:42","slug":"marco-ja-vem-chile-inicia-ano-historico","status":"publish","type":"post","link":"https:\/\/pcb.org.br\/portal2\/24996","title":{"rendered":"&#8220;Mar\u00e7o j\u00e1 vem&#8221;: Chile inicia ano hist\u00f3rico"},"content":{"rendered":"<p><img decoding=\"async\" class=\"imagem\" title=\"imagem\" src=\"https:\/\/i0.wp.com\/www.celag.org\/wp-content\/uploads\/2020\/02\/17134-400x243.jpg\" alt=\"imagem\" \/><!--more-->(Imagem: Celag)<\/p>\n<p>por Pedro Santander | CELAG &#8211; Tradu\u00e7\u00e3o de Pedro Marin para a Revista Opera<\/p>\n<p>Mar\u00e7o come\u00e7ou no dia 23 de fevereiro no Chile. Essa peculiaridade ocorre porque o pa\u00eds andino est\u00e1 vivendo uma peculiaridade ainda maior: pela primeira vez existe a possibilidade de que a Constitui\u00e7\u00e3o no pa\u00eds seja elaborada democraticamente.<\/p>\n<p>O ciclo aberto pela explos\u00e3o social no 18 de outubro do ano passado, \u00fanica na hist\u00f3ria do pa\u00eds \u2013 tanto por sua massividade, intensidade e dura\u00e7\u00e3o como tamb\u00e9m porque n\u00e3o foi controlada atrav\u00e9s de um massacre \u2013 culminar\u00e1 sua primeira etapa no 26 de abril. Nesse dia se realizar\u00e1 um plebiscito que perguntar\u00e1 aos chilenos e \u00e0s chilenas se querem (ou n\u00e3o) uma nova Constitui\u00e7\u00e3o, e mediante qual mecanismo: conven\u00e7\u00e3o mista ou conven\u00e7\u00e3o constitucional.<\/p>\n<p>Desde 18 outubro at\u00e9 hoje aconteceram milh\u00f5es de coisas, mas talvez o mais surpreendente \u00e9 que a mobiliza\u00e7\u00e3o social tenha se mantido ativa, quente como brasa, durante o m\u00eas de fevereiro. Ocorre que, no Chile, fevereiro \u00e9 o m\u00eas das f\u00e9rias, do fechamento das escolas, universidades, do Parlamento, da sa\u00edda massiva de turistas de Santiago a outros destinos, etc., isto \u00e9, \u00e9 a \u00e9poca do ano em que h\u00e1 menos atividade pol\u00edtica. E, efetivamente, o establishment apostava que durante essas semanas de ver\u00e3o nos esquecer\u00edamos das demandas e dos protestos. N\u00e3o aconteceu. Em cada sexta-feira, nas principais cidades do pa\u00eds se realizaram importantes mobiliza\u00e7\u00f5es de rua, os enfrentamentos com os Carabineros t\u00eam sido di\u00e1rios, assim como as viola\u00e7\u00f5es aos Direitos Humanos. Hoje, j\u00e1 temos 445 pessoas com os olhos feridos (34 com perda total), 17 das quais foram atingidas s\u00f3 no m\u00eas de fevereiro, de acordo com as cifras oficiais do Instituto Nacional de Direitos Humanos (INDH).<\/p>\n<p>O ver\u00e3o tem sido quente, vermelho, mais do que qualquer um, dadas as condi\u00e7\u00f5es, poderia imaginar ou antecipar. De fato, os poucos eventos de massa que ocorreram foram marcados por protestos sociais. Por exemplo, a primeira divis\u00e3o do futebol: eles tiveram de suspender v\u00e1rias partidas por conta dos protestos dos torcedores, que lembraram nestas semanas que dois torcedores do Colo Colo foram mortos, um atropelado por uma viatura policial e o outro com um tiro na cabe\u00e7a quando protestava pela morte do primeiro. Tamb\u00e9m houve alguns festivais de ver\u00e3o nas cidades provinciais, e em todos eles ocorreram manifesta\u00e7\u00f5es do p\u00fablico com demandas sociais e, sobretudo, cantos contra Pi\u00f1era (irreproduz\u00edveis neste escrito).<\/p>\n<p>Mas agora, em 23 de fevereiro, o maior festival chega: o Festival Vi\u00f1a del Mar, que re\u00fane anualmente milhares de pessoas na Quinta Vergara, gerando os mais altos \u00edndices de audi\u00eancia televisiva, transmitidos ao mundo, e que re\u00fane artistas de classe mundial. Ser\u00e1 o bast\u00e3o que medir\u00e1 como o in\u00edcio do ano chegar\u00e1. O p\u00fablico da Quinta \u2013 conhecido como El Monstruo \u2013 \u00e9 um bom term\u00f4metro nesse sentido. E o establishment sabe disso. Por esse motivo, est\u00e3o sendo tomadas medidas para lembrar as adotadas na ditadura: detectores de metal em v\u00e1rios pontos, revista de malas para os participantes, aumento de c\u00e2meras policiais e de vigil\u00e2ncia, avisos expl\u00edcitos aos comediantes para que n\u00e3o ultrapassem os limites, aplausos falsos para cobrir os gritos contra autoridades e, o mais incr\u00edvel, a proibi\u00e7\u00e3o do uso de banners feitos por pessoas.<\/p>\n<p>Mas o El Monstruo n\u00e3o \u00e9 f\u00e1cil de controlar e intimidar, como j\u00e1 foi demonstrado nos anos 80, durante a ditadura. E agora tem uma aliada de n\u00edvel mundial, a artista Mon Laferte, que denunciou ao mundo as viola\u00e7\u00f5es de direitos humanos cometidas pelo governo de Pi\u00f1era e que entra em palco nesta segunda-feira.<\/p>\n<p>\u201cMar\u00e7o j\u00e1 vem\u201d, \u00e9 a frase que hoje se escuta em muitos rinc\u00f5es do pa\u00eds, em refer\u00eancia \u00e0 luta social. E mar\u00e7o come\u00e7a com o festival, segue com o 8 de mar\u00e7o feminista que j\u00e1 no ano passado reuniu milhares de mulheres por todo o pa\u00eds, e continua com a volta \u00e0s aulas de centenas de milhares de estudantes, culminando no Dia do Jovem Combatente, no dia 29 de mar\u00e7o, em comemora\u00e7\u00e3o e homenagem a tr\u00eas jovens do MIR, Paulina Aguirre (19 anos), Eduardo Vergara (20) e Rafael Vergara (18), assassinados por agentes do Estado em 1985.<\/p>\n<p>Mar\u00e7o j\u00e1 vem, e ser\u00e1 esse um m\u00eas decisivo para ver se o ciclo aberto no 18 de outubro pelo povo do Chile, que por\u00e1 fim na transi\u00e7\u00e3o, se encerrar\u00e1 num plebiscito \u00e0 direita \u2013 com o \u201crecha\u00e7o\u201d \u2013 ou pelo lado popular \u2013 com a op\u00e7\u00e3o \u201caprovo\u201d -, e, sobretudo, se triunfa o mecanismo de \u201cconven\u00e7\u00e3o constitucional\u201d.<\/p>\n<p>Todos parecem se preparar para o que vem. Vejamos o que nos dir\u00e1 mar\u00e7o em fevereiro.<\/p>\n<p>Pedro Marin<br \/>\n24 anos, \u00e9 editor-chefe e fundador da Revista Opera. Foi correspondente na Venezuela pela mesma publica\u00e7\u00e3o, e articulista e correspondente internacional no Brasil pelo site Global Independent Analytics. Tem artigos publicados em sites como Truthout, Russia Insider, New Cold War, OffGuardian, Latin America Bureau, Konkret Media e Periferia Prensa. \u00c9 autor de &#8220;Golpe \u00e9 Guerra &#8211; Teses para enterrar 2016&#8221;.<\/p>\n","protected":false},"excerpt":{"rendered":"<a class=\"moretag\" href=\"https:\/\/pcb.org.br\/portal2\/24996\"> <\/a>","protected":false},"author":1,"featured_media":0,"comment_status":"closed","ping_status":"closed","sticky":false,"template":"","format":"standard","meta":{"jetpack_post_was_ever_published":false,"_jetpack_newsletter_access":"","_jetpack_dont_email_post_to_subs":false,"_jetpack_newsletter_tier_id":0,"_jetpack_memberships_contains_paywalled_content":false,"_jetpack_memberships_contains_paid_content":false,"footnotes":"","jetpack_publicize_message":"","jetpack_publicize_feature_enabled":true,"jetpack_social_post_already_shared":true,"jetpack_social_options":{"image_generator_settings":{"template":"highway","default_image_id":0,"font":"","enabled":false},"version":2}},"categories":[87],"tags":[233],"class_list":["post-24996","post","type-post","status-publish","format-standard","hentry","category-c100-chile","tag-6a"],"jetpack_publicize_connections":[],"jetpack_featured_media_url":"","jetpack_shortlink":"https:\/\/wp.me\/p659gw-6va","jetpack-related-posts":[],"jetpack_likes_enabled":true,"jetpack_sharing_enabled":true,"_links":{"self":[{"href":"https:\/\/pcb.org.br\/portal2\/wp-json\/wp\/v2\/posts\/24996","targetHints":{"allow":["GET"]}}],"collection":[{"href":"https:\/\/pcb.org.br\/portal2\/wp-json\/wp\/v2\/posts"}],"about":[{"href":"https:\/\/pcb.org.br\/portal2\/wp-json\/wp\/v2\/types\/post"}],"author":[{"embeddable":true,"href":"https:\/\/pcb.org.br\/portal2\/wp-json\/wp\/v2\/users\/1"}],"replies":[{"embeddable":true,"href":"https:\/\/pcb.org.br\/portal2\/wp-json\/wp\/v2\/comments?post=24996"}],"version-history":[{"count":0,"href":"https:\/\/pcb.org.br\/portal2\/wp-json\/wp\/v2\/posts\/24996\/revisions"}],"wp:attachment":[{"href":"https:\/\/pcb.org.br\/portal2\/wp-json\/wp\/v2\/media?parent=24996"}],"wp:term":[{"taxonomy":"category","embeddable":true,"href":"https:\/\/pcb.org.br\/portal2\/wp-json\/wp\/v2\/categories?post=24996"},{"taxonomy":"post_tag","embeddable":true,"href":"https:\/\/pcb.org.br\/portal2\/wp-json\/wp\/v2\/tags?post=24996"}],"curies":[{"name":"wp","href":"https:\/\/api.w.org\/{rel}","templated":true}]}}