{"id":250,"date":"2010-01-11T21:39:00","date_gmt":"2010-01-11T21:39:00","guid":{"rendered":"http:\/\/pcb.org.br\/portal2\/?p=250"},"modified":"2010-01-11T21:39:00","modified_gmt":"2010-01-11T21:39:00","slug":"festa-em-comemoracao-aos-18-anos-de-reconstrucao-revolucionaria-do-pcb","status":"publish","type":"post","link":"https:\/\/pcb.org.br\/portal2\/250","title":{"rendered":"FESTA EM COMEMORA\u00c7\u00c3O AOS 18 ANOS DE RECONSTRU\u00c7\u00c3O REVOLUCION\u00c1RIA DO PCB"},"content":{"rendered":"\n<p>A festa de comemora\u00e7\u00e3o dos 18 anos de reconstru\u00e7\u00e3o revolucion\u00e1ria do PCB contar\u00e1 ainda com a presen\u00e7a de todos os membros do Comit\u00ea Central do Partido do pa\u00eds inteiro, que estar\u00e3o em S\u00e3o Paulo para participar da primeira reuni\u00e3o do novo Comit\u00ea Central (eleito recentemente no XIV Congresso do PCB), que se realizar\u00e1 nos dias 15, 16 e 17 de janeiro, ocasi\u00e3o em que se debater\u00e3o importantes temas da conjuntura nacional.<\/p>\n<p>Vale recordar que, em 1992, ocorreu o racha no PCB, ocasi\u00e3o em que o grupo liquidacionista, liderado por Roberto Freire, tentou dissolver o partido, num Congresso fraudado, ao fundar o PPS, hoje uma sigla de aluguel a servi\u00e7o da direita. Os comunistas que hoje constroem revolucionariamente o PCB resistiram \u00e0 liquida\u00e7\u00e3o, realizaram uma confer\u00eancia de reorganiza\u00e7\u00e3o do partido nos mesmos dias do congresso-farsa e hoje se orgulham de ter n\u00e3o s\u00f3 impedido a liquida\u00e7\u00e3o deste instrumento revolucion\u00e1rio, como tamb\u00e9m de ter transformado o PCB numa organiza\u00e7\u00e3o revolucion\u00e1ria respeitada em toda a esquerda brasileira e mundial, organizada em todo o Pa\u00eds e com um projeto de poder para os trabalhadores.<\/p>\n<p>A festa do dia 16 comemora a nossa determina\u00e7\u00e3o em seguir na constru\u00e7\u00e3o revolucion\u00e1ria do PCB e na luta pelo socialismo no Brasil. Portanto, camaradas e amigos, venham compartilhar conosco esse momento de alegria dos comunistas e brindar mais essa vit\u00f3ria da classe.<\/p>\n<p>Contamos com sua Presen\u00e7a!<\/p>\n<p>Comiss\u00e3o Organizadora<\/p>\n","protected":false},"excerpt":{"rendered":"\n\n\nCr\u00e9dito: PCB\n\n\n\n\nCamaradas e amigos\nO Comit\u00ea Central do Partido Comunista Brasileiro (PCB) convida a todos os camaradas e amigos, militantes sociais e pol\u00edticos e dirigentes das organiza\u00e7\u00f5es sociais e dos partidos pol\u00edticos a participarem da grande festa de comemora\u00e7\u00e3o dos 18 anos de reconstru\u00e7\u00e3o revolucion\u00e1ria do PCB, que em mar\u00e7o deste ano completa 88 anos. O evento ser\u00e1 realizado em S\u00e3o Paulo, no bar Lua Nova, dia 16 de janeiro, a partir das 21 horas. O bar Lua Nova fica na rua 13 de Maio, 540 (esquina com a rua Conselheiro Carr\u00e3o, no Bexiga) e a festa contar\u00e1 com a presen\u00e7a de amigos do PCB e artistas, alguns militantes do Partido, tais como Karina Fran\u00e7a, Pedro Munhoz, C\u00edcero de Crato e a banda latina Canto Livre.\n<a class=\"moretag\" href=\"https:\/\/pcb.org.br\/portal2\/250\"> <\/a>","protected":false},"author":1,"featured_media":0,"comment_status":"open","ping_status":"open","sticky":false,"template":"","format":"standard","meta":{"jetpack_post_was_ever_published":false,"_jetpack_newsletter_access":"","_jetpack_dont_email_post_to_subs":false,"_jetpack_newsletter_tier_id":0,"_jetpack_memberships_contains_paywalled_content":false,"_jetpack_memberships_contains_paid_content":false,"footnotes":"","jetpack_publicize_message":"","jetpack_publicize_feature_enabled":true,"jetpack_social_post_already_shared":false,"jetpack_social_options":{"image_generator_settings":{"template":"highway","default_image_id":0,"font":"","enabled":false},"version":2}},"categories":[50],"tags":[],"class_list":["post-250","post","type-post","status-publish","format-standard","hentry","category-c61-cultura-revolucionaria"],"jetpack_publicize_connections":[],"jetpack_featured_media_url":"","jetpack_shortlink":"https:\/\/wp.me\/p659gw-42","jetpack-related-posts":[],"jetpack_likes_enabled":true,"jetpack_sharing_enabled":true,"_links":{"self":[{"href":"https:\/\/pcb.org.br\/portal2\/wp-json\/wp\/v2\/posts\/250","targetHints":{"allow":["GET"]}}],"collection":[{"href":"https:\/\/pcb.org.br\/portal2\/wp-json\/wp\/v2\/posts"}],"about":[{"href":"https:\/\/pcb.org.br\/portal2\/wp-json\/wp\/v2\/types\/post"}],"author":[{"embeddable":true,"href":"https:\/\/pcb.org.br\/portal2\/wp-json\/wp\/v2\/users\/1"}],"replies":[{"embeddable":true,"href":"https:\/\/pcb.org.br\/portal2\/wp-json\/wp\/v2\/comments?post=250"}],"version-history":[{"count":0,"href":"https:\/\/pcb.org.br\/portal2\/wp-json\/wp\/v2\/posts\/250\/revisions"}],"wp:attachment":[{"href":"https:\/\/pcb.org.br\/portal2\/wp-json\/wp\/v2\/media?parent=250"}],"wp:term":[{"taxonomy":"category","embeddable":true,"href":"https:\/\/pcb.org.br\/portal2\/wp-json\/wp\/v2\/categories?post=250"},{"taxonomy":"post_tag","embeddable":true,"href":"https:\/\/pcb.org.br\/portal2\/wp-json\/wp\/v2\/tags?post=250"}],"curies":[{"name":"wp","href":"https:\/\/api.w.org\/{rel}","templated":true}]}}