{"id":25009,"date":"2020-02-29T02:49:13","date_gmt":"2020-02-29T05:49:13","guid":{"rendered":"https:\/\/pcb.org.br\/portal2\/?p=25009"},"modified":"2020-03-07T00:55:53","modified_gmt":"2020-03-07T03:55:53","slug":"pcb-compromisso-com-a-luta-anti-imperialista","status":"publish","type":"post","link":"https:\/\/pcb.org.br\/portal2\/25009","title":{"rendered":"PCB: compromisso com a luta anti-imperialista"},"content":{"rendered":"<p><img decoding=\"async\" class=\"imagem\" title=\"imagem\" src=\"https:\/\/i0.wp.com\/lh3.googleusercontent.com\/vp2-1lbw44XQZtGpgia3S-iym9etjTUtqXTemDqWtgMYAKJjtWC4-ggKK8Ym5iWP9s6JrG-DOQhr82_tVHH8fDeBVszz-RWf18z-bW9XGSG5YrvRIfXUUqbvLriJKB8bD2nY0SCn0YX7YxBMrMNSa394_RuUjjlAPs5YepQXw22rUcOCKdt9nTEKUrbHEhDE_8tfDyc9dK_kCeTqu3zpi2AYoUvAXFxl33OtbLgu-O3YYnpq9kkfCvYdqmvgSIaBmOIBASxSO_pNMKGzcGs7J7cFHdEPIHkax-N1YLJ3bkbxgqaP1IfSaAlYCW9Y0XN7VGL3Z5i_wei_7eF7JH4jvSeuRruqDjWFYGD0bSNGU5AYZ9Z3cYZvgxvjSIsOm2UlXhAigc8QEgDJfS2K28mcE7z97oqVMb7oW6YJt0iLNc5ikWTvI5R2e-m44Z8eYdsAOBG0CdT5Yoy3wE1rGV_8RQIMAENzcxPtL5oMoIcO177UrKnLa4rTtceDGGbCq6NLAnhcGNxIeRIaIsER24vgNsSejo9EcC83_cgKz89SggkxiH0cb0gM0YGqt--he3IFVeIebhfLSOvt0VkwIo2vG1UQjU5GiLStzDqLUFoARMhEAqXWD_UjngBR-14b5vGPMSY84GV9LlOZRTppbeuiee5UqzOv7-aj381LA1d3X3S__bJ7Bd_42kE=w720-h468-no\" alt=\"imagem\" \/><!--more-->*Por Maria Carolina de Oliveira e Marianna Rodrigues<\/p>\n<p>Entre os dias 05 e 14 de fevereiro, as militantes do PCB Maria Carol (Coordena\u00e7\u00e3o Nacional da UJC-Brasil e diretora de RI da UNE) e Marianna Rodrigues (Coordena\u00e7\u00e3o Nacional do CFCAM e diretora da ANPG) estiveram na Argentina para cumprir uma intensa agenda de atividades internacionais junto \u00e0s organiza\u00e7\u00f5es membros da Federa\u00e7\u00e3o Mundial das Juventudes Democr\u00e1ticas (FMJD) e Federa\u00e7\u00e3o Democr\u00e1tica Internacional das Mulheres (FDIM)<\/p>\n<p>Derrotar o golpe de Estado na Bol\u00edvia! Um resumo do encontro com Evo Morales<\/p>\n<p>A agenda teve in\u00edcio com um encontro entre FMJD e Evo Morales, no qual foram apresentados os objetivos da I Brigada Juvenil pela Paz na Bol\u00edvia. Evo Morales (MAS &#8211; IPSP | Movimento Ao Socialismo &#8211; Instrumento Pol\u00edtico por la Soberan\u00eda de los Pueblos) renunciou \u00e0 presid\u00eancia da Bol\u00edvia ap\u00f3s um golpe de Estado consumado ainda em novembro de 2019. Desde ent\u00e3o, Evo exilou-se primeiramente no M\u00e9xico e, ap\u00f3s a derrota de Macri (Cambiemos) para Alberto Fernandez (Frente de TODOS), encontra-se refugiado na Argentina ao lado de dezenas de militantes em situa\u00e7\u00e3o de ex\u00edlio.<\/p>\n<p>Ao longo da conversa, Evo fez quest\u00e3o de destacar que a decis\u00e3o para renunciar e sair do pa\u00eds n\u00e3o foi f\u00e1cil, e s\u00f3 foi tomada ap\u00f3s uma s\u00e9rie de reuni\u00f5es com lideran\u00e7as locais e internacionais. Renunciar foi uma tentativa de estancar a viol\u00eancia que tomou conta do pa\u00eds ap\u00f3s o golpe, em especial a persegui\u00e7\u00e3o pol\u00edtica contra a milit\u00e2ncia que nos \u00faltimos anos comprometeu-se em construir uma Bol\u00edvia plurinacional, pluri\u00e9tnica, com menos desigualdade e mais democr\u00e1tica.<\/p>\n<p>De fato, al\u00e9m da tomada de todas as institui\u00e7\u00f5es &#8211; os tr\u00eas poderes, em especial o judicial; a pol\u00edcia; os meios de comunica\u00e7\u00e3o -, os golpistas criaram uma situa\u00e7\u00e3o ca\u00f3tica nas ruas, com uso abusivo da viol\u00eancia e pr\u00e1ticas de tortura, sendo que o n\u00famero conhecido de militantes assassinados j\u00e1 alcan\u00e7ou 32. A presidenta interina e autoproclamada da Bol\u00edvia, Jeanine \u00c1\u00f1ez, n\u00e3o tomou provid\u00eancias frente a esses casos e, ao contr\u00e1rio, foi protagonista da imposi\u00e7\u00e3o do terror sobre a popula\u00e7\u00e3o. A \u00fanica medida foi convocar elei\u00e7\u00f5es gerais para maio de 2020, das quais o MAS &#8211; IPSP vai participar e tem a convic\u00e7\u00e3o de que pode vencer.<\/p>\n<p>Embora seja bastante evidente para Evo e sua milit\u00e2ncia que o golpe est\u00e1 sendo financiado por governos de pa\u00edses imperialistas, sobretudo pelos Estados Unidos, e apoiado por governos de extrema direita no continente, n\u00e3o se pode deixar em segundo plano uma an\u00e1lise das pr\u00f3prias t\u00e1ticas de governo implementadas nos \u00faltimos anos. Nas pr\u00f3prias palavras de Evo, encontra-se um profundo sentimento de autocr\u00edtica sobre determinadas escolhas, em especial no que tange \u00e0 ampla abertura dos minist\u00e9rios e ao abandono do trabalho ideol\u00f3gico. Nos anos mais intensos de luta de massas na Bol\u00edvia, quando Evo firmava-se como dirigente pol\u00edtico e, mais tarde, o maior l\u00edder popular do pa\u00eds, a for\u00e7a motriz do movimento de cocaleiros sempre foi o anseio pela liberta\u00e7\u00e3o da Bol\u00edvia das m\u00e3os dos colonizadores e imperialistas, raz\u00e3o pela qual as a\u00e7\u00f5es pol\u00edticas em geral continham um expl\u00edcito vi\u00e9s plurinacional, pluri\u00e9tnica e anticapitalista.<\/p>\n<p>As conquistas econ\u00f4micas da Bol\u00edvia de Evo n\u00e3o modificaram este anseio em meio \u00e0s bases, mas diversos minist\u00e9rios e espa\u00e7os estrat\u00e9gicos, centrais para aprofundar essa pol\u00edtica, foram colocados nas m\u00e3os de pessoas sem nenhum compromisso com as lutas origin\u00e1rias do pa\u00eds, representantes exclusivos de interesses externos ou particulares. Com efeito, nos \u00faltimos meses, Evo teve de enfrentar a dura realidade de ter, em meio ao seu pr\u00f3prio governo, agentes pr\u00f3-golpe.<\/p>\n<p>Nesse sentido, o cen\u00e1rio que apresenta-se hoje exige mais do que uma t\u00e1tica para vencer um processo eleitoral. Mesmo com uma poss\u00edvel vit\u00f3ria de Lu\u00eds Arce (candidato \u00e0 presid\u00eancia pelo MAS &#8211; IPSP) em maio, e ainda que se alcance uma maioria de deputados e senadores &#8211; porque a maioria da popula\u00e7\u00e3o sem d\u00favidas est\u00e1 contra o Golpe -, apenas a implementa\u00e7\u00e3o de reformas estruturais imediatas v\u00e3o permitir que se alcance a paz e condi\u00e7\u00f5es mais dignas para o povo boliviano. De todo modo, a t\u00e1tica eleitoral tamb\u00e9m n\u00e3o se realizar\u00e1 de maneira simples: a recente proibi\u00e7\u00e3o de Evo Morales candidatar-se ao senado, noticiada no dia 19 de fevereiro, demonstra explicitamente que o processo eleitoral n\u00e3o ser\u00e1 justo, tampouco limpo, e ter\u00e1 como principal objetivo consolidar o golpe de Estado no pa\u00eds. Evo e o conjunto da milit\u00e2ncia do MAS IPSP est\u00e3o cientes destas condi\u00e7\u00f5es e necessitam, com urg\u00eancia, da amplia\u00e7\u00e3o da rede de solidariedade internacionalista para intensificarem a agenda de luta.<\/p>\n<p>I Brigada Juvenil pela Paz na Bol\u00edvia \u201cGerman Lozano\u201d<\/p>\n<p>Uma delega\u00e7\u00e3o com mais de 20 delegados de diferentes pa\u00edses (Argentina, Brasil, Col\u00f4mbia, Espanha e Paraguai) encaminhou-se para Salta, regi\u00e3o fronteiri\u00e7a com a Bol\u00edvia. L\u00e1 estivemos entre os dias 9 e 12 de fevereiro, reunidos com companheiros bolivianos que se encontram em situa\u00e7\u00e3o de ex\u00edlio e militantes da La Liga Argentina por los Derechos Humanos, institui\u00e7\u00e3o que tem organizado corredores humanit\u00e1rios para acolher o povo boliviano em luta contra o golpe e que atua permanentemente pela liberdade de presas e presos pol\u00edticos na Argentina.<\/p>\n<p>Al\u00e9m de expressar nossa solidariedade, a Brigada teve o objetivo de recolher informa\u00e7\u00f5es para fortalecer a agita\u00e7\u00e3o e propaganda pela paz na Bol\u00edvia e combater o cerco midi\u00e1tico que veicula informa\u00e7\u00f5es mentirosas.<\/p>\n<p>A situa\u00e7\u00e3o na Bol\u00edvia \u00e9 t\u00e3o alarmante que, j\u00e1 na primeira semana de golpe, 36 meios de comunica\u00e7\u00e3o comunit\u00e1rios foram fechados e, hoje, h\u00e1 apenas um meio de comunica\u00e7\u00e3o, a r\u00e1dio Kausachun Coca, que repassa informa\u00e7\u00f5es seguras sobre a situa\u00e7\u00e3o do pa\u00eds. Nesse sentido, um compromisso que todos afirmamos \u00e9 retornar aos nossos pa\u00edses para divulgar o que realmente ocorre na na\u00e7\u00e3o vizinha, refor\u00e7ar o v\u00ednculo com meios de comunica\u00e7\u00e3o para criar uma rede maior de informa\u00e7\u00f5es e ampliar os locais de ajuda humanit\u00e1ria. Inclusive, ainda em Salta, foi realizada uma Coletiva de Imprensa para publicizar as informa\u00e7\u00f5es recolhidas pela Brigada[1].<\/p>\n<p>Ao longo dos dias de Brigada em Salta, estivemos em maior contato com companheiros bolivianos que deixaram tudo para tr\u00e1s quando foram obrigados a sair do seu pa\u00eds para se manterem vivos e, ainda assim, apresentam total disposi\u00e7\u00e3o para continuar na luta pela liberta\u00e7\u00e3o. S\u00e3o defensores da milit\u00e2ncia juvenil, pois foi assim que iniciaram sua luta no movimento popular, sendo muito incisivos quando falavam da import\u00e2ncia de, em um momento de al\u00edvio das tens\u00f5es, retomar as escolas populares de forma\u00e7\u00e3o pol\u00edtica.<\/p>\n<p>O progressismo trouxe avan\u00e7os, como vimos na Bol\u00edvia e nas demais experi\u00eancias na Am\u00e9rica Latina, em alguns pa\u00edses mais que os outros, mas n\u00e3o foi capaz de superar a l\u00f3gica do capital e suas in\u00fameras contradi\u00e7\u00f5es. Hoje experimentamos uma reorganiza\u00e7\u00e3o da extrema direita e suas for\u00e7as repressivas, com objetivo de garantir o aprofundamento das medidas neoliberais e, consequentemente, a piora nas condi\u00e7\u00f5es de vida e retirada de direitos da classe trabalhadora.<\/p>\n<p>Temos a urgente tarefa de impulsionar e construir a resist\u00eancia popular e anti-imperialista das e dos trabalhadores, junto da juventude e dos movimentos populares, em escalas nacionais e internacionais. Al\u00e9m disso, sabemos que nossa alian\u00e7a priorit\u00e1ria deve ser com a nossa classe, sem submet\u00ea-la a interesses conciliat\u00f3rios e que jamais poderemos abrir m\u00e3o das lutas pelo socialismo em nosso continente e no mundo!<\/p>\n<p>Construir um #8M &#8211; Dia Internacional das Mulheres Anti-imperialista: encontro entre CFCAM e Corriente Lohana Berkins<\/p>\n<p>Nosso \u00faltimo compromisso na Argentina foi um fraterno encontro com as camaradas da Corriente Nacional Lohana Berkins, instrumento de articula\u00e7\u00e3o das lutas de g\u00eanero e sexualidade do Partido Comunista da Argentina (PCA) e da Federa\u00e7\u00e3o de Jovens Comunistas (La Fede). Nesta reuni\u00e3o, refor\u00e7amos a import\u00e2ncia dos movimentos sociais latino-americanos que est\u00e3o sendo impulsionados tamb\u00e9m por bandeiras feministas, e compartilhamos da urg\u00eancia em construir um Dia Internacional das Mulheres que tenha como agenda principal a den\u00fancia do avan\u00e7o imperialista em nosso continente.<br \/>\nFinalmente, encerramos nossa agenda internacionalista com a convic\u00e7\u00e3o de que as diferentes lutas de cada pa\u00eds devem convergir para um horizonte comum, assim acumulando for\u00e7as para construir uma sociedade livre de explora\u00e7\u00e3o e opress\u00f5es!<\/p>\n<p>[1] https:\/\/www.pagina12.com.ar\/247294-hay-mas-de-30-refugiados-politicos-bolivianos-en-salta<\/p>\n","protected":false},"excerpt":{"rendered":"<a class=\"moretag\" href=\"https:\/\/pcb.org.br\/portal2\/25009\"> <\/a>","protected":false},"author":1,"featured_media":0,"comment_status":"closed","ping_status":"closed","sticky":false,"template":"","format":"standard","meta":{"jetpack_post_was_ever_published":false,"_jetpack_newsletter_access":"","_jetpack_dont_email_post_to_subs":false,"_jetpack_newsletter_tier_id":0,"_jetpack_memberships_contains_paywalled_content":false,"_jetpack_memberships_contains_paid_content":false,"footnotes":"","jetpack_publicize_message":"","jetpack_publicize_feature_enabled":true,"jetpack_social_post_already_shared":true,"jetpack_social_options":{"image_generator_settings":{"template":"highway","default_image_id":0,"font":"","enabled":false},"version":2}},"categories":[9],"tags":[222,247],"class_list":["post-25009","post","type-post","status-publish","format-standard","hentry","category-s10-internacional","tag-2b","tag-jd"],"jetpack_publicize_connections":[],"jetpack_featured_media_url":"","jetpack_shortlink":"https:\/\/wp.me\/p659gw-6vn","jetpack-related-posts":[],"jetpack_likes_enabled":true,"jetpack_sharing_enabled":true,"_links":{"self":[{"href":"https:\/\/pcb.org.br\/portal2\/wp-json\/wp\/v2\/posts\/25009","targetHints":{"allow":["GET"]}}],"collection":[{"href":"https:\/\/pcb.org.br\/portal2\/wp-json\/wp\/v2\/posts"}],"about":[{"href":"https:\/\/pcb.org.br\/portal2\/wp-json\/wp\/v2\/types\/post"}],"author":[{"embeddable":true,"href":"https:\/\/pcb.org.br\/portal2\/wp-json\/wp\/v2\/users\/1"}],"replies":[{"embeddable":true,"href":"https:\/\/pcb.org.br\/portal2\/wp-json\/wp\/v2\/comments?post=25009"}],"version-history":[{"count":0,"href":"https:\/\/pcb.org.br\/portal2\/wp-json\/wp\/v2\/posts\/25009\/revisions"}],"wp:attachment":[{"href":"https:\/\/pcb.org.br\/portal2\/wp-json\/wp\/v2\/media?parent=25009"}],"wp:term":[{"taxonomy":"category","embeddable":true,"href":"https:\/\/pcb.org.br\/portal2\/wp-json\/wp\/v2\/categories?post=25009"},{"taxonomy":"post_tag","embeddable":true,"href":"https:\/\/pcb.org.br\/portal2\/wp-json\/wp\/v2\/tags?post=25009"}],"curies":[{"name":"wp","href":"https:\/\/api.w.org\/{rel}","templated":true}]}}