{"id":2501,"date":"2012-03-06T23:42:38","date_gmt":"2012-03-06T23:42:38","guid":{"rendered":"http:\/\/pcb.org.br\/portal2\/?p=2501"},"modified":"2012-03-06T23:42:38","modified_gmt":"2012-03-06T23:42:38","slug":"agressao-imperialista-contra-a-siria-ii","status":"publish","type":"post","link":"https:\/\/pcb.org.br\/portal2\/2501","title":{"rendered":"Agress\u00e3o imperialista contra a S\u00edria (II)"},"content":{"rendered":"\n<p style=\"text-align: justify; \">An\u00e1lisis Pol\u00edtico y Social Nacional e Internacional de Venezuela y el Resto del Mundo<\/p>\n<p style=\"text-align: justify; \"><strong>Agress\u00e3o imperialista contra a S\u00edria (II)<\/strong><\/p>\n<p style=\"text-align: justify; \"><strong>Quem tem o direito de decidir o destino dos povos?<\/strong><\/p>\n<p style=\"text-align: justify; \">Carlos Maldonado<\/p>\n<p style=\"text-align: justify; \">Alguns organismos da ONU (n\u00e3o todos, e menos ainda o pleno, representado por todas as na\u00e7\u00f5es) se somaram \u00e0 campanha midi\u00e1tica contra a S\u00edria, com o objetivo de formar uma opini\u00e3o p\u00fablica conivente com seu ataque militar para, segundo os desejos do imperialismo encabe\u00e7ado pela c\u00ednica pot\u00eancia dos Estados Unidos, mudar o regime de Bashar Al Assad. Isto mostra que certas ag\u00eancias internacionais est\u00e3o sob a influ\u00eancia das pot\u00eancias e seus interesses, n\u00e3o em benef\u00edcio da grande maioria da comunidade internacional.<\/p>\n<p style=\"text-align: justify; \">Esta artimanha n\u00e3o tem outro objetivo que seja o de sobrepor-se aos mecanismos que estas mesmas pot\u00eancias criaram para frearem-se entre si, como \u00e9 o veto dos integrantes do Conselho de Seguran\u00e7a (no caso em quest\u00e3o, o da R\u00fassia e da China). Veto que at\u00e9 o momento tem sido negativo aos interesses dos Estados Unidos e seus ac\u00f3litos europeus para promover o controle da S\u00edria, enclave estrat\u00e9gico na regi\u00e3o do Oriente M\u00e9dio, como j\u00e1 foi dito outras vezes, quando foram colocados em situa\u00e7\u00e3o indefesa perante os planos expansionistas do Imp\u00e9rio. Assim, o plano \u00e9 continuar insistindo a respeito do &#8220;massacre&#8221; do regime de Assad contra seu povo para n\u00e3o mencionar, \u00e9 claro, os bandos armadas da &#8220;oposi\u00e7\u00e3o&#8221; que as mesmas pot\u00eancias acusadoras financiaram, armaram e assessoraram. Bandos que n\u00e3o t\u00eam nada de manifestantes pac\u00edficos, como a imprensa internacional divulgou tais mercen\u00e1rios.<\/p>\n<p style=\"text-align: justify; \">O intento \u00e9 levantar, por meio do seu plano de informa\u00e7\u00f5es, uma massa cr\u00edtica que lhes seja favor\u00e1vel, para que esta autoriza\u00e7\u00e3o moral possa &#8220;legitimar&#8221; um ataque que, mesmo que care\u00e7a de legalidade diante do Conselho de Seguran\u00e7a, possibilitaria que a OTAN agredisse a S\u00edria e promovesse a derrubada do seu governo leg\u00edtimo, como fizeram na L\u00edbia.<\/p>\n<p style=\"text-align: justify; \">O caso mais recente e descarado \u00e9 o papel que vem desempenhando a Comiss\u00e3o de Direitos Humanos atrav\u00e9s de sua diretoria que, sem confirmar dados, repete aqueles fornecidos pelos \u201cativistas dos Direitos Humanos\u201d, que n\u00e3o s\u00e3o mais do que ONGs financiadas pelo imperialismo, como o infelizmente c\u00e9lebre Observat\u00f3rio S\u00edrio de Direitos Humanos, com sede em Londres e o Ex\u00e9rcito Livre S\u00edrio \u2013 ELS \u2013 verdadeiros cavalos de Tr\u00f3ia em cujo seio se aglutinam agentes de \u00f3rg\u00e3os de intelig\u00eancia das pot\u00eancias e mercen\u00e1rios.<\/p>\n<p style=\"text-align: justify; \">Na Comiss\u00e3o supracitada, atreveram-se a dizer que existem mais de 7.500 v\u00edtimas do \u201cregime\u201d. Diante de tal acusa\u00e7\u00e3o sem fundamento, o delegado do governo de Damasco teve o brio de retirar-se da mesa onde se promove e estimula o assalto escandaloso a seu povo (tal como fizeram contra o da L\u00edbia), onde hoje reina a anarquia e o enfrentamento entre tribos, enquanto o petr\u00f3leo e outros recursos outrora pertencentes a seus cidad\u00e3os, agora pertencem \u00e0s pot\u00eancias que as repartiram, n\u00e3o sem antes acusar a comiss\u00e3o e sua diretoria de submeter-se a interesses neo-colonialistas.<\/p>\n<p style=\"text-align: justify; \">A esta trama v\u00eam se somando governos que precisaram ser prudentes ao definir posi\u00e7\u00f5es como as do M\u00e9xico e Col\u00f4mbia que, unindo-se \u00e0 articula\u00e7\u00e3o fascista, \u201cse mostram preocupados pela situa\u00e7\u00e3o na S\u00edria\u201d. N\u00e3o obstante, \u00e9 preciso considerar em primeiro lugar, segundo contagens conservadoras feitas por \u00f3rg\u00e3os e jornais s\u00e9rios, 67.000 mortos em apenas 4 anos de presid\u00eancia de Felipe Calder\u00f3n (16.750 por ano; 1.395 por m\u00eas), fruto de sua guerra contra o narcotr\u00e1fico onde os Estados Unidos fazem o jogo duplo de sustentar a matan\u00e7a atrav\u00e9s do seu transporte de armas ao territ\u00f3rio, vendendo-as tanto aos narcotraficantes quanto ao governo; e, por outro lado, sem fazer o suficiente para reduzir o com\u00e9rcio e o consumo de drogas em seu pr\u00f3prio pa\u00eds.<\/p>\n<p style=\"text-align: justify; \">Em segundo lugar temos, na Col\u00f4mbia, pouco ou nenhum interesse em levar a cabo um Acordo de Paz com a guerrilha das FARC, diminuindo o sofrimento da popula\u00e7\u00e3o civil, que est\u00e1 no fogo cruzado ou que \u00e9 reprimida por suspeitas insustent\u00e1veis. Com fortes acusa\u00e7\u00f5es nos f\u00f3runs internacionais de Direitos Humanos, por sua viola\u00e7\u00e3o sistem\u00e1tica a estes, pelo aparecimento de valas comuns em seu territ\u00f3rio &#8211; onde se descobriram cad\u00e1veres dos opositores a diferentes governos, em especial o rec\u00e9m findado governo de Uribe V\u00e9lez &#8211; ou pelo constrangimento de suas escutas telef\u00f4nicas e espionagem a opositores, o pa\u00eds n\u00e3o parece credenciado a fazer cr\u00edticas aos outros.<\/p>\n<p style=\"text-align: justify; \">Como reagiria o M\u00e9xico na ONU se outros pa\u00edses pedissem a interven\u00e7\u00e3o armada por parte das pot\u00eancias estrangeiras em seu territ\u00f3rio, sob pretexto de seus minguados avan\u00e7os na guerra contra o narcotr\u00e1fico? Por que essa mesma Comunidade Internacional que se pronuncia contra os supostos massacres na S\u00edria n\u00e3o se pronuncia do mesmo modo contra os que ocorrem no M\u00e9xico e na Col\u00f4mbia, que n\u00e3o apenas s\u00e3o verific\u00e1veis como tamb\u00e9m muito mais numerosos, evidenciados pelas valas comuns encontradas repletas de cad\u00e1veres e pela cobertura jornal\u00edstica? N\u00e3o seria verdade que esta guerra contra o narcotr\u00e1fico, apoiada pela pot\u00eancia mais hip\u00f3crita destes tempos, os Estados Unidos, em conluio com o ran\u00e7o olig\u00e1rquico mexicano, n\u00e3o est\u00e1 deixando excelentes dividendos a ambos, enquanto a popula\u00e7\u00e3o civil \u00e9 a que fornece a maioria dos mortos?<\/p>\n<p style=\"text-align: justify; \">E se a Comunidade Internacional, incluindo o governo colombiano, se preocupam com a S\u00edria, por que n\u00e3o se preocupam com o intermin\u00e1vel conflito que j\u00e1 ultrapassa mais de meio s\u00e9culo com seu grande rastro de mortos, desaparecidos, mutilados, sequestrados e refugiados?<\/p>\n<p style=\"text-align: justify; \">Se as pot\u00eancias \u201csugerem\u201d nos plenos que se deveria armar a oposi\u00e7\u00e3o na S\u00edria para derrubar o governo leg\u00edtimo, por que n\u00e3o armar as FARC ent\u00e3o? Ou, por que n\u00e3o armar todo aqueles que se opuserem aos seus governos, incluindo o dos Estados Unidos ou qualquer dos europeus? Aqui, todos s\u00e3o da mesma fam\u00edlia.<\/p>\n<p style=\"text-align: justify; \">Estas perversas inger\u00eancias podem acarretar s\u00e9rias consequ\u00eancias para governos democraticamente eleitos que, ao tomarem decis\u00f5es apressadas acerca de terceiros, se esquecem que t\u00eam teto de vidro. Que muitas vezes precisam de cr\u00e9dito.<\/p>\n<p style=\"text-align: justify; \">A comunidade de pa\u00edses n\u00e3o deve prestar-se a jogar o jogo do imperialismo e seus sequazes a quem no fundo nada importam a democracia, a vida e o bem-estar dos povos. A \u00fanica coisa que lhes interessa \u00e9 agenciar os recursos das demais na\u00e7\u00f5es para o bem ou para o mal, com ou sem o aval desta comunidade internacional.<\/p>\n<p style=\"text-align: justify; \">Entregar-se a isso \u00e9 crer que colocar-se a seu lado \u00e9 garantia suficiente para n\u00e3o serem atacados. Erro crasso! Valeria a pena relembrar os anos recentes de Manuel Antonio Noriega no Panam\u00e1 e de Saddam Husein no Iraque, ou mesmo Muamar Kadafi, que confiou nos l\u00edderes destas pot\u00eancias quando lhes estenderam a m\u00e3o para fechar neg\u00f3cios. Os Estados Unidos \u2013 e vou al\u00e9m, o imperialismo &#8211; n\u00e3o tem amigos, tem interesses.<\/p>\n<p style=\"text-align: justify; \">Os l\u00edderes com uma m\u00ednima cota de dignidade e vergonha o sabem. Estes s\u00e3o os que frearam o carro do imperialismo. Seus povos os ap\u00f3iam, o que lhes d\u00e1 for\u00e7a. Mas o imperialismo corre contra o tempo, motivado pelo seu desespero em busca da energia sem a qual a sua economia entraria em colapso e, portanto, a sua hegemonia sucumbiria.<\/p>\n<p style=\"text-align: justify; \">O mundo n\u00e3o poder\u00e1 suportar uma terceira guerra mundial, no entanto a loucura pode torn\u00e1-la poss\u00edvel. \u00c9 hora de unirmo-nos decididamente contra essa insanidade. E, se os psicopatas que hoje governam a na\u00e7\u00e3o mais poderosa do mundo, militarmente falando, se arrogam o direito de decidir que governo se derruba ou que l\u00edder se assassina, os cidad\u00e3os do mundo temos o direito, em defesa da vida no planeta, de fazer com que o governo dos Estados Unidos seja derrubado tamb\u00e9m. Ou n\u00e3o?<\/p>\n<p style=\"text-align: justify; \"><a href=\"mailto:cmaldonado@infom.org.gt\" target=\"_blank\">cmaldonado@infom.org.gt<\/a><\/p>\n<p style=\"text-align: justify; \">Publicaci\u00f3n Bar\u00f3metro 01-03-12<\/p>\n<p style=\"text-align: justify; \">Los contenidos de los an\u00e1lisis publicados por Bar\u00f3metro Internacional, son responsabilidad de los autores<\/p>\n<p style=\"text-align: justify; \">Agradecemos la publicaci\u00f3n de estos art\u00edculos citando esta fuente y solicitamos favor remitir a nuestro correo el Link de la pagina donde esta publicado.<\/p>\n<p>Gracias.\u00a0<a href=\"mailto:barometrointernacional@gmail.com\" target=\"_blank\">barometrointernacional@gmail.com<\/a><\/p>\n","protected":false},"excerpt":{"rendered":"\n\n\nCr\u00e9dito: 4.bp.blogspot\n\n\n\n\n\n\n\n\nDirector: Diego Olivera. Jefe De Redacci\u00f3n: Miguel Guaglianone\n<a class=\"moretag\" href=\"https:\/\/pcb.org.br\/portal2\/2501\"> <\/a>","protected":false},"author":1,"featured_media":0,"comment_status":"open","ping_status":"open","sticky":false,"template":"","format":"standard","meta":{"jetpack_post_was_ever_published":false,"_jetpack_newsletter_access":"","_jetpack_dont_email_post_to_subs":false,"_jetpack_newsletter_tier_id":0,"_jetpack_memberships_contains_paywalled_content":false,"_jetpack_memberships_contains_paid_content":false,"footnotes":"","jetpack_publicize_message":"","jetpack_publicize_feature_enabled":true,"jetpack_social_post_already_shared":false,"jetpack_social_options":{"image_generator_settings":{"template":"highway","default_image_id":0,"font":"","enabled":false},"version":2}},"categories":[38],"tags":[],"class_list":["post-2501","post","type-post","status-publish","format-standard","hentry","category-c43-imperialismo"],"jetpack_publicize_connections":[],"jetpack_featured_media_url":"","jetpack_shortlink":"https:\/\/wp.me\/p659gw-El","jetpack-related-posts":[],"jetpack_likes_enabled":true,"jetpack_sharing_enabled":true,"_links":{"self":[{"href":"https:\/\/pcb.org.br\/portal2\/wp-json\/wp\/v2\/posts\/2501","targetHints":{"allow":["GET"]}}],"collection":[{"href":"https:\/\/pcb.org.br\/portal2\/wp-json\/wp\/v2\/posts"}],"about":[{"href":"https:\/\/pcb.org.br\/portal2\/wp-json\/wp\/v2\/types\/post"}],"author":[{"embeddable":true,"href":"https:\/\/pcb.org.br\/portal2\/wp-json\/wp\/v2\/users\/1"}],"replies":[{"embeddable":true,"href":"https:\/\/pcb.org.br\/portal2\/wp-json\/wp\/v2\/comments?post=2501"}],"version-history":[{"count":0,"href":"https:\/\/pcb.org.br\/portal2\/wp-json\/wp\/v2\/posts\/2501\/revisions"}],"wp:attachment":[{"href":"https:\/\/pcb.org.br\/portal2\/wp-json\/wp\/v2\/media?parent=2501"}],"wp:term":[{"taxonomy":"category","embeddable":true,"href":"https:\/\/pcb.org.br\/portal2\/wp-json\/wp\/v2\/categories?post=2501"},{"taxonomy":"post_tag","embeddable":true,"href":"https:\/\/pcb.org.br\/portal2\/wp-json\/wp\/v2\/tags?post=2501"}],"curies":[{"name":"wp","href":"https:\/\/api.w.org\/{rel}","templated":true}]}}