{"id":2506,"date":"2012-03-07T15:50:28","date_gmt":"2012-03-07T15:50:28","guid":{"rendered":"http:\/\/pcb.org.br\/portal2\/?p=2506"},"modified":"2012-03-07T15:50:28","modified_gmt":"2012-03-07T15:50:28","slug":"as-implicacoes-sociais-da-copa-do-mundo-entrevista-com-roberto-morales","status":"publish","type":"post","link":"https:\/\/pcb.org.br\/portal2\/2506","title":{"rendered":"As implica\u00e7\u00f5es sociais da Copa do Mundo. Entrevista com Roberto Morales"},"content":{"rendered":"\n<p><strong>Os megaeventos e megaempreendimentos que est\u00e3o em curso no Brasil \u201ct\u00eam uma raiz mais profunda, quer dizer, tem a ver com o modelo de desenvolvimento econ\u00f4mico predador que reina no Brasil e, especialmente, no Rio de Janeiro\u201d, afirma o integrante do Comit\u00ea Popular da Copa.<\/strong><\/p>\n<p><strong>Confira a entrevista.<\/strong><\/p>\n<p>Os empreendimentos que garantir\u00e3o a realiza\u00e7\u00e3o da Copa do Mundo no Brasil em 2014 tamb\u00e9m est\u00e3o gerando\u00a0<a href=\"http:\/\/www.ihu.unisinos.br\/entrevistas\/505342-copa-do-mundo-2014-o-estado-paga-a-conta-e-a-iniciativa-privada-fica-com-o-lucro-entrevista-especialcom-marcos-alvito\" target=\"_blank\">impactos sociais nas cidades-sedes<\/a> do evento.\u00a0<strong>Roberto Morales<\/strong> desenvolve um levantamento para precisar quantas fam\u00edlias ser\u00e3o removidas e estima que mais de 3 mil pessoas apenas no Rio de Janeiro est\u00e3o sob amea\u00e7a. \u201cSomente na comunidade que vive na Vila Aut\u00f3dromo, na Barra da Tijuca, mais de 350 fam\u00edlias est\u00e3o sob amea\u00e7a de remo\u00e7\u00e3o\u201d, informa.<\/p>\n<p>Segundo ele, ainda n\u00e3o existe um planejamento para a realoca\u00e7\u00e3o das fam\u00edlias que ser\u00e3o removidas do local. \u201cO \u00fanico planejamento que o governo faz \u00e9 com base nos recursos que ir\u00e3o entrar a partir da constru\u00e7\u00e3o dessas obras. (&#8230;) Inclusive o programa\u00a0<strong>Minha Casa, Minha Vida<\/strong>, que no Rio de Janeiro j\u00e1 \u00e9 conhecido como Minha Casa, Minha Remo\u00e7\u00e3o, \u00e9 uma feira para tentar iludir os moradores com uma resid\u00eancia \u00e0 qual dificilmente eles ter\u00e3o acesso. Talvez 5% das fam\u00edlias sejam beneficiadas com essas moradias\u201d, enfatiza em entrevista concedida por telefone \u00e0\u00a0<strong>IHU On-Line<\/strong>.<\/p>\n<p><strong>Morales <\/strong>tamb\u00e9m destaca que os contratos assinados entre o governo brasileiro e a FIFA limitar\u00e3o o trabalho informal em torno dos est\u00e1dios, pois os vendedores ambulantes ser\u00e3o proibidos de comercializar produtos num raio de dois quil\u00f4metros dos est\u00e1dios. \u201cA\u00a0<a href=\"http:\/\/www.ihu.unisinos.br\/noticias\/505093-copadomundode-2014a-fantasiaorganizada\" target=\"_blank\">popula\u00e7\u00e3o tem uma ilus\u00e3o<\/a> de que vai lucrar com os eventos da Copa, mas na verdade ser\u00e1 brutalmente reprimida. A Copa ser\u00e1 um grande neg\u00f3cio para os empres\u00e1rios do esporte e para os representantes de bebida e comida\u201d, lamenta.<\/p>\n<p><strong>Roberto Morales<\/strong> \u00e9 assessor do deputado estadual\u00a0<strong>Marcelo Freixo<\/strong> (PSOL) e organizador da plen\u00e1ria dos movimentos sociais.<\/p>\n<p><strong>Confira a entrevista.<\/strong><\/p>\n<p><strong>IHU On-Line \u2013 Como surgiu o Comit\u00ea Popular da Copa e quais s\u00e3o suas principais a\u00e7\u00f5es?<\/strong><\/p>\n<p><strong>Roberto Morales \u2013<\/strong> O\u00a0<strong>Comit\u00ea Popular<\/strong> foi criado durante a realiza\u00e7\u00e3o do Panamericano, no Rio de Janeiro, quando, em fun\u00e7\u00e3o das obras do evento, surgiram problemas de remo\u00e7\u00e3o de diversas comunidades para a constru\u00e7\u00e3o da Vila Ol\u00edmpica e das obras referentes ao evento. As comunidades come\u00e7aram a resistir \u00e0s remo\u00e7\u00f5es e n\u00f3s conseguimos reuni-las, dando origem ao Comit\u00ea Popular. Come\u00e7amos a perceber que as remo\u00e7\u00f5es n\u00e3o eram o \u00fanico problema dos megaeventos. Vimos que havia outros fatores, como a corrup\u00e7\u00e3o. As obras do Panamericano estavam or\u00e7adas em 300 milh\u00f5es de reais, mas custaram 3,5 bilh\u00f5es. Este\u00a0<a href=\"http:\/\/www.ihu.unisinos.br\/noticias\/501136-os-privilegios-que-o-governo-propoe-dar-a-fifa-na-copa-de-2014\" target=\"_blank\">superfaturamento est\u00e1 se repetindo<\/a> novamente numa escala muito maior no Brasil e, especialmente, no Rio de Janeiro, que tamb\u00e9m sediar\u00e1 as Olimp\u00edadas.<\/p>\n<p>Percebemos que tais eventos t\u00eam uma raiz mais profunda, quer dizer, t\u00eam a ver com o modelo de desenvolvimento econ\u00f4mico predador que reina no Brasil e, especialmente, no Rio de Janeiro. Os grandes empreendimentos econ\u00f4micos tamb\u00e9m afetam popula\u00e7\u00f5es e comunidades. Um caso conhecido no Rio de Janeiro \u00e9 o do\u00a0<strong>Thyssenkrupp<\/strong>, uma ind\u00fastria sider\u00fargica que est\u00e1 afetando no m\u00ednimo oito mil pescadores que residem na regi\u00e3o onde ela est\u00e1 instalada. O\u00a0<strong>Superporto do A\u00e7u<\/strong>, onde\u00a0<strong>Eike Batista <\/strong>est\u00e1 construindo um complexo sider\u00fargico, tamb\u00e9m amea\u00e7a destruir assentamentos hist\u00f3ricos do\u00a0<strong>Movimento dos Sem Terra \u2013 MST<\/strong>.<\/p>\n<p><strong>IHU On-Line \u2013 Em fun\u00e7\u00e3o da Copa do Mundo de 2014, quantas fam\u00edlias ser\u00e3o removidas de suas casas? Como est\u00e3o sendo feitas essas remo\u00e7\u00f5es e como os moradores t\u00eam reagido?<\/strong><\/p>\n<p><strong>Roberto Morales \u2013<\/strong> Estamos ainda fazendo um levantamento para saber quantas fam\u00edlias ser\u00e3o removidas, mas posso dizer desde j\u00e1 que s\u00e3o muitas. Somente na comunidade que vive na Vila Aut\u00f3dromo, na Barra da Tijuca, mais de 350 fam\u00edlias est\u00e3o sob amea\u00e7a de remo\u00e7\u00e3o. Ainda n\u00e3o temos um n\u00famero preciso, mas certamente ser\u00e3o mais de 3 mil pessoas apenas no Rio de Janeiro.<\/p>\n<p>Essas pessoas n\u00e3o ser\u00e3o removidas apenas por causa das obras da Copa, mas tamb\u00e9m em fun\u00e7\u00e3o da constru\u00e7\u00e3o e duplica\u00e7\u00e3o de novas estradas. Todas as pessoas que moram em beira de estradas h\u00e1 40 ou 50 anos ser\u00e3o removidas e isso ir\u00e1 gerar\u00a0<a href=\"http:\/\/www.ihu.unisinos.br\/noticias\/501135-obras-da-copa-ficam-r%24-27-bi-mais-caras\" target=\"_blank\">consequ\u00eancias grav\u00edssimas<\/a>, porque n\u00e3o implica apenas na quest\u00e3o da moradia, uma vez que a constru\u00e7\u00e3o de novas moradias n\u00e3o acompanha o ritmo das remo\u00e7\u00f5es. Tamb\u00e9m existe o problema do rompimento dos la\u00e7os hist\u00f3ricos e culturais. Quando essas pessoas s\u00e3o removidas, elas perdem as rela\u00e7\u00f5es culturais e de amizade constru\u00eddas ao longo dessas d\u00e9cadas.<\/p>\n<p><strong>IHU On-Line \u2013 Como s\u00e3o planejadas as reestrutura\u00e7\u00f5es urbanas e como as remo\u00e7\u00f5es impactam no planejamento urbano das cidades?<\/strong><\/p>\n<p><strong>Roberto Morales \u2013<\/strong> O \u00fanico planejamento que o governo faz \u00e9 com base nos recursos que ir\u00e3o entrar a partir da constru\u00e7\u00e3o dessas obras. Portanto, n\u00e3o h\u00e1 preocupa\u00e7\u00e3o com as comunidades; elas est\u00e3o sendo tratadas como descart\u00e1veis e precisam ser retiradas para dar espa\u00e7o aos turistas que vir\u00e3o assistir aos jogos.<\/p>\n<p>Inclusive o programa\u00a0<strong>Minha Casa, Minha Vida<\/strong>, que no Rio de Janeiro j\u00e1 \u00e9 conhecido como Minha Casa, Minha Remo\u00e7\u00e3o, \u00e9 uma feira para tentar iludir os moradores com uma resid\u00eancia \u00e0 qual dificilmente eles ter\u00e3o acesso. Talvez 5% das fam\u00edlias sejam beneficiadas com essas moradias.<\/p>\n<p><strong>IHU On-Line \u2013 Quais s\u00e3o os avan\u00e7os do movimento social em rela\u00e7\u00e3o \u00e0 resist\u00eancia das remo\u00e7\u00f5es?<\/strong><\/p>\n<p><strong>Roberto Morales \u2013<\/strong> Esse movimento de resist\u00eancia \u00e9 legitimo, mas \u00e9 necess\u00e1rio que as comunidades comecem a apresentar alternativas de moradia. Na Vila Aut\u00f3dromo, por exemplo, j\u00e1 houve um avan\u00e7o importante com a ajuda dos companheiros do Instituto de Pol\u00edticas P\u00fablicas Urbanas da UFRJ, que disponibilizou um grupo de professores e estagi\u00e1rios para trabalhar junto \u00e0 comunidade e construir com eles, em assembleia, um projeto alternativo de urbaniza\u00e7\u00e3o da comunidade. Tudo isso a fim de que eles tenham alternativas e n\u00e3o dependam de uma promessa vaga de remo\u00e7\u00e3o.<\/p>\n<p>No dia 18 de dezembro de 2011, os moradores da Vila Aut\u00f3dromo apresentaram esse projeto, aprovado em assembleia. Agora, eles v\u00e3o \u201cbrigar\u201d para implant\u00e1-lo e n\u00e3o aceitar as remo\u00e7\u00f5es. Essa possibilidade de construir uma alternativa popular junto com a universidade e com os movimentos sociais me parece ser um salto de qualidade. Os moradores est\u00e3o entendendo esse processo e elaborando v\u00e1rias propostas para levar esse modelo a outras comunidades.<\/p>\n<p><strong>IHU On-Line \u2013 Al\u00e9m dos problemas de habita\u00e7\u00e3o, quais s\u00e3o os principais impactos sociais das obras da Copa para as cidades que cediar\u00e3o os jogos?<\/strong><\/p>\n<p><strong>Roberto Morales \u2013 <\/strong>T\u00eam outros problemas que s\u00e3o relativos ao trabalho. Por exemplo, com a\u00a0<strong>Lei da Copa<\/strong>, fica estabelecido que, por enquanto, num raio de 2 quil\u00f4metros de onde est\u00e3o sendo feitas as atividades esportivas ser\u00e3o totalmente proibidas a venda de qualquer produto e a atua\u00e7\u00e3o de qualquer comerciante que n\u00e3o esteja expressamente autorizado pela FIFA. Isso quer dizer que a\u00a0<strong>Federa\u00e7\u00e3o Internacional de Futebol Associado \u2013\u00a0FIFA <\/strong>tem mais poder do que a pr\u00f3pria\u00a0<strong>Constitui\u00e7\u00e3o Federal <\/strong>e as leis trabalhistas do pa\u00eds. Ent\u00e3o, a imensa popula\u00e7\u00e3o que \u00e9 desempregada, que vive do biscate e do trabalho informal n\u00e3o poder\u00e1 trabalhar durante esse per\u00edodo. Isso \u00e9 terr\u00edvel porque a lei da FIFA passa por cima do<a href=\"http:\/\/www.ihu.unisinos.br\/noticias\/502662-relator-da-lei-geral-da-copa-defende-beneficios-a-patrocinadores-da-fifa\" target=\"_blank\">direito b\u00e1sico do cidad\u00e3o: o direito ao trabalho<\/a>. A popula\u00e7\u00e3o tem uma ilus\u00e3o de que vai lucrar com os eventos da Copa, mas na verdade ser\u00e1 brutalmente reprimida. A Copa ser\u00e1 um grande neg\u00f3cio para os empres\u00e1rios do esporte e para os representantes de bebida e comida. Certamente os torcedores n\u00e3o encontrar\u00e3o aquele tradicional sandu\u00edche nas proximidades dos est\u00e1dios.<\/p>\n<p>Outro problema \u00e9 o encarecimento do custo de vida. O Rio de Janeiro \u00e9 a cidade que apresentou maior eleva\u00e7\u00e3o no pre\u00e7o dos alugu\u00e9is. H\u00e1 uma especula\u00e7\u00e3o imobili\u00e1ria brutal em marcha, em fun\u00e7\u00e3o da entrada de muitos turistas no estado, que compram em d\u00f3lar e euro, com um padr\u00e3o aquisitivo muito maior do que o da popula\u00e7\u00e3o brasileira empobrecida. Essa especula\u00e7\u00e3o imobili\u00e1ria vai expulsar muitos moradores de determinadas zonas da regi\u00e3o por causa da impossibilidade econ\u00f4mica.<\/p>\n<p><strong>IHU On-Line \u2013 De modo geral, qual a situa\u00e7\u00e3o dos trabalhadores que est\u00e3o envolvidos com as obras da copa? Voc\u00ea visitou algum canteiro de obra?<\/strong><\/p>\n<p><strong>Roberto Morales \u2013<\/strong> Alguns trabalhadores j\u00e1 organizaram greves e a mais not\u00f3ria delas foi a do Maracan\u00e3. Eu estive nos canteiros de obra, conversei com os oper\u00e1rios. As reivindica\u00e7\u00f5es deles s\u00e3o pertinentes porque desenvolvem trabalhos tempor\u00e1rios. Al\u00e9m disso, as condi\u00e7\u00f5es de alojamento s\u00e3o prec\u00e1rias, a assist\u00eancia m\u00e9dica \u00e9 descontada do sal\u00e1rio deles, h\u00e1 defasagem salarial e falta de seguran\u00e7a. Eles relatam que as rotinas de trabalho s\u00e3o exaustivas, porque a constru\u00e7\u00e3o dessas obras \u00e9 uma corrida contra o tempo. Eles tamb\u00e9m enfrentam problemas com as representa\u00e7\u00f5es sindicais, que n\u00e3o s\u00e3o muito confi\u00e1veis. Mas a for\u00e7a do movimento \u00e9 tanta que, muitas vezes, eles conseguem vit\u00f3rias parciais. Essa mesma situa\u00e7\u00e3o se repete nos demais empreendimentos econ\u00f4micos.<\/p>\n<p><strong>IHU On-Line \u2013 Qual foi a repercuss\u00e3o do dossi\u00ea que demonstra os impactos e as viola\u00e7\u00f5es de direitos, organizado pelo Comit\u00ea Popular da Copa?<\/strong><\/p>\n<p><strong>Roberto Morales \u2013<\/strong> Entregamos o relat\u00f3rio e fizemos um ato p\u00fablico no dia 12 de dezembro. O prefeito\u00a0<strong>Eduardo Paes<\/strong>, obviamente, n\u00e3o nos recebeu, mas conseguimos entregar o documento para a secret\u00e1ria. N\u00e3o temos nenhuma ilus\u00e3o de que ele ir\u00e1 tomar\u00a0<a href=\"http:\/\/www.ihu.unisinos.br\/noticias\/501976-dilma-tira-poder-de-ministro-e-assume-as-negociacoes-sobre-a-copa-de-2014\" target=\"_blank\">alguma atitude<\/a>, porque ele tem uma posi\u00e7\u00e3o muito c\u00ednica em rela\u00e7\u00e3o a essa quest\u00e3o. De todo modo, encaminhamos o dossi\u00ea para outros organismos, como a Assembleia Legislativa. Mas, no caso, os parlamentares est\u00e3o em recesso at\u00e9 fevereiro. Certamente o presidente da Comiss\u00e3o dos Direitos Humanos,\u00a0<strong>Marcelo Freixo<\/strong>, ir\u00e1 levantar essa quest\u00e3o no plen\u00e1rio.<\/p>\n<p><strong>IHU On-Line \u2013 O que h\u00e1 de interessante e de equivocado na Lei Geral da Copa?<\/strong><\/p>\n<p><strong>Roberto Morales \u2013<\/strong> A quest\u00e3o geral dessa lei \u00e9 que ela se sobrep\u00f5e \u00e0 Carta Magna e isso \u00e9 um disparate. Esta lei cria uma \u00e1rea para ser governada pela FIFA e n\u00e3o pelo governo brasileiro. As leis existentes, como a do meio ingresso, que garante meio entrada para\u00a0idosos acima de 60 anos, para menores, estudantes, deficientes, ser\u00e1 ignorada. Al\u00e9m do mais, a FIFA ir\u00e1 estabelecer os pre\u00e7os dos ingressos de acordo com os padr\u00f5es do &#8220;primeir\u00edssimo mundo&#8221; deles, o que vai inviabilizar completamente a participa\u00e7\u00e3o do povo nos jogos.<\/p>\n<p><strong>IHU On-Line \u2013 Quais as implica\u00e7\u00f5es do uso de dinheiro p\u00fablico para a realiza\u00e7\u00e3o desses megaeventos? <\/strong><\/p>\n<p><strong>Roberto Morales \u2013<\/strong> O\u00a0<a href=\"http:\/\/www.ihu.unisinos.br\/entrevistas\/505100-copa-do-mundo-o-interesse-publico-esta-sendo-desvirtuado-entrevista-especial-com-thiago-hoshino\" target=\"_blank\">Comit\u00ea da Copa n\u00e3o \u00e9 contra a realiza\u00e7\u00e3o deste evento<\/a>, nem das Olimp\u00edadas. No entanto, eles n\u00e3o podem ser conduzidos da forma como est\u00e3o sendo feitos, pois o pa\u00eds tem outras prioridades. O Brasil est\u00e1 em uma das piores posi\u00e7\u00f5es relativas \u00e0 educa\u00e7\u00e3o em n\u00edvel mundial, por exemplo, e gastou 30 milh\u00f5es de reais, somente no sorteio das chaves eliminat\u00f3rias para a Copa do Mundo, realizado no Rio de Janeiro em 30 de junho. Enquanto isso o sal\u00e1rio do professor \u00e9 700 reais mensais.<\/p>\n<p>Al\u00e9m de tudo, o pa\u00eds tem um d\u00e9ficit de moradia, por um lado, mas investe na constru\u00e7\u00e3o de est\u00e1dios, por outro. Est\u00e1dios que depois ser\u00e3o abandonados. O transporte p\u00fablico \u00e9 uma desgra\u00e7a; h\u00e1 engarrafamentos quilom\u00e9tricos e n\u00e3o se investe em transporte p\u00fablico de massa. Em lugar disso, investe-se em duplica\u00e7\u00e3o de estradas j\u00e1 existentes.<\/p>\n<p><strong>IHU On-Line \u2013 Deseja acrescentar algo?<\/strong><\/p>\n<p><strong>Roberto Morales \u2013<\/strong> O Comit\u00ea Popular da Copa n\u00e3o est\u00e1 desanimado. Estamos aprendendo com a pr\u00f3pria experi\u00eancia a construir propostas alternativas de cunho popular. Estamos pretendendo construir uma grande mobiliza\u00e7\u00e3o para junho deste ano, quando ser\u00e1 realizada a\u00a0<strong>Rio+20<\/strong>. Enfim, o movimento est\u00e1 come\u00e7ando a entender que unidade \u00e9 fundamental e que s\u00f3 dessa forma vamos poder fazer frente a este projeto econ\u00f4mico capitalista.<\/p>\n","protected":false},"excerpt":{"rendered":"\n\n\nCr\u00e9dito: 2.bp.blogspot\n\n\n\n\n\n\n\n\n<a class=\"moretag\" href=\"https:\/\/pcb.org.br\/portal2\/2506\"> <\/a>","protected":false},"author":1,"featured_media":0,"comment_status":"open","ping_status":"open","sticky":false,"template":"","format":"standard","meta":{"jetpack_post_was_ever_published":false,"_jetpack_newsletter_access":"","_jetpack_dont_email_post_to_subs":false,"_jetpack_newsletter_tier_id":0,"_jetpack_memberships_contains_paywalled_content":false,"_jetpack_memberships_contains_paid_content":false,"footnotes":"","jetpack_publicize_message":"","jetpack_publicize_feature_enabled":true,"jetpack_social_post_already_shared":false,"jetpack_social_options":{"image_generator_settings":{"template":"highway","default_image_id":0,"font":"","enabled":false},"version":2}},"categories":[54],"tags":[],"class_list":["post-2506","post","type-post","status-publish","format-standard","hentry","category-c65-lulismo"],"jetpack_publicize_connections":[],"jetpack_featured_media_url":"","jetpack_shortlink":"https:\/\/wp.me\/p659gw-Eq","jetpack-related-posts":[],"jetpack_likes_enabled":true,"jetpack_sharing_enabled":true,"_links":{"self":[{"href":"https:\/\/pcb.org.br\/portal2\/wp-json\/wp\/v2\/posts\/2506","targetHints":{"allow":["GET"]}}],"collection":[{"href":"https:\/\/pcb.org.br\/portal2\/wp-json\/wp\/v2\/posts"}],"about":[{"href":"https:\/\/pcb.org.br\/portal2\/wp-json\/wp\/v2\/types\/post"}],"author":[{"embeddable":true,"href":"https:\/\/pcb.org.br\/portal2\/wp-json\/wp\/v2\/users\/1"}],"replies":[{"embeddable":true,"href":"https:\/\/pcb.org.br\/portal2\/wp-json\/wp\/v2\/comments?post=2506"}],"version-history":[{"count":0,"href":"https:\/\/pcb.org.br\/portal2\/wp-json\/wp\/v2\/posts\/2506\/revisions"}],"wp:attachment":[{"href":"https:\/\/pcb.org.br\/portal2\/wp-json\/wp\/v2\/media?parent=2506"}],"wp:term":[{"taxonomy":"category","embeddable":true,"href":"https:\/\/pcb.org.br\/portal2\/wp-json\/wp\/v2\/categories?post=2506"},{"taxonomy":"post_tag","embeddable":true,"href":"https:\/\/pcb.org.br\/portal2\/wp-json\/wp\/v2\/tags?post=2506"}],"curies":[{"name":"wp","href":"https:\/\/api.w.org\/{rel}","templated":true}]}}