{"id":25109,"date":"2020-03-13T10:20:46","date_gmt":"2020-03-13T13:20:46","guid":{"rendered":"https:\/\/pcb.org.br\/portal2\/?p=25109"},"modified":"2020-03-13T10:20:46","modified_gmt":"2020-03-13T13:20:46","slug":"cuba-plano-eficaz-de-combate-ao-coronavirus","status":"publish","type":"post","link":"https:\/\/pcb.org.br\/portal2\/25109","title":{"rendered":"Cuba: plano eficaz de combate ao Coronav\u00edrus"},"content":{"rendered":"<p><img decoding=\"async\" class=\"imagem\" title=\"imagem\" src=\"https:\/\/i0.wp.com\/pt.granma.cu\/file\/img\/2020\/03\/medium\/f0019051.jpg\" alt=\"imagem\" \/><!--more-->O presidente da Rep\u00fablica liderou a reuni\u00e3o territorial de preven\u00e7\u00e3o e controle da Covid-19 em Holgu\u00edn. Photo: Estudio Revoluci\u00f3n<\/p>\n<p>Autor: Leticia Mart\u00ednez Hern\u00e1ndez | internet@granma.cu<\/p>\n<p>At\u00e9 agora, 30 viajantes foram internados para estudo e, depois de realizar sete novas an\u00e1lises especificamente para o Covid-19, que, como as oito anteriores, foram negativas, o pa\u00eds continua sem a doen\u00e7a, disse o ministro da Sa\u00fade, Jos\u00e9 \u00c1ngel Portal Miranda.<\/p>\n<p>A efic\u00e1cia das medidas adotadas por Cuba para a preven\u00e7\u00e3o e controle do Covid-19 foi reconhecida na ter\u00e7a-feira, 10 de mar\u00e7o, em uma reuni\u00e3o com as mais altas autoridades de todas as prov\u00edncias do pa\u00eds e o munic\u00edpio especial Isla de la Juventud, dirigida pelo presidente da Rep\u00fablica, Miguel D\u00edaz-Canel Berm\u00fadez, o primeiro-ministro Manuel Marrero Cruz e o vice-presidente Salvador Vald\u00e9s Mesa.<\/p>\n<p>Segundo o ministro da Sa\u00fade P\u00fablica, Jos\u00e9 \u00c1ngel Portal Miranda, a Ilha continua sem casos confirmados do novo coronav\u00edrus que j\u00e1 afetou 104 na\u00e7\u00f5es. At\u00e9 o momento, apontou o titular da Sa\u00fade, 30 viajantes foram admitidos para estudo e depois de lhes realizar sete novas an\u00e1lises especificamente para o Covid-19, que, como as oito anteriores, foram negativas, o pa\u00eds permanece sem a doen\u00e7a.<\/p>\n<p>Em uma troca atrav\u00e9s de uma videoconfer\u00eancia com cada um dos governadores e o prefeito da Isla de la Juventud, foi avaliado o trabalho desenvolvido de forma mais intensa nos \u00faltimos dias nos aspectos do Plano de Preven\u00e7\u00e3o e Controle, como a certifica\u00e7\u00e3o de instala\u00e7\u00f5es para isolamento e hospitaliza\u00e7\u00e3o; a produ\u00e7\u00e3o de protetores bucais no pa\u00eds; audi\u00eancias de sa\u00fade em comunidades e locais de trabalho; o treinamento de todos os envolvidos; a aten\u00e7\u00e3o \u00e0 popula\u00e7\u00e3o mais vulner\u00e1vel e a campanha de comunica\u00e7\u00e3o para manter as pessoas constantemente informadas.<\/p>\n<p>Em rela\u00e7\u00e3o a esse di\u00e1logo direto com as mais altas autoridades de cada territ\u00f3rio, o vice-primeiro-ministro Roberto Morales Ojeda alertou que a primeira parte do treinamento em Covid-19 est\u00e1 ocorrendo atualmente, que deve continuar mais especificamente em cada um dos setores.<\/p>\n<p>Tamb\u00e9m chamou a aten\u00e7\u00e3o para a necessidade de certificar, com os par\u00e2metros estabelecidos, as instala\u00e7\u00f5es onde poss\u00edveis pacientes ser\u00e3o tratados. Especificamente sobre esse assunto, soube-se na reuni\u00e3o que uma comiss\u00e3o do minist\u00e9rio da Sa\u00fade P\u00fablica est\u00e1 atualmente em turn\u00ea pelo pa\u00eds, para revisar as condi\u00e7\u00f5es dos locais previstos no Plano.<\/p>\n<p>Morales Ojeda tamb\u00e9m insistiu na prepara\u00e7\u00e3o do pessoal que estaria trabalhando nessas unidades m\u00e9dicas, voluntariamente e por um per\u00edodo prolongado de tempo. Por isso, enfatizou, quest\u00f5es como condi\u00e7\u00f5es para descanso da equipe e outros detalhes fornecidos em uma situa\u00e7\u00e3o de quarentena devem ser abordadas manualmente.<\/p>\n<p>O vice-primeiro ministro mencionou aspectos essenciais, como o coeficiente de disponibilidade t\u00e9cnica de ambul\u00e2ncias, que em algumas prov\u00edncias \u00e9 inferior a 50% e, portanto, o apoio de outro tipo de transporte deve ser fornecido para a transfer\u00eancia de doentes. Tamb\u00e9m enfatizou a possibilidade de aumentar as consultas sobre sintomas respirat\u00f3rios e a necessidade de os m\u00e9dicos determinarem as etapas a serem seguidas em cada caso, para n\u00e3o sobrecarregar o sistema de sa\u00fade do pa\u00eds.<\/p>\n<p>No encontro com os governadores \u2014 realizado todos os meses e, desta vez, o tema principal foi o confronto com o novo coronav\u00edrus \u2014 os ministros da Ind\u00fastria e do Com\u00e9rcio Interno confirmaram que o pa\u00eds possui cobertura de cloro que deve ser usada na desinfec\u00e7\u00e3o das superf\u00edcies e sua produ\u00e7\u00e3o \u00e9 est\u00e1vel. Ao mesmo tempo, protetores bucais s\u00e3o importados e a prepara\u00e7\u00e3o de outra quantidade de m\u00e1scaras j\u00e1 come\u00e7ou na ind\u00fastria nacional e local.<\/p>\n<p>Ao avaliar as medidas que est\u00e3o sendo implementadas, o primeiro-ministro Manuel Marrero Cruz considerou que houve um processo intensivo na implementa\u00e7\u00e3o do Plano de Controle e Preven\u00e7\u00e3o Covid-19 em Cuba.<\/p>\n<p>Reiterou a import\u00e2ncia das audi\u00eancias em sa\u00fade, que, segundo ele, se baseiam na necessidade de manter a popula\u00e7\u00e3o informada. \u00abQue n\u00e3o fique um \u00fanico lugar\u00bb, disse, \u00absem aviso pr\u00e9vio ao nosso povo\u00bb.<\/p>\n<p>O primeiro-ministro disse aos governadores e prefeitos que prestassem aten\u00e7\u00e3o especial aos pontos das estradas onde as pessoas que viajam est\u00e3o concentradas, como centros de servi\u00e7os e lanchonetes; minimizar a transfer\u00eancia de pacientes e continuar monitorando o controle de sa\u00fade nas fronteiras, o que tem sido muito eficaz, acrescentou.<\/p>\n<p>\u00abA primeira parte de um ciclo foi encerrada\u00bb, disse, \u00abagora iremos ao contra-ataque com outras medidas do Plano\u00bb.<\/p>\n<p>Pessoas que tiveram contatos com italianos com o Covid-19 em Cuba permanecem isoladas e sem sintomas<\/p>\n<p>Reproduzido do seman\u00e1rio Escambray | internet@granma.cu<\/p>\n<p>Na prov\u00edncia de Sancti Sp\u00edritus, \u00e9 elaborada a estrat\u00e9gia para o tratamento de casos suspeitos, que varia desde o empoderamento de consultas especializadas em todas as institui\u00e7\u00f5es de sa\u00fade at\u00e9 a disponibilidade para isolamento.<br \/>\nAquelas pessoas que tiveram contato com os tr\u00eas turistas italianos que estavam em Trinidad e que, nas \u00faltimas horas, foram confirmados como os primeiros casos de Covid-19 em Cuba, recebem as a\u00e7\u00f5es epidemiol\u00f3gicas correspondentes.<\/p>\n<p>Segundo o dr. Manuel Rivero Abella, diretor provincial de Sa\u00fade em Sancti Sp\u00edritus, as sete pessoas que se relacionavam diretamente com estrangeiros \u2014 incluindo o motorista do carro, o operador tur\u00edstico e as cinco pessoas do albergue da vila de Trinidad, onde ficavam \u2014 permanecem sem sintomas no momento; no entanto, foram transferidos para o Hospital Provincial de Reabilita\u00e7\u00e3o Doutor Faustino P\u00e9rez, um centro designado na prov\u00edncia de Sancti Spiritus, para o isolamento de casos suspeitos.<\/p>\n<p>\u00abTodos foram colocados sob vigil\u00e2ncia cl\u00ednica e epidemiol\u00f3gica para ver se os sintomas aparecem. Caso nos pr\u00f3ximos dias apresentarem sintomas cl\u00ednicos, ser\u00e3o submetidos a um exudato nasofar\u00edngeo e, se confirmado, ir\u00e3o para o Hospital Militar de Villa Clara, conforme planejado no Plano de preven\u00e7\u00e3o e controle do Covid-19\u00bb, disse Rivero Abella.<\/p>\n<p>Segundo o m\u00e9dico, se os contatos se mant\u00eam sem sintomas cl\u00ednicos, voltar\u00e3o para suas casas, onde ser\u00e3o mantidos sob extrema vigil\u00e2ncia por epidemiologistas e pela equipe b\u00e1sica da \u00e1rea de sa\u00fade.<\/p>\n<p>Dos quatro turistas italianos que chegaram a Cuba em 9 de mar\u00e7o e que chegaram a Trinidad no dia seguinte, tr\u00eas foram confirmados com o Covid-19 e at\u00e9 agora, segundo o Minist\u00e9rio da Sa\u00fade P\u00fablica, n\u00e3o t\u00eam perigo para a vida.<\/p>\n<p>Na prov\u00edncia, \u00e9 tra\u00e7ada a estrat\u00e9gia para o tratamento de casos suspeitos, que varia desde a capacita\u00e7\u00e3o de consultas especializadas em todas as institui\u00e7\u00f5es de sa\u00fade at\u00e9 a disponibilidade de 42 leitos para isolamento.<\/p>\n<p>USINA DE CLORO DE VILLA CLARA EST\u00c1 EM CONDI\u00c7\u00d5ES PARA GARANTIR FORNECIMENTO EST\u00c1VEL DE HIPOCLORITO E LIX\u00cdVIA CONTRA COVID-19<\/p>\n<p>SANTA CLARA.\u2014 A nova usina de cloro, pertencente \u00e0 Empresa Eletroqu\u00edmica de Sagua la Grande, est\u00e1 em posi\u00e7\u00e3o de produzir e garantir um suprimento est\u00e1vel de hipoclorito de s\u00f3dio e lix\u00edvia, dois produtos vitais para garantir a higiene das m\u00e3os e da superf\u00edcie, uma medida fundamental para impedir a transmiss\u00e3o do Covid-19 \u00e0s pessoas.<\/p>\n<p>Isel P\u00e9rez L\u00f3pez, diretor da ind\u00fastria que come\u00e7ou a produzir em meados do ano passado ap\u00f3s um \u00e1rduo projeto de reconvers\u00e3o tecnol\u00f3gica, disse ao Granma Internacional que a ind\u00fastria est\u00e1 atualmente mostrando uma estabilidade produtiva aceit\u00e1vel, que \u00e9 um elemento de tranquilidade para a popula\u00e7\u00e3o que poder\u00e1 dispor desse recurso com seguran\u00e7a.<\/p>\n<p>Tamb\u00e9m destacou que, al\u00e9m da embalagem, outras alternativas tamb\u00e9m s\u00e3o utilizadas para transportar o produto a granel, a fim de favorecer sua presen\u00e7a em todas as institui\u00e7\u00f5es e estabelecimentos, acrescentando que o Minist\u00e9rio do Com\u00e9rcio Interno tamb\u00e9m ter\u00e1 quantidades suficientes para sua venda \u00e0 popula\u00e7\u00e3o.<\/p>\n<p>Os especialistas da usina de cloro recomendam, ap\u00f3s lavar as m\u00e3os com \u00e1gua e sab\u00e3o, usar hipoclorito de s\u00f3dio a 0,1% e 0,5% para limpar superf\u00edcies, o que garante total desinfec\u00e7\u00e3o.<\/p>\n<p>A nova usina, que utiliza tecnologia de ponta, substituindo o processo baseado em merc\u00fario met\u00e1lico, por uma muito mais eficiente, baseada em um processo eletrol\u00edtico atrav\u00e9s de membranas de troca i\u00f4nica, oferece atualmente, al\u00e9m dos produtos acima mencionados, o cloro utilizado na purifica\u00e7\u00e3o da \u00e1gua, al\u00e9m de soda c\u00e1ustica e \u00e1cido clor\u00eddrico, vitais na prepara\u00e7\u00e3o de produtos de limpeza e outros processos industriais.<\/p>\n<p>\u00c9 necess\u00e1rio trabalhar com seriedade e intelig\u00eancia<\/p>\n<p>Autor: Germ\u00e1n Veloz Placencia | german@granma.cu<\/p>\n<p>HOLGU\u00cdN.\u2014 \u00abEste n\u00e3o \u00e9 um plano de slogan, \u00e9 um plano realista, para execut\u00e1-lo com toda precis\u00e3o\u00bb, disse o presidente da Rep\u00fablica de Cuba, Miguel D\u00edaz-Canel Berm\u00fadez, ao realizar a terceira reuni\u00e3o territorial para dar continuidade ao Plano de preven\u00e7\u00e3o e controle do Covid-19, realizado nesta cidade oriental, com a presen\u00e7a de autoridades pol\u00edticas e governamentais, bem como do setor da Sa\u00fade P\u00fablica e outras ag\u00eancias nas prov\u00edncias de Holgu\u00edn, Camag\u00fcey, Las Tunas, Granma, Santiago de Cuba e Guant\u00e1namo.<\/p>\n<p>\u00abCuba n\u00e3o apresenta casos de coronav\u00edrus at\u00e9 agora e quando eles aparecerem, ser\u00e1 dito imediatamente\u00bb, disse D\u00edaz-Canel, observando que a amea\u00e7a que representa para o pa\u00eds por sua incid\u00eancia na regi\u00e3o foi objetivamente apreciada, mas afirmou que as a\u00e7\u00f5es implementadas n\u00e3o devem alarmar, porque est\u00e3o orientadas para a prepara\u00e7\u00e3o oportuna da cadeia de dire\u00e7\u00e3o e da popula\u00e7\u00e3o.<\/p>\n<p>\u00abTudo \u00e9 feito\u00bb, explicou, \u00abpara criar um ambiente de confian\u00e7a e seguran\u00e7a na popula\u00e7\u00e3o, que deve conhecer as medidas adotadas pelo pa\u00eds e as a\u00e7\u00f5es adotadas para manter as informa\u00e7\u00f5es\u00bb.<\/p>\n<p>Ao especificar detalhes dos procedimentos de controle, anunciou o estabelecimento de uma informa\u00e7\u00e3o di\u00e1ria que deve ser objetiva, que n\u00e3o possa ocultar informa\u00e7\u00f5es, pois as decis\u00f5es de conte\u00fado ser\u00e3o tomadas.<\/p>\n<p>\u00abVoc\u00eas t\u00eam que trabalhar com muita intelig\u00eancia. As coisas que est\u00e3o escritas em um plano s\u00e3o conceitos fundamentais; ent\u00e3o, t\u00eam milhares de momentos que se enriquecem com a realidade de cada dia\u00bb, argumentou.<\/p>\n<p>Referiu a import\u00e2ncia da prepara\u00e7\u00e3o do m\u00e9dico de fam\u00edlia, dos grupos de trabalho b\u00e1sicos, dos delegados dos distritos eleitorais e dos presidentes dos conselhos populares, porque s\u00e3o os elos que, na base, afetam o triunfo do monitoramento e informa\u00e7\u00f5es oportunas.<\/p>\n<p>\u00abOs m\u00e9dicos de fam\u00edlia ter\u00e3o que trabalhar mais intensamente, atendendo mais no terreno, visitando todas as fam\u00edlias em que h\u00e1 sintomas de qualquer anomalia que se aproxime desse tipo de v\u00edrus\u00bb, disse.<\/p>\n<p>Da mesma forma, D\u00edaz-Canel disse que, juntamente com este plano, continuar\u00e1 o cumprimento das demais tarefas da vida econ\u00f4mica, pol\u00edtica e social do pa\u00eds em meio ao ressurgimento do bloqueio do governo dos Estados Unidos.<\/p>\n<p>O primeiro-ministro Manuel Marrero insistiu na modelagem dos procedimentos antes de cada caso espec\u00edfico, levando em considera\u00e7\u00e3o o contexto de limita\u00e7\u00f5es materiais, mas planejando com anteced\u00eancia em cada munic\u00edpio, em cada comunidade, como transferir a pessoa suspeita de cont\u00e1gio para o local de recep\u00e7\u00e3o estabelecido e como as amostras ser\u00e3o coletadas para diagn\u00f3stico.<\/p>\n<p>Tamb\u00e9m orientou a fornecer um controle mais intencional sobre as casas de aluguel e a prepara\u00e7\u00e3o da equipe que trabalha nelas, o que deve ser semelhante para as lanchonetes, \u00e0s quais vem um grande n\u00famero de turistas estrangeiros. E pediu para adicionar o pessoal que presta servi\u00e7os nesses estabelecimentos \u00e0 vigil\u00e2ncia e preven\u00e7\u00e3o.<\/p>\n<p>Igualmente esclarecedoras foram as reflex\u00f5es do primeiro vice-ministro Roberto Morales Ojeda, que, ao se referir \u00e0s audi\u00eancias em sa\u00fade, nas quais a participa\u00e7\u00e3o da popula\u00e7\u00e3o \u00e9 decisiva, apontou que o importante n\u00e3o \u00e9 a quantidade dessas consultas, mas o conhecimento que elas oferecem.<\/p>\n<p>Orientou a encontrar maneiras de ajudar a popula\u00e7\u00e3o a construir protetores bucais e promover seu uso contra qualquer tipo de v\u00edrus, al\u00e9m de aumentar a produ\u00e7\u00e3o de fitofarmac\u00eauticos que d\u00e3o uma resposta eficaz \u00e0s doen\u00e7as respirat\u00f3rias.<\/p>\n<p>Confirmou que o pa\u00eds est\u00e1 em um bom momento no confronto com a dengue, o zika e o chikungunya, para que a vigil\u00e2ncia epidemiol\u00f3gica n\u00e3o possa ser negligenciada, porque, se essas doen\u00e7as se repercutirem em um poss\u00edvel cen\u00e1rio da presen\u00e7a do coronav\u00edrus, a situa\u00e7\u00e3o se tornaria extremamente complexa.<\/p>\n","protected":false},"excerpt":{"rendered":"<a class=\"moretag\" href=\"https:\/\/pcb.org.br\/portal2\/25109\"> <\/a>","protected":false},"author":1,"featured_media":0,"comment_status":"closed","ping_status":"closed","sticky":false,"template":"","format":"standard","meta":{"jetpack_post_was_ever_published":false,"_jetpack_newsletter_access":"","_jetpack_dont_email_post_to_subs":false,"_jetpack_newsletter_tier_id":0,"_jetpack_memberships_contains_paywalled_content":false,"_jetpack_memberships_contains_paid_content":false,"footnotes":"","jetpack_publicize_message":"","jetpack_publicize_feature_enabled":true,"jetpack_social_post_already_shared":true,"jetpack_social_options":{"image_generator_settings":{"template":"highway","default_image_id":0,"font":"","enabled":false},"version":2}},"categories":[48],"tags":[234],"class_list":["post-25109","post","type-post","status-publish","format-standard","hentry","category-c58-cuba","tag-6b"],"jetpack_publicize_connections":[],"jetpack_featured_media_url":"","jetpack_shortlink":"https:\/\/wp.me\/p659gw-6wZ","jetpack-related-posts":[],"jetpack_likes_enabled":true,"jetpack_sharing_enabled":true,"_links":{"self":[{"href":"https:\/\/pcb.org.br\/portal2\/wp-json\/wp\/v2\/posts\/25109","targetHints":{"allow":["GET"]}}],"collection":[{"href":"https:\/\/pcb.org.br\/portal2\/wp-json\/wp\/v2\/posts"}],"about":[{"href":"https:\/\/pcb.org.br\/portal2\/wp-json\/wp\/v2\/types\/post"}],"author":[{"embeddable":true,"href":"https:\/\/pcb.org.br\/portal2\/wp-json\/wp\/v2\/users\/1"}],"replies":[{"embeddable":true,"href":"https:\/\/pcb.org.br\/portal2\/wp-json\/wp\/v2\/comments?post=25109"}],"version-history":[{"count":0,"href":"https:\/\/pcb.org.br\/portal2\/wp-json\/wp\/v2\/posts\/25109\/revisions"}],"wp:attachment":[{"href":"https:\/\/pcb.org.br\/portal2\/wp-json\/wp\/v2\/media?parent=25109"}],"wp:term":[{"taxonomy":"category","embeddable":true,"href":"https:\/\/pcb.org.br\/portal2\/wp-json\/wp\/v2\/categories?post=25109"},{"taxonomy":"post_tag","embeddable":true,"href":"https:\/\/pcb.org.br\/portal2\/wp-json\/wp\/v2\/tags?post=25109"}],"curies":[{"name":"wp","href":"https:\/\/api.w.org\/{rel}","templated":true}]}}