{"id":25130,"date":"2020-03-17T00:58:43","date_gmt":"2020-03-17T03:58:43","guid":{"rendered":"https:\/\/pcb.org.br\/portal2\/?p=25130"},"modified":"2020-03-22T00:13:50","modified_gmt":"2020-03-22T03:13:50","slug":"no-combate-a-pandemia-a-vida-vem-antes-do-lucro","status":"publish","type":"post","link":"https:\/\/pcb.org.br\/portal2\/25130","title":{"rendered":"No combate \u00e0 pandemia, a vida vem antes do lucro!"},"content":{"rendered":"<p><img decoding=\"async\" class=\"imagem\" title=\"imagem\" src=\"https:\/\/i0.wp.com\/lh3.googleusercontent.com\/DRYnmDCxzCAJJOfpT3ERyVpjusjy_DOayXkODp4lhHGA7cZXK0n0v3PgN_MxNsyOtV_rjrhCFGPOGYu5One7hAImyw7cfEu-9UvjsBxiALx9QeQk33zpXY-u8rcIN0C6gkaKe_f-gegF5XdPXc8JBFsUezlKm-dDull1sV6zGq9JxBhoUWnGArxwRAkStWG6W7NTATNYxe7OGDjNnqEyXBOSTHluWj_SwDfFo9rdbJB3Dc0rJBhS-nlaVnrj82xfLs6ca2T17phAH8yL6eT-Z0XDYiJs3yW631GYcCRMma5k9XyG_5sLGqkzyANZL6StjVF0BO2ZQdpV2mMrKBkepzlZYGVXWnnc8S9DgqgpgmEb4-7bFoQ-hyHPV1NB5BoSVIGcNzvudP_fM8r8uxgOq5ZbH2HXO7llKJ361ohLQpCI0S66tSobvpyKz7t_pCy1cSou-8D3gFjXQiPrXUXsH0c2wICzSjYiqXB1iace_KqwLTdcaY2ejSZ_RDihWzf3hU7xAFcDdV-NNFp3q7q_FgJixYyOW1BIyvBJw7ijJmnd_V2Z5Q_fPecKoHVXY99sqiJArura9zPrM3-YVL6QW2u1bx-v5Koy5i17xlBrX4LWH_Mwq-TI0052JwUexvje8cRntFzj83idlbOYjrkEVng0rSgbyDqMXd8DyZnqeBtqGejOtRbDEiuUF4YcuBkZDFMfdrSaLbyuT63L_SKtK9G0z-RRqPW4JNelP9YJ9oOQkpE6GY4Z-w=s951-no\" alt=\"imagem\" \/><!--more-->O Partido Comunista Brasileiro (PCB) vem a p\u00fablico se solidarizar com todas as trabalhadoras e trabalhadores do Brasil e do mundo atingidas\/os na pr\u00f3pria sa\u00fade e nas atividades cotidianas pela pandemia de coronav\u00edrus. Ao mesmo tempo, exige do Estado brasileiro a\u00e7\u00f5es cientificamente embasadas e democraticamente implementadas para conter a escalada do cont\u00e1gio e oferecer a\u00e7\u00f5es de sa\u00fade p\u00fablica universais de qualidade \u00e0s pessoas atingidas e \u00e0quelas que apresentam maior vulnerabilidade.<\/p>\n<p>O PCB afirma que a natureza do capitalismo coloca a humanidade em situa\u00e7\u00e3o mais vulner\u00e1vel a esta e outras pandemias, em decorr\u00eancia da busca pelo lucro a qualquer pre\u00e7o, de sua crise estrutural e das pol\u00edticas neoliberais, que desmontam direitos sociais, diminuem a renda dos trabalhadores, destroem a natureza e invertem valores humanos.<\/p>\n<p>Nas \u00faltimas d\u00e9cadas, o aumento da integra\u00e7\u00e3o da economia mundial, realizada sob o dom\u00ednio dos interesses das grandes corpora\u00e7\u00f5es e para satisfa\u00e7\u00e3o de seus imensos lucros, multiplicou os riscos de pandemias por ter precarizado as condi\u00e7\u00f5es de vida da popula\u00e7\u00e3o, desprezando as necessidades b\u00e1sicas, como os devidos cuidados sanit\u00e1rios nos n\u00edveis de cada na\u00e7\u00e3o e do planeta. O resultado tem sido a multiplica\u00e7\u00e3o de epidemias concentradas nos pa\u00edses perif\u00e9ricos e dependentes, principalmente na \u00c1frica, \u00c1sia e Am\u00e9rica Latina. Al\u00e9m disso, como o capital n\u00e3o controla todas as consequ\u00eancias de sua estrat\u00e9gia geopol\u00edtica e promove o sucateamento dos sistemas p\u00fablicos de sa\u00fade, a integra\u00e7\u00e3o da economia mundial tem criado v\u00e1rias possibilidades do alastramento global de novos v\u00edrus, como est\u00e1 ocorrendo com o coronav\u00edrus.<\/p>\n<p>Diante da pandemia incontorn\u00e1vel, o Estado capitalista, assim como um aprendiz de feiticeiro vitimado pelas pr\u00f3prias por\u00e7\u00f5es, tenta superar a crise diminuindo a atividade econ\u00f4mica no setor de servi\u00e7os e o contato presencial entre as pessoas, medidas corroboradas pelos sanitaristas, mas que, ao mesmo tempo, contraem a econ\u00f4mica mundial, derrubam as bolsas de valores e aprofundam a crise estrutural do capitalismo. Uma situa\u00e7\u00e3o que escancara para amplos setores da classe trabalhadora, de um lado, o car\u00e1ter perverso, desordenado e historicamente ultrapassado do capitalismo e, de outro, a necessidade de uma organiza\u00e7\u00e3o planejada da produ\u00e7\u00e3o e da implanta\u00e7\u00e3o e efetiva\u00e7\u00e3o de sistemas de sa\u00fade p\u00fablica que sejam universais, 100% p\u00fablicos e socialmente referenciados.<\/p>\n<p>N\u00e3o \u00e9 \u00e0 toa que o combate mais eficaz da epidemia tem sido realizado por pa\u00edses que adotam sistemas de planejamento centralizado e priorizam os investimentos na sa\u00fade e educa\u00e7\u00e3o p\u00fablicas, ci\u00eancia e tecnologia. Na China, foram tomadas medidas r\u00e1pidas e eficientes, como a constru\u00e7\u00e3o, em menos de duas semanas, de hospitais inteiros focados no combate \u00e0 doen\u00e7a. No Vietn\u00e3, houve ampla distribui\u00e7\u00e3o gratuita de kits preventivos nas \u00e1reas populares. E Cuba Socialista se destaca novamente com sua tradicional solidariedade internacionalista, ao exportar medicamentos e equipes inteiras de m\u00e9dicos e profissionais da sa\u00fade para outros pa\u00edses.<\/p>\n<p>No Brasil, a aprova\u00e7\u00e3o da emenda Constitucional 95, ou Emenda Constitucional da Morte, implantada pela classe dominante no governo Temer, causou a perda de mais de 20 bilh\u00f5es de reais na sa\u00fade p\u00fablica somente no ano de 2019. Em vinte anos, poder\u00e1 retirar em torno de 400 bilh\u00f5es de reais desta \u00e1rea, o que resultar\u00e1 em um maior sucateamento dos servi\u00e7os p\u00fablicos, precariza\u00e7\u00e3o do trabalho no setor e barreiras de acesso para a classe trabalhadora em sua busca por atendimentos e cuidados em sa\u00fade.<\/p>\n<p>Os impactos de uma pandemia, como a COVID-19, podem afetar toda a popula\u00e7\u00e3o, mas os seus efeitos s\u00e3o desiguais, pois as trabalhadoras e trabalhadores est\u00e3o expostos a maior risco de adoecimento e morte. Em um pa\u00eds que, nos \u00faltimos anos, vem desmontando as poucas garantias conquistadas pela classe trabalhadora relacionadas \u00e0 seguridade social, com os ataques \u00e0 previd\u00eancia e aos direitos sociais a partir da aprova\u00e7\u00e3o das nefastas Contrarreformas da Previd\u00eancia e Trabalhista, se intensifica ainda mais a precariedade das condi\u00e7\u00f5es de vida das camadas populares.<\/p>\n<p>Como todos os processos de adoecimento produzidos em uma sociedade de classes, as trabalhadoras e trabalhadores brasileiros s\u00e3o ainda mais vulner\u00e1veis, devido \u00e0 falta de acesso a saneamento b\u00e1sico, a moradias adequadas, a transporte p\u00fablico de qualidade, al\u00e9m da aus\u00eancia de condi\u00e7\u00f5es dignas de trabalho. Soma-se a este quadro de extrema desigualdade social o aumento do n\u00famero de desempregados, subempregados, trabalhadores e trabalhadoras sem garantia de direitos e, ainda, a exist\u00eancia de milhares de pessoas em situa\u00e7\u00e3o de rua ou vivendo em moradias com condi\u00e7\u00f5es prec\u00e1rias.<\/p>\n<p>Nos Estados do Rio de Janeiro e de S\u00e3o Paulo, regi\u00f5es centrais do capitalismo brasileiro, onde j\u00e1 est\u00e1 confirmada a transmiss\u00e3o comunit\u00e1ria do coronav\u00edrus, as contradi\u00e7\u00f5es da rela\u00e7\u00e3o entre capital e trabalho est\u00e3o presentes como resultantes de um modo de produ\u00e7\u00e3o da vida desigual e adoecedor. O Governo de Bolsonaro, Mour\u00e3o, Paulo Guedes, Mandetta e aliados conduz o avan\u00e7o da privatiza\u00e7\u00e3o da sa\u00fade p\u00fablica, transfere enormes recursos do fundo p\u00fablico para bancos e grandes empresas, ataca a ci\u00eancia ao questionar resultados de pesquisas cient\u00edficas, corta verbas da Educa\u00e7\u00e3o e reduz o financiamento para o desenvolvimento da Ci\u00eancia e da Tecnologia.<\/p>\n<p>Este governo vem aprofundando o desmonte do Sistema \u00danico de Sa\u00fade, ao ampliar a terceiriza\u00e7\u00e3o da gest\u00e3o p\u00fablica, alterar o modelo de financiamento da Aten\u00e7\u00e3o Prim\u00e1ria, reduzir equipes multiprofissionais da Estrat\u00e9gia de Sa\u00fade da Fam\u00edlia e a cobertura de servi\u00e7os deste n\u00edvel de aten\u00e7\u00e3o, provocando demiss\u00f5es em massa de agentes comunit\u00e1rios de Sa\u00fade e a retirada de m\u00e9dicos e de diversos outros profissionais das unidades b\u00e1sicas de sa\u00fade. O governo aprofunda o modelo de aten\u00e7\u00e3o individualista e medicalizante, em resposta aos interesses e diretrizes de organismos internacionais como o Banco Mundial e para beneficiar os lucros das multinacionais. Os resultados t\u00eam sido dram\u00e1ticos, com o avan\u00e7o de doen\u00e7as como sarampo e a grande quantidade de enfermos por arboviroses.<\/p>\n<p>As unidades b\u00e1sicas de sa\u00fade, os hospitais federais e municipais continuam funcionando e sendo primordiais para acolhimento e tratamento dos que forem acometidos pelo COVID-19. No entanto, h\u00e1 falta de insumos, d\u00e9ficit do n\u00famero de profissionais, falta de equipamentos de prote\u00e7\u00e3o individual para os trabalhadores da sa\u00fade e de equipamentos, de manuten\u00e7\u00e3o da infraestrutura, entre outros, enquanto o setor privado dos planos de sa\u00fade e a ind\u00fastria farmac\u00eautica segue expandido e lucrando com a mercantiliza\u00e7\u00e3o da vida. Medidas essenciais para a preven\u00e7\u00e3o do coronav\u00edrus, como a higieniza\u00e7\u00e3o das m\u00e3os com \u00e1gua e sab\u00e3o e evitar locais com aglomera\u00e7\u00e3o de pessoas, assim como transportes coletivos lotados, n\u00e3o s\u00e3o poss\u00edveis de acontecer para muitas trabalhadoras e trabalhadores que vivem em bairros oper\u00e1rios, perif\u00e9ricos, quase sempre sem acesso a direitos b\u00e1sicos, nesta sociedade que insiste em colocar pre\u00e7o nas pessoas e transforma moradia, sa\u00fade, trabalho, saneamento, transporte, cultura em mercadorias.<\/p>\n<p>Enquanto a popula\u00e7\u00e3o \u00e9 orientada a seguir tais procedimentos, o presidente Jair Bolsonaro optou por adotar uma atitude criminosa, ao participar do ato golpista no dia 15 de mar\u00e7o em Bras\u00edlia. Al\u00e9m de atentar abertamente contra as liberdades democr\u00e1ticas, desafiou todas as recomenda\u00e7\u00f5es feitas pelas autoridades sanit\u00e1rias, colocando em risco a sa\u00fade das pessoas. Fiquemos tamb\u00e9m alertas contra qualquer iniciativa de cunho discriminat\u00f3rio contra idosos, pobres, negros e negras, imigrantes, mulheres, ind\u00edgenas e LGBTs, sempre criminalizados pela direita fascista e que sofrem mais amea\u00e7as em momentos como este, quando os governos burgueses adotam medidas coercitivas em nome do combate a epidemias.<\/p>\n<p>Mais do que nunca \u00e9 preciso exigir a imediata revoga\u00e7\u00e3o da Emenda Constitucional 95 &#8211; que reduz os investimentos nos programas sociais &#8211; e das reformas trabalhista e da previd\u00eancia, que retiram direitos da classe trabalhadora. \u00c9 necess\u00e1rio barrar a aprova\u00e7\u00e3o da reforma administrativa, que vai precarizar ainda mais os servi\u00e7os p\u00fablicos. Defendemos o Sistema de Sa\u00fade 100% p\u00fablico e estatal, com o financiamento adequado para atender as necessidades da classe trabalhadora, recomposi\u00e7\u00e3o das equipes multiprofissionais de sa\u00fade na aten\u00e7\u00e3o prim\u00e1ria e a universaliza\u00e7\u00e3o do acesso aos servi\u00e7os de sa\u00fade.<\/p>\n<p>Exigimos ainda:<\/p>\n<p>1 &#8211; Distribui\u00e7\u00e3o de kits gratuitos em postos de sa\u00fade, cl\u00ednicas e farm\u00e1cias e congelamento de pre\u00e7o dos itens ligados \u00e0 higieniza\u00e7\u00e3o, para garantir que o povo trabalhador tenha acesso a estes produtos, combatendo ao mesmo tempo a pr\u00e1tica desprez\u00edvel dos grupos mais abastados, que estocam rem\u00e9dios e produtos de higiene.<\/p>\n<p>2 &#8211; As empresas de aplicativos devem arcar com os custos sociais e de sa\u00fade dos trabalhadores cadastrados. S\u00e3o mais de 50 milh\u00f5es de subempregados no Brasil, num setor em que n\u00e3o existe quarentena, em virtude da luta pela sobreviv\u00eancia.<\/p>\n<p>3 &#8211; Flexibiliza\u00e7\u00e3o das amarras fiscais impostas aos Estados, a fim de aumentar os investimentos em novos leitos e na melhoria de estrutura dos postos de sa\u00fade. As amarras fiscais neoliberais, como a regra de ouro e outras, limitam os investimentos p\u00fablicos emergenciais.<\/p>\n<p>4 &#8211; Combate \u00e0s fakes news disseminadas por agentes do governo e pelo terraplanismo religioso, que, com suas mentiras, promovem um desservi\u00e7o criminoso \u00e0s necess\u00e1rias medidas preventivas, ao desqualificar a a\u00e7\u00e3o da ci\u00eancia.<\/p>\n<p>5 &#8211; Estatiza\u00e7\u00e3o da ind\u00fastria farmac\u00eautica.<\/p>\n<p>A vida tem que vir no lugar do lucro! Por isso combatemos o capitalismo e lutamos pela sociedade socialista!<\/p>\n<p>Pela revoga\u00e7\u00e3o imediata da Emenda Constitucional 95 (teto dos gastos p\u00fablicos)!<\/p>\n<p>Em defesa do SUS 100% p\u00fablico e universal!<\/p>\n<p>N\u00e3o ao Golpe! Fora Bolsonaro e Mour\u00e3o!<\/p>\n<p>Pelo Poder Popular no rumo do Socialismo!<\/p>\n<p>Comit\u00ea Central do Partido Comunista Brasileiro (PCB)<\/p>\n","protected":false},"excerpt":{"rendered":"<a class=\"moretag\" href=\"https:\/\/pcb.org.br\/portal2\/25130\"> <\/a>","protected":false},"author":1,"featured_media":0,"comment_status":"closed","ping_status":"closed","sticky":false,"template":"","format":"standard","meta":{"jetpack_post_was_ever_published":false,"_jetpack_newsletter_access":"","_jetpack_dont_email_post_to_subs":false,"_jetpack_newsletter_tier_id":0,"_jetpack_memberships_contains_paywalled_content":false,"_jetpack_memberships_contains_paid_content":false,"footnotes":"","jetpack_publicize_message":"","jetpack_publicize_feature_enabled":true,"jetpack_social_post_already_shared":true,"jetpack_social_options":{"image_generator_settings":{"template":"highway","default_image_id":0,"font":"","enabled":false},"version":2}},"categories":[26],"tags":[221,246],"class_list":["post-25130","post","type-post","status-publish","format-standard","hentry","category-c25-notas-politicas-do-pcb","tag-2a","tag-np"],"jetpack_publicize_connections":[],"jetpack_featured_media_url":"","jetpack_shortlink":"https:\/\/wp.me\/p659gw-6xk","jetpack-related-posts":[],"jetpack_likes_enabled":true,"jetpack_sharing_enabled":true,"_links":{"self":[{"href":"https:\/\/pcb.org.br\/portal2\/wp-json\/wp\/v2\/posts\/25130","targetHints":{"allow":["GET"]}}],"collection":[{"href":"https:\/\/pcb.org.br\/portal2\/wp-json\/wp\/v2\/posts"}],"about":[{"href":"https:\/\/pcb.org.br\/portal2\/wp-json\/wp\/v2\/types\/post"}],"author":[{"embeddable":true,"href":"https:\/\/pcb.org.br\/portal2\/wp-json\/wp\/v2\/users\/1"}],"replies":[{"embeddable":true,"href":"https:\/\/pcb.org.br\/portal2\/wp-json\/wp\/v2\/comments?post=25130"}],"version-history":[{"count":0,"href":"https:\/\/pcb.org.br\/portal2\/wp-json\/wp\/v2\/posts\/25130\/revisions"}],"wp:attachment":[{"href":"https:\/\/pcb.org.br\/portal2\/wp-json\/wp\/v2\/media?parent=25130"}],"wp:term":[{"taxonomy":"category","embeddable":true,"href":"https:\/\/pcb.org.br\/portal2\/wp-json\/wp\/v2\/categories?post=25130"},{"taxonomy":"post_tag","embeddable":true,"href":"https:\/\/pcb.org.br\/portal2\/wp-json\/wp\/v2\/tags?post=25130"}],"curies":[{"name":"wp","href":"https:\/\/api.w.org\/{rel}","templated":true}]}}