{"id":25159,"date":"2020-03-22T00:10:22","date_gmt":"2020-03-22T03:10:22","guid":{"rendered":"https:\/\/pcb.org.br\/portal2\/?p=25159"},"modified":"2020-03-25T07:34:54","modified_gmt":"2020-03-25T10:34:54","slug":"pcb-ba-pela-saude-da-classe-trabalhadora","status":"publish","type":"post","link":"https:\/\/pcb.org.br\/portal2\/25159","title":{"rendered":"PCB-BA: pela sa\u00fade da classe trabalhadora!"},"content":{"rendered":"<p><img decoding=\"async\" class=\"imagem\" title=\"imagem\" src=\"https:\/\/i0.wp.com\/lh3.googleusercontent.com\/WgNi04jWzx8pAUpx3H-90_DuH2iQNfXyLuzrzWND4hP0_cyqSPwJ2oaISb1dDd7q82diZE6p8PWm3FFyyUaKDoFSiGt7SN_kdn7IzBwyHKCtoBsmBYV8u7MzOprwKKz_M_vwavN9s9PphDlP7lpNaWBZvlB--ljf2oZZ0uEEj7Sbcg6j6Css6hmiiriR-C9ydqsVLi-YnhUkQaKmJMsej_Q3cjClwWZD056HOfzVcUBnYCuUNZIaz4z3QLeGzOOBX-jB6poE5tCOUv15BbGD4UzqKF7sDJqW5YEsCqGKk15Ghpp-lLngAo2fkNG4hACSzTxeiqn2vCn9SficPYLHO_4OqUpsD2TakILDNMpnLOkAlRygeqRUIYDffFzhsQWsNRJC5vsCnowWUfwh2GaYuR5TGNZbzz4lXirLuazt62uLg_S_Ldg4qqTYR_e0zEHoghYDp2KRFZYznHr-sr5K-1V2REjnbS12d1b9dNrRYGiMIJiFukPL1uk67mvt1rztK5hhHbb7lZkTiKUJgVg7_YDjBW4GuGec9efCsl0H2veFtidWXfWDIbUhvWkpBKxH4cK8L-rJV8J02KBXusRP3cjCpE0HHGONJsGhLJDejvGhKQDrhhCIvsDmCfduZ9CaW6KpQ2y9qk-EepeKQ3Xeniy730TSuDXPuLyx_PnZM4rz1sUadKaxPi9_zgZAsTlhx1WPBgK3dTJSP56Ny4P3iPm8ezzZN4dLj9tFQb9K2JxoWbtYDVG6Jw=s720-no\" alt=\"imagem\" \/><!--more-->A ascens\u00e3o de uma pandemia pelo coronav\u00edrus exp\u00f5e com crueza as contradi\u00e7\u00f5es da sociedade capitalista mundial. A necessidade de interven\u00e7\u00f5es planejadas, de solidariedade internacional e de apoio massivo aos sistemas de sa\u00fade contrasta com a l\u00f3gica de tratar a sa\u00fade como mercadoria, que se possa lucrar com sua venda. No Brasil, enquanto se difundem medidas que visam frear a dissemina\u00e7\u00e3o da infec\u00e7\u00e3o, assiste-se tamb\u00e9m a intensifica\u00e7\u00e3o de medidas econ\u00f4micas austeras.<\/p>\n<p>Os dados divulgados no dia 21 de mar\u00e7o informam que j\u00e1 passa de 1.020 o n\u00famero de casos confirmados com coronav\u00edrus, que se espalha por 25 Estados e no Distrito Federal, com 18 epis\u00f3dios fatais. O n\u00famero de casos confirmados, que comprovam crescimento geom\u00e9trico do v\u00edrus, pode ainda indicar uma grave subnotifica\u00e7\u00e3o, pois h\u00e1 muita restri\u00e7\u00e3o para os testes, al\u00e9m de interesses esp\u00farios em abafar a gravidade do cen\u00e1rio.<\/p>\n<p>As medidas gerais tomadas pelo Minist\u00e9rio da Sa\u00fade e Secretarias do Estado envolvem o est\u00edmulo \u00e0 preven\u00e7\u00e3o individual (etiqueta respirat\u00f3ria, lavagem das m\u00e3os e superf\u00edcies), al\u00e9m do isolamento domiciliar ou hospitalar de pessoas com sintomas da doen\u00e7a por at\u00e9 14 dias, fechamento de escolas e o impedimento formal de grandes aglomera\u00e7\u00f5es de pessoas. Na contram\u00e3o de pa\u00edses que t\u00eam mostrado sucesso no controle do coronav\u00edrus tais como China, Cuba e Vietn\u00e3, o Brasil n\u00e3o tem testado massivamente a popula\u00e7\u00e3o.<\/p>\n<p>J\u00e1 est\u00e1 sendo adotado tamb\u00e9m o bloqueio de viagens para os locais com casos confirmados. Em n\u00edvel estadual a Secretaria da Sa\u00fade do Estado da Bahia (SESAB) vem adotando as recomenda\u00e7\u00f5es gerais, al\u00e9m de reservar leitos em hospitais privados.<br \/>\nApesar da necessidade das medidas indicadas, s\u00e3o patentes as suas limita\u00e7\u00f5es. Em primeiro lugar, o ataque ao SUS continua na ordem do dia. Na Bahia h\u00e1 uma tend\u00eancia de fortalecimento das terceiriza\u00e7\u00f5es nas gest\u00f5es dos hospitais regionais, que s\u00e3o passados \u00e0 iniciativa privada, a exemplo do Hospital Espanhol e do Hospital Couto Maia. O governo estadual prioriza destinar recursos \u00e0 aten\u00e7\u00e3o secund\u00e1ria e terci\u00e1ria, deixando a cargo dos munic\u00edpios a Aten\u00e7\u00e3o Prim\u00e1ria \u00e0 Sa\u00fade (APS).<\/p>\n<p>Salvador, por exemplo, tem uma das menores taxas de cobertura na aten\u00e7\u00e3o prim\u00e1ria do Brasil \u2013 esta que \u00e9 a principal porta de entrada para o Sistema \u00danico de Sa\u00fade (SUS) e que mant\u00e9m as rela\u00e7\u00f5es mais pr\u00f3ximas com as comunidades \u2013 sendo a menor taxa de cobertura de APS entre as capitais do Nordeste. Mesmo as a\u00e7\u00f5es de car\u00e1ter emergencial n\u00e3o podem ocultar o car\u00e1ter geral de desvaloriza\u00e7\u00e3o da aten\u00e7\u00e3o prim\u00e1ria, da precariza\u00e7\u00e3o das rela\u00e7\u00f5es trabalhistas e do SUS.<\/p>\n<p>As graves condi\u00e7\u00f5es de vida da classe trabalhadora, o aprofundamento do neoliberalismo e sua l\u00f3gica de gest\u00e3o individualizante e a perda da centralidade da integralidade ao cuidado prenunciam a pouca aten\u00e7\u00e3o \u00e0 universaliza\u00e7\u00e3o de uma sa\u00fade digna para os trabalhadores. Em um momento de conten\u00e7\u00e3o social, a grande maioria dos trabalhadores do setor privado continuam a trabalhar sem m\u00ednimas condi\u00e7\u00f5es de higiene, mais expostos ao cont\u00e1gio e sob amea\u00e7as de demiss\u00e3o, caso n\u00e3o cumpram a jornada. O que demonstra que para os patr\u00f5es, o lucro est\u00e1 \u00e0 frente da vida dos trabalhadores e da sa\u00fade p\u00fablica.<\/p>\n<p>Da mesma forma, a destrui\u00e7\u00e3o dos direitos trabalhistas e o desemprego galopante criaram um grande contingente de trabalhadores informais na Bahia, contingente que representa mais da metade da classe trabalhadora estadual (56%). Em Salvador \u2013 cidade que concentra o maior n\u00famero de casos \u2013 a informalidade atinge 40% dos trabalhadores (490 mil), entre ambulantes, feirantes, motoristas e entregadores. Privados completamente da seguridade social, ter\u00e3o suas rendas esmagadas durante o per\u00edodo das medidas de conten\u00e7\u00e3o.<\/p>\n<p>Ainda n\u00e3o \u00e9 poss\u00edvel ter a dimens\u00e3o completa dos efeitos e de como lidar plenamente com o coronav\u00edrus. Portanto, \u00e9 mais do que necess\u00e1rio ir na dire\u00e7\u00e3o contr\u00e1ria da pol\u00edtica realizada pelo governo Bolsonaro, de cortes na \u00e1rea da pesquisa cient\u00edfica, como a redu\u00e7\u00e3o das bolsas da Capes. Na Bahia, o descaso com a pesquisa n\u00e3o tem sido diferente: a Funda\u00e7\u00e3o de Amparo \u00e0 Pesquisa do Estado da Bahia (Fabesp) enfrenta forte contingenciamento de recursos, o que impossibilita a realiza\u00e7\u00e3o de editais de financiamento.<\/p>\n<p>As Universidades P\u00fablicas Brasileiras t\u00eam um papel crucial para produzir o conhecimento necess\u00e1rio \u00e0 classe trabalhadora neste momento. Como j\u00e1 mostraram pesquisadoras da Universidade de S\u00e3o Paulo, que conseguiram sequenciar o genoma do coronav\u00edrus no Brasil em 48 horas.<\/p>\n<p>Por isso, a partir da perspectiva da classe trabalhadora, o Partido Comunista Brasileiro exige medidas que n\u00e3o apenas solucionem o car\u00e1ter imediato da pandemia na Bahia, mas que enfrentem na raiz a grave crise econ\u00f4mica e humanit\u00e1ria que vivemos:<\/p>\n<p>1. Refor\u00e7o de programas que busquem a interioriza\u00e7\u00e3o dos profissionais de sa\u00fade;<\/p>\n<p>2. Busca ativa de poss\u00edveis infectados a partir dos agentes comunit\u00e1rios de sa\u00fade e amplia\u00e7\u00e3o do teste laboratorial do coronav\u00edrus;<\/p>\n<p>3. Garantia de insumos, medicamentos, equipamentos e respiradores nas unidades de sa\u00fade;<\/p>\n<p>4. Estatiza\u00e7\u00e3o de hospitais privados da Bahia, para garantir a oferta de leitos hospitalares e de unidades de terapia intensiva;<\/p>\n<p>5. Que a reabertura do Hospital Couto Maia e o Hospital Espanhol continuem a servi\u00e7o da classe trabalhadora, mantendo o car\u00e1ter p\u00fablico e estatal;<\/p>\n<p>6. Garantir a paralisa\u00e7\u00e3o de todas atividades n\u00e3o essenciais, sem preju\u00edzo de perdas de sal\u00e1rios, despejos e demiss\u00f5es para a classe trabalhadora, no setor p\u00fablico e privado;<\/p>\n<p>7. Agilidade na libera\u00e7\u00e3o da licen\u00e7a m\u00e9dica dos trabalhadores (aux\u00edlio-doen\u00e7a) e aus\u00eancia remunerada no trabalho;<\/p>\n<p>8. Que seja destinado o pagamento de sal\u00e1rio m\u00ednimo, distribui\u00e7\u00e3o de cestas b\u00e1sicas e kits de sa\u00fade para as fam\u00edlias de baixa renda e de extrema pobreza;<\/p>\n<p>9. Que trabalhadores ligados a aplicativos tenham direito a remunera\u00e7\u00e3o durante a quarentena, de acordo renda m\u00e9dia da categoria dos \u00faltimos 6 meses. E que todos os custos sociais sejam arcados pelo pr\u00f3prio aplicativo em que os trabalhadores est\u00e3o cadastrados;<\/p>\n<p>10. Mais investimentos para as pesquisas realizadas nas Universidade P\u00fablicas, Baianas. Neste momento, especialmente \u00e0s ligadas ao Coronav\u00edrus;<\/p>\n<p>11. Endossamos em n\u00edvel nacional que seja imediatamente revogada a Emenda Constitucional 95, a Reforma Trabalhista e a Reforma da Previd\u00eancia; bem como a estatiza\u00e7\u00e3o da ind\u00fastria farmac\u00eautica e defesa do SUS 100% p\u00fablico e estatal.<br \/>\n\u00c1rea de anexos<\/p>\n","protected":false},"excerpt":{"rendered":"<a class=\"moretag\" href=\"https:\/\/pcb.org.br\/portal2\/25159\"> <\/a>","protected":false},"author":1,"featured_media":0,"comment_status":"closed","ping_status":"closed","sticky":false,"template":"","format":"standard","meta":{"jetpack_post_was_ever_published":false,"_jetpack_newsletter_access":"","_jetpack_dont_email_post_to_subs":false,"_jetpack_newsletter_tier_id":0,"_jetpack_memberships_contains_paywalled_content":false,"_jetpack_memberships_contains_paid_content":false,"footnotes":"","jetpack_publicize_message":"","jetpack_publicize_feature_enabled":true,"jetpack_social_post_already_shared":true,"jetpack_social_options":{"image_generator_settings":{"template":"highway","default_image_id":0,"font":"","enabled":false},"version":2}},"categories":[26,20,197],"tags":[225],"class_list":["post-25159","post","type-post","status-publish","format-standard","hentry","category-c25-notas-politicas-do-pcb","category-c1-popular","category-saude","tag-4a"],"jetpack_publicize_connections":[],"jetpack_featured_media_url":"","jetpack_shortlink":"https:\/\/wp.me\/p659gw-6xN","jetpack-related-posts":[],"jetpack_likes_enabled":true,"jetpack_sharing_enabled":true,"_links":{"self":[{"href":"https:\/\/pcb.org.br\/portal2\/wp-json\/wp\/v2\/posts\/25159","targetHints":{"allow":["GET"]}}],"collection":[{"href":"https:\/\/pcb.org.br\/portal2\/wp-json\/wp\/v2\/posts"}],"about":[{"href":"https:\/\/pcb.org.br\/portal2\/wp-json\/wp\/v2\/types\/post"}],"author":[{"embeddable":true,"href":"https:\/\/pcb.org.br\/portal2\/wp-json\/wp\/v2\/users\/1"}],"replies":[{"embeddable":true,"href":"https:\/\/pcb.org.br\/portal2\/wp-json\/wp\/v2\/comments?post=25159"}],"version-history":[{"count":0,"href":"https:\/\/pcb.org.br\/portal2\/wp-json\/wp\/v2\/posts\/25159\/revisions"}],"wp:attachment":[{"href":"https:\/\/pcb.org.br\/portal2\/wp-json\/wp\/v2\/media?parent=25159"}],"wp:term":[{"taxonomy":"category","embeddable":true,"href":"https:\/\/pcb.org.br\/portal2\/wp-json\/wp\/v2\/categories?post=25159"},{"taxonomy":"post_tag","embeddable":true,"href":"https:\/\/pcb.org.br\/portal2\/wp-json\/wp\/v2\/tags?post=25159"}],"curies":[{"name":"wp","href":"https:\/\/api.w.org\/{rel}","templated":true}]}}