{"id":25223,"date":"2020-03-30T23:02:25","date_gmt":"2020-03-31T02:02:25","guid":{"rendered":"https:\/\/pcb.org.br\/portal2\/?p=25223"},"modified":"2020-03-31T01:51:51","modified_gmt":"2020-03-31T04:51:51","slug":"ha-metodo-na-loucura","status":"publish","type":"post","link":"https:\/\/pcb.org.br\/portal2\/25223","title":{"rendered":"H\u00e1 m\u00e9todo na loucura"},"content":{"rendered":"<p><img decoding=\"async\" class=\"imagem\" title=\"imagem\" src=\"https:\/\/i0.wp.com\/lh3.googleusercontent.com\/9qxDsk1j0OFXPfsB9KULdc1FIR_WLczlitGkjs7_3TvAMeUuqOTesFlm64tF0kLphs51uAHY5kh9eZ6Eur6Y_N3yHxnlCjHcakyTQhRTtzLQlSAdjBicE0NH-plTAFi7FnO2awu1bPY-4RhxadckqnMCi9felUp4NKJ1-MjzqRpVG15b5P-5vEmFe8jkYGkaZDSIAw2ekevO9x1--bzw_XNCN3rIii-D0RJ95m0ejvWksfR7qU-zQgmsYtWllt6thzcExENCZoDIiM7KyfA86Nz8mnPBtin_waF1G8eJxeRf_SA__7Pd76UZAZ6Q0X3aETMeAOUX7KzPlvt8k466E30PVBG897PdW-Rvs-LB3N8Iyl9C9EtH2meNhuxp4YC-0ynyu7qeLCRzCqLUis7_uGydrFsJG8xIGigLoCHRbuRw4J0RlQ-jScjeVnwmJ_GQBzGaL4ePaJnHH09lwDv4huEqyT59ovIJHDdFwGs9FrBuVs6BrY_qOLTpSLX-IaNWBwYF8vLn02x0m9_tTMoOFT-_4C8fUV21DTPrlcpUYWDFWay_-NRaVs5R65aDmI7j2gR5UUckebNA3FInpUsS4pbg7S0-IW5fwny2D-9_1GC5mknUv9gexdb-nfkZQw7V3gwFAFg7qL1MtGOv50P0m0RxroLFEuygE0tCEGKTWEPO-UkiSewLDf1fto9WwbofVdk8MRyHUTie0GmlfWXTupNQHOvPtrwporcirRr-PFGwnPSjYzAgVg=w720-h745-no\" alt=\"imagem\" \/><!--more-->Bolsonaro e o coronav\u00edrus<\/p>\n<p>por Pedro Marin | Revista Opera<\/p>\n<p>A frase vem de Hamlet. Na obra, Pol\u00f4nio diz, depois de Hamlet o informar sobre as loucuras indecentes que l\u00ea: \u201cApesar de loucura, revela m\u00e9todo. N\u00e3o quereis sair do vento, pr\u00edncipe?\u201d. Ao que Hamlet contesta: \u201cEntrar na sepultura?\u201d e Pol\u00f4nio responde: \u201cRealmente, desse modo sa\u00edreis do vento\u201d.<\/p>\n<p>H\u00e1 m\u00e9todo na loucura homicida do pronunciamento realizado pelo presidente nesta semana. N\u00e3o loucura escrita \u2013 mas loucura dita. N\u00e3o pelo pr\u00edncipe da Dinamarca, mas pelo bobo da corte.<\/p>\n<p>Sustentando em cadeia nacional de r\u00e1dio e televis\u00e3o a posi\u00e7\u00e3o de que a pandemia era uma \u201cgripezinha\u201d ou, no m\u00e1ximo, \u201cum resfriadinho\u201d, o presidente Jair Bolsonaro buscava algumas coisas. Primeiro, emular as posi\u00e7\u00f5es de seu mestre, Donald Trump.<\/p>\n<p>Segundo, o presidente pretendia \u2013 e isto conseguiu \u2013 tirar suas bases virtuais do isolamento nas redes sociais ao qual estavam submetidas. Foram v\u00e1rios os relat\u00f3rios que apontavam que, em meio \u00e0 crise de pandemia, as mil\u00edcias virtuais ficaram acuadas. Foi depois do insano pronunciamento que as tropas de sedados quebraram as portas tecnol\u00f3gicas do hosp\u00edcio.<\/p>\n<p>Terceiro, Bolsonaro imaginava que, por meio de um grande ato de propaganda, no qual denunciava a irresponsabilidade de governadores que \u201cn\u00e3o se preocupam com a economia\u201d, conseguiria se livrar, daqui alguns meses, quando a economia de fato estar\u00e1 derretida, de suas pr\u00f3prias responsabilidades.<\/p>\n<p>Por fim, o mandat\u00e1rio buscava apoio. Especificamente, de abutres da bolsa \u2013 que pretendem continuar negociando os esp\u00f3lios da recentes perdas de seus home-offices \u2013 e da pequena burguesia, que em seu desespero quanto \u00e0 semana que vem, \u00e9 capaz, de uma hora para a outra, de se convencer da loucura presidencial, ainda que saiba que a sua verdadeira demanda \u2013 \u00e0 qual n\u00e3o tem condi\u00e7\u00e3o de reivindicar por sua natureza vacilante \u2013 \u00e9 a de que o governo os apoie enquanto estiverem fechados. Aos pequeno-burgueses soma-se tamb\u00e9m uma cadeia de prolet\u00e1rios seduzidos no canto de sereia do \u201cempreendedorismo\u201d.<\/p>\n<p>Mas, a despeito do m\u00e9todo, a loucura n\u00e3o ter\u00e1 efeito.<\/p>\n<p>N\u00e3o que as bolsas de a\u00e7\u00f5es tenham respondido mal ao pronunciamento. Muito pelo contr\u00e1rio.<\/p>\n<p>Tampouco \u00e9 o caso de pequenos comerciantes e \u201cempreendedores\u201d n\u00e3o estarem dispostos a, depois de se convencerem os primeiros de que s\u00e3o burgueses e os segundos de que s\u00e3o pequeno-burgueses, se convencerem tamb\u00e9m do discurso presidencial quanto ao Covid-19.<\/p>\n<p>Bolsonaro tamb\u00e9m n\u00e3o \u00e9 de todo in\u00e1bil quando pretende se fantasiar de Trump \u2013 mas, sem 2 trilh\u00f5es de d\u00f3lares dispon\u00edveis para injetar na economia, falta a ele os recursos com os quais seu colega faz de seu showzinho particular um espet\u00e1culo da Broadway.<\/p>\n<p>Quanto \u00e0 sua capacidade propagand\u00edstica e \u00e0s suas mil\u00edcias, de fato o presidente tem algum provento. Mas no primeiro caso n\u00e3o se sustentar\u00e3o quando o povo se enfrentar com a morte, e, no segundo caso, como tudo o que desmancha no ar neste momento, trata-se de um provento puramente virtual, abstrato e an\u00edmico.<\/p>\n<p>O caso \u00e9 que os grandes jogadores da vida sob o capital, ao contr\u00e1rio da pequena burguesia, t\u00eam consci\u00eancia de si como classe e, diferentemente dos especuladores m\u00e9dios, sabem que o mundo n\u00e3o \u00e9 feito de pequenos pap\u00e9is especulativos. Acima de tudo: sabem que aos pequenos pap\u00e9is, em meio \u00e0 crise, t\u00eam condi\u00e7\u00f5es de dar uma grandeza maior de valor \u2013 como j\u00e1 revelamos que fazem.<\/p>\n<p>No primeiro aspecto, ao ter consci\u00eancia de si, descobrem que tudo o que \u00e9 vivo pode morrer. Quando falam em \u201cdefender a vida\u201d, portanto, querem dizer na verdade as suas pr\u00f3prias. N\u00e3o porque os ricos tamb\u00e9m se infectam \u2013 mas porque os pobres podem se infectar com um v\u00edrus muito mais perigoso para seus neg\u00f3cios \u00e0 medida que seus familiares e amigos morrem com \u00e1gua nos pulm\u00f5es. Se \u00e9 certo que a morte de favelados n\u00e3o os atinge na alma \u2013 um certo \u201cmestre de aprendizes\u201d deixou perfeitamente claro nessa semana -, tamb\u00e9m \u00e9 certo que os pobres, em revolta, podem atingi-los n\u00e3o s\u00f3 em suas casas, mas tamb\u00e9m em seus bolsos. E o que s\u00e3o esses senhores sen\u00e3o mais bolsos que alma?<\/p>\n<p>No segundo aspecto, trata-se de recordar que nem sempre a burguesia mant\u00e9m a postura fiscalista e austera quanto ao Estado. Ao contr\u00e1rio; ela o imp\u00f5e precisamente depois do endividamento do Estado, que a permite tamb\u00e9m compr\u00e1-lo. N\u00e3o \u00e9 isso o que o j\u00e1 denunciado Plano Mansueto far\u00e1? Por que estariam dispostos a possivelmente ajudar a cavar sua pr\u00f3pria cova por pequenos lucros especulativos agora, feitos por esp\u00f3lios da bolsa, se podem comprar a propriedade das empresas em alguns meses? Por que enriquecer um pouco mais com a varia\u00e7\u00e3o das a\u00e7\u00f5es das companhias estaduais se podem, muito em breve, terem as companhias estaduais?! Por que oferecer o corpo \u00e0 infec\u00e7\u00e3o pelos lucros pequenos, se podem lucrar generosamente da ru\u00edna dos pequenos e do Estado?<\/p>\n<p>O caos n\u00e3o deve ser subestimado. Ao menos, \u00e9 certo que os grandes capitalistas n\u00e3o o subestimam. Numa situa\u00e7\u00e3o ca\u00f3tica, de exce\u00e7\u00e3o \u2013 at\u00e9 o alucinado presidente a reconhece \u2013 procuram tomar o quanto podem as r\u00e9deas do destino. O que os diferenciam do presidente \u00e9 que, enquanto este v\u00ea o caos no \u201cdesemprego\u201d (por excel\u00eancia control\u00e1vel pelos donos de propriedades), os segundos o veem na morte em massa do povo, capaz de catalisar aqueles sentimentos profundamente humanos que eles h\u00e1 muito j\u00e1 perderam.<\/p>\n<p>H\u00e1 m\u00e9todo na loucura. Por isso o presidente desfila confiante. Mas h\u00e1 loucura no m\u00e9todo. Por isso n\u00e3o desfilar\u00e1 por muito mais tempo. \u201cN\u00e3o quereis sair do vento, pr\u00edncipe?\u201d perguntam. \u201cEntrar na sepultura?\u201d<\/p>\n","protected":false},"excerpt":{"rendered":"<a class=\"moretag\" href=\"https:\/\/pcb.org.br\/portal2\/25223\"> <\/a>","protected":false},"author":1,"featured_media":0,"comment_status":"closed","ping_status":"closed","sticky":false,"template":"","format":"standard","meta":{"jetpack_post_was_ever_published":false,"_jetpack_newsletter_access":"","_jetpack_dont_email_post_to_subs":false,"_jetpack_newsletter_tier_id":0,"_jetpack_memberships_contains_paywalled_content":false,"_jetpack_memberships_contains_paid_content":false,"footnotes":"","jetpack_publicize_message":"","jetpack_publicize_feature_enabled":true,"jetpack_social_post_already_shared":true,"jetpack_social_options":{"image_generator_settings":{"template":"highway","default_image_id":0,"font":"","enabled":false},"version":2}},"categories":[7],"tags":[226],"class_list":["post-25223","post","type-post","status-publish","format-standard","hentry","category-s8-brasil","tag-4b"],"jetpack_publicize_connections":[],"jetpack_featured_media_url":"","jetpack_shortlink":"https:\/\/wp.me\/p659gw-6yP","jetpack-related-posts":[],"jetpack_likes_enabled":true,"jetpack_sharing_enabled":true,"_links":{"self":[{"href":"https:\/\/pcb.org.br\/portal2\/wp-json\/wp\/v2\/posts\/25223","targetHints":{"allow":["GET"]}}],"collection":[{"href":"https:\/\/pcb.org.br\/portal2\/wp-json\/wp\/v2\/posts"}],"about":[{"href":"https:\/\/pcb.org.br\/portal2\/wp-json\/wp\/v2\/types\/post"}],"author":[{"embeddable":true,"href":"https:\/\/pcb.org.br\/portal2\/wp-json\/wp\/v2\/users\/1"}],"replies":[{"embeddable":true,"href":"https:\/\/pcb.org.br\/portal2\/wp-json\/wp\/v2\/comments?post=25223"}],"version-history":[{"count":0,"href":"https:\/\/pcb.org.br\/portal2\/wp-json\/wp\/v2\/posts\/25223\/revisions"}],"wp:attachment":[{"href":"https:\/\/pcb.org.br\/portal2\/wp-json\/wp\/v2\/media?parent=25223"}],"wp:term":[{"taxonomy":"category","embeddable":true,"href":"https:\/\/pcb.org.br\/portal2\/wp-json\/wp\/v2\/categories?post=25223"},{"taxonomy":"post_tag","embeddable":true,"href":"https:\/\/pcb.org.br\/portal2\/wp-json\/wp\/v2\/tags?post=25223"}],"curies":[{"name":"wp","href":"https:\/\/api.w.org\/{rel}","templated":true}]}}