{"id":25261,"date":"2020-04-05T00:49:58","date_gmt":"2020-04-05T03:49:58","guid":{"rendered":"https:\/\/pcb.org.br\/portal2\/?p=25261"},"modified":"2020-04-05T00:49:58","modified_gmt":"2020-04-05T03:49:58","slug":"governo-bolsonaro-e-a-agenda-do-capital","status":"publish","type":"post","link":"https:\/\/pcb.org.br\/portal2\/25261","title":{"rendered":"Governo Bolsonaro e a agenda do capital"},"content":{"rendered":"<p><img decoding=\"async\" class=\"imagem\" title=\"imagem\" src=\"https:\/\/i0.wp.com\/vermelho.org.br\/wp-content\/uploads\/2019\/10\/q1ubpnvebfqi134931.jpg\" alt=\"imagem\" \/><!--more-->Os ricos, os patr\u00f5es e seus pol\u00edticos de estima\u00e7\u00e3o nunca se importaram com a vida do povo trabalhador<\/p>\n<p>Mario Mariano &#8211; militante do PCB em MG<\/p>\n<p>Jair Bolsonaro vem cumprindo \u00e0 risca a agenda dos interesses dos ricos e poderosos no Brasil. Seu modo tosco de fazer as coisas tem deixado tudo mais dram\u00e1tico e angustiante para a maioria do povo. J\u00e1 sent\u00edamos diariamente o sucateamento do SUS, a destrui\u00e7\u00e3o da previd\u00eancia social, os ataques aos direitos trabalhistas, a falta de moradia, o desemprego, as dificuldades da informalidade, a falta de recursos para a educa\u00e7\u00e3o, ou seja, o estado m\u00ednimo para os pobres e forte para defender os interesses dos capitalistas.<\/p>\n<p>Com a chegada do novo coronav\u00edrus no Brasil, esse quadro, que j\u00e1 era desumano, se torna mais doloroso, pois se soma a uma doen\u00e7a que tem assolado popula\u00e7\u00f5es em todo o mundo. Temos podido ver o que nos espera se o lucro, e n\u00e3o a vida, continuar ser o guia de condu\u00e7\u00e3o dos governos. O prefeito de Mil\u00e3o, na It\u00e1lia, logo no in\u00edcio da pandemia em sua cidade, espalhou um v\u00eddeo pedindo para que a cidade n\u00e3o parasse. Passado um breve tempo, veio \u00e0 TV pedir desculpas, diante de um quadro em que fam\u00edlias perderam seus entes queridos em n\u00fameros assustadores. Caix\u00f5es est\u00e3o empilhados nas funer\u00e1rias, e a It\u00e1lia \u00e9 o pa\u00eds com maior n\u00famero de mortes causadas pela COVID-19 at\u00e9 agora: mais de 13 mil.<\/p>\n<p>Se j\u00e1 sabemos, pelas experi\u00eancias de diferentes pa\u00edses e de pesquisas na \u00e1rea de sa\u00fade, que estimular as pessoas a ficar em casa \u00e9 uma medida bastante eficiente para salvar vidas nesse tipo de situa\u00e7\u00e3o, qual a explica\u00e7\u00e3o para a atitude de Bolsonaro de debochar das medidas de isolamento e repetir que os com\u00e9rcios devem reabrir e que a economia n\u00e3o pode parar?<\/p>\n<p>As falas e decis\u00f5es de Bolsonaro v\u00eam deixando escapar o verdadeiro car\u00e1ter dos interesses econ\u00f4micos e pol\u00edticos que ele e seu governo representam. Paulo Guedes e seu ultraliberalismo na economia, Damares e sua agenda conservadora nos costumes, Weintraub e seu ataque di\u00e1rio a estudantes e professores, Ernesto Ara\u00fajo e sua submiss\u00e3o a Trump s\u00e3o parte de um governo que, em conjunto com setores das elites que ainda os apoiam, acredita que a vida do povo trabalhador pouco importa se ela n\u00e3o est\u00e1 sob a batuta do seu patr\u00e3o na l\u00f3gica da sociedade capitalista. Por isso defendem a EC-95 (emenda do Teto dos Gastos), que tira dinheiro da educa\u00e7\u00e3o e sa\u00fade para garantir os lucros dos banqueiros. Pelo mesmo motivo se esfor\u00e7aram tanto para atacar a previd\u00eancia social e os direitos trabalhistas, seguindo a cartilha neoliberal para garantir o chamado \u201cbom humor\u201d do mercado. A vida das pessoas nunca foi prioridade para esses representantes dos interesses das elites, dos bancos e dos ricos.<\/p>\n<p>Bolsonaro corre atr\u00e1s do tempo para fazer a economia funcionar para as elites que o elegeram. Para que serviria um presidente, na l\u00f3gica do capitalismo, se ele n\u00e3o consegue manter um Estado que permite, diariamente, que o sangue e o suor de quem trabalha se transforme em lucro para os capitalistas? Ele usar\u00e1 todas as suas armas para isso, mesmo que custe a vida de milhares de pessoas que poder\u00e3o ser infectadas pelo novo coronav\u00edrus e que n\u00e3o conseguir\u00e3o atendimento em um SUS que Bolsonaro sucateou ainda mais para manter os lucros das empresas privadas da \u00e1rea de sa\u00fade. O jogo da explora\u00e7\u00e3o n\u00e3o pode parar para Bolsonaro e para os interesses que ele representa.<\/p>\n<p>Bolsonaro e seu posicionamento nefasto sobre a pandemia \u00e9, no Brasil, a ponta de um iceberg chamado capitalismo. Isso significa que faz sentido derrubar Bolsonaro, Mour\u00e3o, Paulo Guedes e seus aliados como um passo de uma tarefa ainda maior: derrotar o projeto das elites capitalistas e fortalecer uma sa\u00edda para a crise atual que tenha como ponto fundamental o Poder Popular e o Socialismo, ou seja, a vida humana plena de toda sua riqueza material e n\u00e3o material.<\/p>\n<p>Se Bolsonaro est\u00e1 do lado do capital e do lucro, n\u00f3s devemos estar com a classe trabalhadora, do lado da vida, contra a explora\u00e7\u00e3o e contra toda forma de opress\u00e3o. Se os ricos, os patr\u00f5es e seus pol\u00edticos de estima\u00e7\u00e3o nunca se importaram com a vida do povo trabalhador, sejamos n\u00f3s a juntar nossas for\u00e7as, nossa intelig\u00eancia e nossa solidariedade de classe em cada local de moradia, trabalho e estudo para cuidar dos nossos e fazer avan\u00e7ar nossa luta para tirar Bolsonaro e Mour\u00e3o do nosso caminho e construir a alternativa em que a vida derrote o lucro de uma vez por todas!<\/p>\n","protected":false},"excerpt":{"rendered":"<a class=\"moretag\" href=\"https:\/\/pcb.org.br\/portal2\/25261\"> <\/a>","protected":false},"author":1,"featured_media":0,"comment_status":"closed","ping_status":"closed","sticky":false,"template":"","format":"standard","meta":{"jetpack_post_was_ever_published":false,"_jetpack_newsletter_access":"","_jetpack_dont_email_post_to_subs":false,"_jetpack_newsletter_tier_id":0,"_jetpack_memberships_contains_paywalled_content":false,"_jetpack_memberships_contains_paid_content":false,"footnotes":"","jetpack_publicize_message":"","jetpack_publicize_feature_enabled":true,"jetpack_social_post_already_shared":true,"jetpack_social_options":{"image_generator_settings":{"template":"highway","default_image_id":0,"font":"","enabled":false},"version":2}},"categories":[7],"tags":[224],"class_list":["post-25261","post","type-post","status-publish","format-standard","hentry","category-s8-brasil","tag-3b"],"jetpack_publicize_connections":[],"jetpack_featured_media_url":"","jetpack_shortlink":"https:\/\/wp.me\/p659gw-6zr","jetpack-related-posts":[],"jetpack_likes_enabled":true,"jetpack_sharing_enabled":true,"_links":{"self":[{"href":"https:\/\/pcb.org.br\/portal2\/wp-json\/wp\/v2\/posts\/25261","targetHints":{"allow":["GET"]}}],"collection":[{"href":"https:\/\/pcb.org.br\/portal2\/wp-json\/wp\/v2\/posts"}],"about":[{"href":"https:\/\/pcb.org.br\/portal2\/wp-json\/wp\/v2\/types\/post"}],"author":[{"embeddable":true,"href":"https:\/\/pcb.org.br\/portal2\/wp-json\/wp\/v2\/users\/1"}],"replies":[{"embeddable":true,"href":"https:\/\/pcb.org.br\/portal2\/wp-json\/wp\/v2\/comments?post=25261"}],"version-history":[{"count":0,"href":"https:\/\/pcb.org.br\/portal2\/wp-json\/wp\/v2\/posts\/25261\/revisions"}],"wp:attachment":[{"href":"https:\/\/pcb.org.br\/portal2\/wp-json\/wp\/v2\/media?parent=25261"}],"wp:term":[{"taxonomy":"category","embeddable":true,"href":"https:\/\/pcb.org.br\/portal2\/wp-json\/wp\/v2\/categories?post=25261"},{"taxonomy":"post_tag","embeddable":true,"href":"https:\/\/pcb.org.br\/portal2\/wp-json\/wp\/v2\/tags?post=25261"}],"curies":[{"name":"wp","href":"https:\/\/api.w.org\/{rel}","templated":true}]}}