{"id":25273,"date":"2020-04-07T08:08:49","date_gmt":"2020-04-07T11:08:49","guid":{"rendered":"https:\/\/pcb.org.br\/portal2\/?p=25273"},"modified":"2020-04-07T08:08:49","modified_gmt":"2020-04-07T11:08:49","slug":"unamos-nossas-vozes-pela-vida","status":"publish","type":"post","link":"https:\/\/pcb.org.br\/portal2\/25273","title":{"rendered":"Unamos nossas vozes pela vida!"},"content":{"rendered":"<p><img decoding=\"async\" class=\"imagem\" title=\"imagem\" src=\"https:\/\/i0.wp.com\/image.jimcdn.com\/app\/cms\/image\/transf\/dimension%3D136x10000:format%3Dpng\/path\/s9336b754383d9375\/image\/i79820f24976f9b63\/version\/1455551214\/image.png\" alt=\"imagem\" \/><!--more-->POSICIONAMENTO DA OFICINA REGIONAL DA FEDERA\u00c7\u00c3O DEMOCR\u00c1TICA INTERNACIONAL DE MULHERES (FDIM) PARA A AM\u00c9RICA E O CARIBE A RESPEITO DA PANDEMIA DE COVID-19.<\/p>\n<p>A Oficina Regional da Federa\u00e7\u00e3o Democr\u00e1tica Internacional de Mulheres (FDIM), para a Am\u00e9rica e o Caribe coordena o trabalho de 69 organiza\u00e7\u00f5es afiliadas e associadas \u00e0 FDIM na Regi\u00e3o, com a representa\u00e7\u00e3o da Federa\u00e7\u00e3o de Mulheres Cubanas (FMC).<\/p>\n<p>Da sua sede em Havana, vem expressar seu mais pleno respaldo ao chamamento feito por mais de 230 organiza\u00e7\u00f5es em todo o mundo, conclamando a \u201ccooperar\u201d diante da agressiva pandemia de COVID-19, que submeteu o planeta a um grande caos.<\/p>\n<p>Para as cubanas e os cubanos, hoje o bloqueio econ\u00f4mico, comercial e financeiro imposto pelo governo dos Estados Unidos h\u00e1 quase 60 anos, a reativa\u00e7\u00e3o do T\u00edtulo III da Lei Helms-Burton e a impune aplica\u00e7\u00e3o de crescentes medidas coercitivas unilaterais, extraterritoriais e irrevers\u00edveis, n\u00e3o s\u00e3o apenas o principal obst\u00e1culo para o desenvolvimento do pa\u00eds, como tamb\u00e9m pro\u00edbem, sem piedade, a chegada a Cuba de medicamentos e outros recursos que permitiriam enfrentar mais eficazmente a pandemia.<\/p>\n<p>Ao mesmo tempo, o Presidente Trump, ap\u00f3s subestimar a pandemia e culpar o Partido Democrata de exagerar uma \u201csimples gripe\u201d para afetar sua campanha eleitoral, somente agora reconhece que os Estados Unidos tenham se transformado no epicentro sustentado do desenvolvimento da enfermidade, com crescimentos exponenciais das cifras de enfermos e falecidos registrados no mundo.<\/p>\n<p>O presidente magnata, nem mesmo em meio \u00e0 luta pela sobreviv\u00eancia das pessoas, se digna a escutar as en\u00e9rgicas demandas do Secret\u00e1rio General de Na\u00e7\u00f5es Unidas, tampouco das m\u00e1ximas autoridades da Gr\u00e3 Bretanha, Fran\u00e7a, R\u00fassia, China, entre outros muitos pa\u00edses, para que seu governo deixe de aplicar medidas coercitivas unilaterais a pa\u00edses e povos que lutam dignamente pelo seu desenvolvimento, assim como praticam a fraternidade, a amizade e o amor, que, nos dizeres de Jos\u00e9 Mart\u00ed, Ap\u00f3stolo de Cuba, \u201cos povos n\u00e3o se unem sen\u00e3o com verdadeiros la\u00e7os\u201d.<\/p>\n<p>Nestes tempos de solidariedade, Trump est\u00e1 promovendo um cerco nas \u00e1reas costeiras da Venezuela, para recrudescer o bloqueio econ\u00f4mico contra esse heroico povo.<\/p>\n<p>O Imp\u00e9rio nada entende de amor, nem de humanismo.<\/p>\n<p>Por ele tamb\u00e9m deve-se bloquear a esperan\u00e7a dos povos que desesperadamente pedem ajuda para enfrentar a pandemia. O povo cubano, passando por cima das enormes limita\u00e7\u00f5es impostas pelo atual governo dos Estados Unidos, e fiel ao legado de Fidel, fundador da primeira Brigada Henry Reeve em dezembro de 2002, criada para auxiliar os atingidos pelo furac\u00e3o \u201cKatrina\u201d, retoma suas palavras: &#8220;\u2026Nosso pa\u00eds ser\u00e1 capaz de enviar os m\u00e9dicos que s\u00e3o necess\u00e1rios nos mais obscuros rinc\u00f5es do mundo\u2026 M\u00e9dicos, n\u00e3o bombas!\u201d.<\/p>\n<p>Como continuidade a essa vis\u00e3o estrat\u00e9gica, para combater a pandemia, Cuba formou, em 7 dias, 14 Brigadas Internacionalistas \u201cHenry Reeve\u201d, sendo que 58% de seus integrantes s\u00e3o mulheres, que promovem colabora\u00e7\u00e3o solid\u00e1ria fundamentalmente no Caribe, ainda que tamb\u00e9m estejam presentes em Andorra, Lombardia e outros pa\u00edses da Europa, \u00c1sia e \u00c1frica.<\/p>\n<p>Estamos convencidas de que venceremos a pandemia. Por\u00e9m, os custos ser\u00e3o inevit\u00e1veis e, sem d\u00favida, impactar\u00e3o com muita for\u00e7a nas mulheres.<\/p>\n<p>Exortamos hoje as mulheres da Am\u00e9rica e do Caribe, com capacidade demonstrada para liderar importantes batalhas ao longo de nossa hist\u00f3ria, a reunir esfor\u00e7os para combater e vencer a devastadora COVID-19, pelo bem de nossos povos e de nossas fam\u00edlias.<\/p>\n<p>Repudiamos e condenamos o recrudescimento das medidas coercitivas contra Cuba y Venezuela. Exigimos que cessem os assassinatos de lideran\u00e7as sociais na Col\u00f4mbia. Exigimos aos governos neoliberais da Regi\u00e3o que olhem por seus povos e n\u00e3o se permitam horrores como no Equador.<\/p>\n<p>As organiza\u00e7\u00f5es afiliadas \u00e0 FDIM na Am\u00e9rica e no Caribe, estamos em combate. Algumas nas trincheiras que lhes corresponde, outras colaborando desde o isolamento social.<\/p>\n<p>Uma vez mais unamos nossas vozes pela vida!<\/p>\n<p>Nas palavras do presidente da Rep\u00fablica de Cuba:<\/p>\n<p>FOR\u00c7A: VIVEREMOS E VENCEREMOS!<\/p>\n<p>Oficina Regional FDIM<br \/>\nAm\u00e9rica e Caribe<\/p>\n","protected":false},"excerpt":{"rendered":"<a class=\"moretag\" href=\"https:\/\/pcb.org.br\/portal2\/25273\"> <\/a>","protected":false},"author":1,"featured_media":0,"comment_status":"closed","ping_status":"closed","sticky":false,"template":"","format":"standard","meta":{"jetpack_post_was_ever_published":false,"_jetpack_newsletter_access":"","_jetpack_dont_email_post_to_subs":false,"_jetpack_newsletter_tier_id":0,"_jetpack_memberships_contains_paywalled_content":false,"_jetpack_memberships_contains_paid_content":false,"footnotes":"","jetpack_publicize_message":"","jetpack_publicize_feature_enabled":true,"jetpack_social_post_already_shared":true,"jetpack_social_options":{"image_generator_settings":{"template":"highway","default_image_id":0,"font":"","enabled":false},"version":2}},"categories":[22],"tags":[222],"class_list":["post-25273","post","type-post","status-publish","format-standard","hentry","category-c3-coletivo-ana-montenegro","tag-2b"],"jetpack_publicize_connections":[],"jetpack_featured_media_url":"","jetpack_shortlink":"https:\/\/wp.me\/p659gw-6zD","jetpack-related-posts":[],"jetpack_likes_enabled":true,"jetpack_sharing_enabled":true,"_links":{"self":[{"href":"https:\/\/pcb.org.br\/portal2\/wp-json\/wp\/v2\/posts\/25273","targetHints":{"allow":["GET"]}}],"collection":[{"href":"https:\/\/pcb.org.br\/portal2\/wp-json\/wp\/v2\/posts"}],"about":[{"href":"https:\/\/pcb.org.br\/portal2\/wp-json\/wp\/v2\/types\/post"}],"author":[{"embeddable":true,"href":"https:\/\/pcb.org.br\/portal2\/wp-json\/wp\/v2\/users\/1"}],"replies":[{"embeddable":true,"href":"https:\/\/pcb.org.br\/portal2\/wp-json\/wp\/v2\/comments?post=25273"}],"version-history":[{"count":0,"href":"https:\/\/pcb.org.br\/portal2\/wp-json\/wp\/v2\/posts\/25273\/revisions"}],"wp:attachment":[{"href":"https:\/\/pcb.org.br\/portal2\/wp-json\/wp\/v2\/media?parent=25273"}],"wp:term":[{"taxonomy":"category","embeddable":true,"href":"https:\/\/pcb.org.br\/portal2\/wp-json\/wp\/v2\/categories?post=25273"},{"taxonomy":"post_tag","embeddable":true,"href":"https:\/\/pcb.org.br\/portal2\/wp-json\/wp\/v2\/tags?post=25273"}],"curies":[{"name":"wp","href":"https:\/\/api.w.org\/{rel}","templated":true}]}}