{"id":25288,"date":"2020-04-09T07:09:45","date_gmt":"2020-04-09T10:09:45","guid":{"rendered":"https:\/\/pcb.org.br\/portal2\/?p=25288"},"modified":"2020-04-09T07:13:05","modified_gmt":"2020-04-09T10:13:05","slug":"o-poder-popular-50","status":"publish","type":"post","link":"https:\/\/pcb.org.br\/portal2\/25288","title":{"rendered":"O Poder Popular 50"},"content":{"rendered":"<p><img decoding=\"async\" class=\"imagem\" title=\"imagem\" src=\"https:\/\/i0.wp.com\/lh3.googleusercontent.com\/Ys65y-7dTJLI_zCuuaLqmpiIzrKZUbQV78lcKYJzje0C7eC_ZjQ0SfvrxAeyeFnqX6gGSR-__Q-qc3bVHAkQHa1JEfkak-NSIK3OSa1PbCQyapFn3kUJIjY6h6PbvcAJInjR5Zk3H1ltgL7s-YXs4cKAEeHAzokYre45T4dV_bZHIz_XMUQVPVQ2CppmbimNjlpgAAhYP3AL6H6rm1xicJLMN96Rj5b_snkkrvCu3jXUDp0lv0vzoPLYcMGzBGB69iAFXp-3o9hGKCwPb86RMdh1wH4OuWGhzr2hfcY_YC1GEbUHKQDUCBgc1xwkD4ucGR4L-LasNilSqJJGMeAxN98NoqAHIekg5Bno1J7fRRdLHWwLH2SJyMaqm7kUAadhk3LUrM94YoQagY80bD0-29xU7wrsQaacNAB7FYfmTIR4sGBkDTQYcWbpgial-Lwhm_hkFnBqT4H4EfSOj1iDb68uxqGZ5Lp6qMJ2iI-hLggwmi8lFpExASiD4ytH4t9rIhPR2fKwPlXlTY0TguJdeo56EJibwuaJ8vt18Ij1W7F1pdzVXdQ3SR6yXkgWhuRPe_uyumuJvO-zH9CKENIMSfmtDTfNMAYLD2B1NlQVe6Jzkn8iScH7wta4djefstwQv9xmc57ZmceBELI3CyYG6CNSASwnNZNXZARRrCNUCRFpc6hK8sQrQwiuqDniQ1hSpE4WuPUxGDNCLVdMMnMJq8Jts8pJgp0fbw4BRDP1l8IJVbd7rKDG_g=w670-h946-no\" alt=\"imagem\" \/><!--more--><strong>A VIDA ACIMA DOS LUCROS!<\/strong><br \/>\n<strong>NO AR O PODER POPULAR 50<\/strong><\/p>\n<p>O PODER POPULAR N\u00ba 50 (ABRIL DE 2020)<\/p>\n<p>Contendo as seguintes mat\u00e9rias:<\/p>\n<p>P\u00e1gina 2: Editorial &#8211; Em defesa do povo trabalhador!<\/p>\n<p>P\u00e1gina 3: Unidade Classista &#8211; Governo pendura a d\u00edvida na conta da classe trabalhadora<\/p>\n<p>P\u00e1ginas 4 e 5: Frente Nacional contra a Privatiza\u00e7\u00e3o da Sa\u00fade<\/p>\n<p>P\u00e1ginas 6 e 7: Medidas emergenciais para proteger a sa\u00fade e a vida dos\/as trabalhadores\/as<\/p>\n<p>P\u00e1gina 8: MUP &#8211; N\u00e3o \u00e0 substitui\u00e7\u00e3o do ensino presencial!<\/p>\n<p>P\u00e1gina 9: Nota Conjunta dos Partidos Comunistas e Oper\u00e1rios<\/p>\n<p>P\u00e1ginas 10 e 11: Carteira Verde Amarela &#8211; radicalizando a explora\u00e7\u00e3o no formato 2.0<\/p>\n<p>P\u00e1gina 12: PCB &#8211; 98 anos de lutas!<\/p>\n<p>Conselho Editorial: Ricardo Costa, Eduardo Serra, Edm\u00edlson Costa, Roberto Arrais (jornalista respons\u00e1vel \u2013 985\/DRT \u2013 FENAJ).<\/p>\n<p>Colaboradores desta edi\u00e7\u00e3o: Coordena\u00e7\u00e3o Nacional da Unidade Classista, Frente Nacional contra a Privatiza\u00e7\u00e3o da Sa\u00fade, Movimento por uma Universidade Popular (MUP), Fabio Martins Bezerra, Heitor C\u00e9sar e T\u00falio Lopes.<\/p>\n<hr \/>\n<div align=\"center\">\n<p>Leitura:<\/p>\n<p><a href=\"https:\/\/drive.google.com\/file\/d\/1ImK_ang3g0poMKHmyOqvCEVXDCWXlyFX\/view\" target=\"_blank\" rel=\"noopener noreferrer\"><img loading=\"lazy\" decoding=\"async\" class=\"jetpack-lazy-image jetpack-lazy-image--handled\" src=\"https:\/\/i0.wp.com\/pcb.org.br\/portal\/images\/stories\/download1.png?resize=48%2C48\" width=\"48\" height=\"48\" data-lazy-loaded=\"1\" \/><\/a><\/p>\n<hr \/>\n<p>Impress\u00e3o:<\/p>\n<p><a href=\"https:\/\/drive.google.com\/file\/d\/1ImK_ang3g0poMKHmyOqvCEVXDCWXlyFX\/view\" target=\"_blank\" rel=\"noopener noreferrer\"><img loading=\"lazy\" decoding=\"async\" class=\"jetpack-lazy-image jetpack-lazy-image--handled\" src=\"https:\/\/i0.wp.com\/pcb.org.br\/portal\/images\/stories\/download1.png?resize=48%2C48\" width=\"48\" height=\"48\" data-lazy-loaded=\"1\" \/><\/a><\/p>\n<\/div>\n","protected":false},"excerpt":{"rendered":"<a class=\"moretag\" href=\"https:\/\/pcb.org.br\/portal2\/25288\"> <\/a>","protected":false},"author":1,"featured_media":0,"comment_status":"closed","ping_status":"closed","sticky":false,"template":"","format":"standard","meta":{"jetpack_post_was_ever_published":false,"_jetpack_newsletter_access":"","_jetpack_dont_email_post_to_subs":false,"_jetpack_newsletter_tier_id":0,"_jetpack_memberships_contains_paywalled_content":false,"_jetpack_memberships_contains_paid_content":false,"footnotes":"","jetpack_publicize_message":"","jetpack_publicize_feature_enabled":true,"jetpack_social_post_already_shared":true,"jetpack_social_options":{"image_generator_settings":{"template":"highway","default_image_id":0,"font":"","enabled":false},"version":2}},"categories":[140],"tags":[224,229],"class_list":["post-25288","post","type-post","status-publish","format-standard","hentry","category-c140-jornal-o-poder-popular","tag-3b","tag-opprecente"],"jetpack_publicize_connections":[],"jetpack_featured_media_url":"","jetpack_shortlink":"https:\/\/wp.me\/p659gw-6zS","jetpack-related-posts":[],"jetpack_likes_enabled":true,"jetpack_sharing_enabled":true,"_links":{"self":[{"href":"https:\/\/pcb.org.br\/portal2\/wp-json\/wp\/v2\/posts\/25288","targetHints":{"allow":["GET"]}}],"collection":[{"href":"https:\/\/pcb.org.br\/portal2\/wp-json\/wp\/v2\/posts"}],"about":[{"href":"https:\/\/pcb.org.br\/portal2\/wp-json\/wp\/v2\/types\/post"}],"author":[{"embeddable":true,"href":"https:\/\/pcb.org.br\/portal2\/wp-json\/wp\/v2\/users\/1"}],"replies":[{"embeddable":true,"href":"https:\/\/pcb.org.br\/portal2\/wp-json\/wp\/v2\/comments?post=25288"}],"version-history":[{"count":0,"href":"https:\/\/pcb.org.br\/portal2\/wp-json\/wp\/v2\/posts\/25288\/revisions"}],"wp:attachment":[{"href":"https:\/\/pcb.org.br\/portal2\/wp-json\/wp\/v2\/media?parent=25288"}],"wp:term":[{"taxonomy":"category","embeddable":true,"href":"https:\/\/pcb.org.br\/portal2\/wp-json\/wp\/v2\/categories?post=25288"},{"taxonomy":"post_tag","embeddable":true,"href":"https:\/\/pcb.org.br\/portal2\/wp-json\/wp\/v2\/tags?post=25288"}],"curies":[{"name":"wp","href":"https:\/\/api.w.org\/{rel}","templated":true}]}}