{"id":25310,"date":"2020-04-10T23:16:42","date_gmt":"2020-04-11T02:16:42","guid":{"rendered":"https:\/\/pcb.org.br\/portal2\/?p=25310"},"modified":"2020-04-14T21:55:53","modified_gmt":"2020-04-15T00:55:53","slug":"comunicado-das-juventudes-comunistas","status":"publish","type":"post","link":"https:\/\/pcb.org.br\/portal2\/25310","title":{"rendered":"Comunicado das Juventudes Comunistas"},"content":{"rendered":"<p><img decoding=\"async\" class=\"imagem\" title=\"imagem\" src=\"https:\/\/i0.wp.com\/lh3.googleusercontent.com\/ohI_lxJjDwuWZ4gIbGl8q9_0xXVS1jMXkJKvSf2QKv1IilbogLzM_AGS5V2wL4iBp64mHfuJ3JTuKdXv6kxZmN7tra7OMMQ0RkNA906w5abDF3-w6HrUZTUSGAHN-uhEtdbY9Qdv4BgrQGmxF9xklXgGia_xW9w70iOiwwXhy3hqmobvyC-4j8axtsqxyq6BnBeToNXn8-Iij_uy98I6HKmI1iLCsLDkgfVpWvH1EgZeffbU1wKHnGu5rPerbeDRQnVOcrYQv4_rmYZXXjKz9KLqKwFeD8Q_rZKbU-30OOWHqH-cjjjTrWRd43e8cl3aKGaGzSzJY8MW2JZLuzTfWIfbg3s_O0_szGVsV7GKytjSNYesd5PlhZCJQz84uTRRIMHV9JI3704an4IGzgLAJ4e3nwiFDhfKRn9I6Osg6geJORb1DY5XoYNhWRTOozizjtomHVmmX1XZDSuEiPMrRJZPj7xSbcPUGU0CxpjQzY6e6GOdgg-_Qs-4-UguzVRph1EzRaV0o1CPdYiJPmJ43NfCo10yc82XbXtcd80WBwf13qiziPeLLJpTbJBtC5xuBFZuxwFaVJ-Ana2UeL_C__mMjIO7lpze8CsCJnoo79wRpbSvZEeQMUZaPJlwB2ZsQqnStyPaBooTObD1DTXLQ4q1hGIw9VNhrVjHM703h2iMt26EI6Y0MUfLUFScD521H-2uMqZyO2WiYlIpL4nO_cTW-0ddzvOt3Xkqc3Ne9P4VYaarNquGdA=s951-no\" alt=\"imagem\" \/><!--more-->Declara\u00e7\u00e3o das Organiza\u00e7\u00f5es de Juventudes Comunistas de todo o mundo sobre a pandemia do Covid-19<\/p>\n<p>Jovens de todo o mundo,<\/p>\n<p>Enquanto em todos os cantos do mundo milhares de pessoas est\u00e3o contraindo a doen\u00e7a do COVID-19 e at\u00e9 lamentavelmente falecendo por conta desta, a realidade para os povos, os trabalhadores e a juventude segue sendo implac\u00e1vel:<\/p>\n<p>\u2013 O sistema p\u00fablico de sa\u00fade, incluindo o de alguns pa\u00edses do capitalismo central, se mostra precarizado e com numerosas car\u00eancias, com pol\u00edticas favor\u00e1veis \u00e0 privatiza\u00e7\u00e3o da sanidade e \u00e0s gan\u00e2ncias capitalistas. As vidas de centenas de milhares de pessoas est\u00e3o em perigo, e n\u00e3o se est\u00e3o tomando medidas urgentes e necess\u00e1rias, as quais deveriam ser tomadas imediatamente;<\/p>\n<p>\u2013 Milhares de trabalhadores j\u00e1 perderam seu trabalho, viram seu sal\u00e1rio reduzido e sua jornada laboral flexibilizada, e esta situa\u00e7\u00e3o s\u00f3 vai se agravar no pr\u00f3ximo per\u00edodo. Tudo isso n\u00e3o se deve s\u00f3 ao COVID-19, mas principalmente aos capitalistas que, mais uma vez, colocam o peso da crise sobre os trabalhadores;<\/p>\n<p>\u2013 At\u00e9 os esfor\u00e7os da comunidade cient\u00edfica para encontrar a vacina contra o COVID-19 s\u00e3o objetos de conflitos entre os impiedosos imperialistas. A anarquia na produ\u00e7\u00e3o capitalista impede a satisfa\u00e7\u00e3o de necessidades humanas b\u00e1sicas.<\/p>\n<p>Jovens de todo o mundo,<\/p>\n<p>\u2013 Enviamos nosso mais sincero agradecimento aos m\u00e9dicos, m\u00e9dicas, enfermeiras e enfermeiros e a todos os trabalhadores e trabalhadoras dos hospitais e das unidades de sa\u00fade que est\u00e3o travando essa batalha e enfrentando grandes dificuldades;<\/p>\n<p>\u2013 Expressamos nossa solidariedade para com todos os afetados pela pandemia do COVID-19 e lhes desejamos uma r\u00e1pida recupera\u00e7\u00e3o da doen\u00e7a;<\/p>\n<p>\u2013 Saudamos os pa\u00edses que est\u00e3o efetuando a\u00e7\u00f5es de solidariedade com os pa\u00edses mais afetados, como por exemplo o envio de materiais de prote\u00e7\u00e3o e profissionais de sa\u00fade por parte de pa\u00edses como China, Cuba e R\u00fassia, a\u00e7\u00f5es que contrastam com a inexist\u00eancia de esfor\u00e7os nesse sentido vindo da Uni\u00e3o Europeia.<\/p>\n<p>Jovens de todo o mundo,<\/p>\n<p>Nestes momentos dif\u00edceis, n\u00f3s, das Organiza\u00e7\u00f5es Juvenis Comunistas, estamos aqui!<br \/>\nLutamos contra o COVID-19 e lutamos contra a injusti\u00e7a, e tamb\u00e9m contra aqueles que fazem uso do v\u00edrus para aument\u00e1-la.<\/p>\n<p>Lutamos contra um sistema mundial, o capitalismo, que j\u00e1 colocou o fardo da crise econ\u00f4mica capitalista sobre os trabalhadores e sobre a juventude, e agora nos pede que paguemos de novo. Mais uma vez, se demonstra que o socialismo \u00e9 necess\u00e1rio e tem plena vig\u00eancia, visto que ele pode garantir a aten\u00e7\u00e3o prim\u00e1ria e a preven\u00e7\u00e3o, os hospitais, os trabalhadores das categorias da sa\u00fade, os medicamentos, os laborat\u00f3rios e as an\u00e1lises; em suma, \u00e9 capaz de satisfazer as necessidades e os direitos da popula\u00e7\u00e3o.<\/p>\n<p>Lutamos contra a pol\u00edtica antipopular, que sucateia as grandes capacidades cient\u00edficas e tecnol\u00f3gicas que existem atualmente que podem ser utilizadas a favor da sa\u00fade, o bem-estar e a paz para os povos.<\/p>\n<p>N\u00f3s, jovens, usamos m\u00e1scaras para nos proteger e para proteger os outros contra o v\u00edrus, mas n\u00e3o abaixamos a voz em nossas demandas! Exigimos:<\/p>\n<p>\u2013 Que os Sistemas P\u00fablicos de Sa\u00fade de todos os pa\u00edses sejam fortalecidos atrav\u00e9s de financiamento estatal, para refor\u00e7ar imediatamente os esfor\u00e7os dos trabalhadores da sa\u00fade;<\/p>\n<p>\u2013 Que os meios de prote\u00e7\u00e3o necess\u00e1rios (como m\u00e1scaras de prote\u00e7\u00e3o, luvas m\u00e9dicas, g\u00e9is desinfectantes de m\u00e3os, etc.) sejam fornecidos gratuitamente a todos;<\/p>\n<p>\u2013 Que se protejam os direitos laborais dos trabalhadores. N\u00e3o \u00e0s demiss\u00f5es e aos cortes salariais! N\u00e3o \u00e0 restri\u00e7\u00e3o dos direitos democr\u00e1ticos sob o pretexto do COVID-19!<\/p>\n<p>\u2013 Que se ponha fim a todas as san\u00e7\u00f5es e medidas de bloqueio econ\u00f4mico, que nesta situa\u00e7\u00e3o s\u00e3o ainda mais injustas e criminais, dificultando a vida dos povos dos pa\u00edses afetados. \u00c9 necess\u00e1rio tomar todas as medidas necess\u00e1rias para proteger a sa\u00fade e a vida dos povos!<\/p>\n<p>Dizemos n\u00e3o \u00e0s interven\u00e7\u00f5es imperialistas e aos exerc\u00edcios militares, como os da Organiza\u00e7\u00e3o do Tratado do Atl\u00e2ntico Norte (OTAN), e exigimos o redirecionamento dos recursos p\u00fablicos para apoiar as necessidades dos povos, como o financiamento dos Sistemas P\u00fablicos de Sa\u00fade e a seguran\u00e7a social.<\/p>\n<p>Por fim, afirmamos com clareza: podemos vencer! Ningu\u00e9m estar\u00e1 sozinho, \u00e9 hora de solidariedade: juntos venceremos!<\/p>\n<p>Lista completa das juventudes comunistas que assinam a declara\u00e7\u00e3o das Organiza\u00e7\u00f5es das Juventudes Comunistas sobre o COVID-19:<\/p>\n<p>Juventude Socialista Alem\u00e3 dos Trabalhadores<br \/>\nFedera\u00e7\u00e3o Juvenil Comunista da Argentina<br \/>\nJuventude Comunista da \u00c1ustria<br \/>\nUni\u00e3o da Juventude de Bangladesh<br \/>\nUni\u00e3o dos Estudantes de Bangladesh<br \/>\nJovens Comunistas da B\u00e9lgica<br \/>\nJuventude Comunista da Bol\u00edvia<br \/>\nUni\u00e3o da Juventude Comunista, Brasil<br \/>\nJuventude Comunista Avan\u00e7ando, Brasil<br \/>\nLiga Juvenil Comunista da Gr\u00e3 Bretanha<br \/>\nLiga Juvenil Comunista do Canad\u00e1<br \/>\nOrganiza\u00e7\u00e3o Unida da Juventude Democr\u00e1tica, Chipre<br \/>\nLiga Juvenil Anti-imperialista Anti-EUA, Coreia do Sul<br \/>\nJovens Socialistas do Partido Socialista do Trabalho da Cro\u00e1cia<br \/>\nJuventude Rebelde, Col\u00f4mbia<br \/>\nJovens Comunistas da Dinamarca<br \/>\nJuventude Comunista do Equador<br \/>\nJuventude Comunista de El Salvador<br \/>\nUni\u00e3o das Juventudes Comunistas da Espanha<br \/>\nColetivos de Jovens Comunistas, Espanha<br \/>\nLiga de Jovens Comunistas EUA<br \/>\nJuventude Comunista do Partido Socialista dos Trabalhadores da Finl\u00e2ndia<br \/>\nUni\u00e3o da Juventude Comunista da Fran\u00e7a<br \/>\nJuventude Comunista da Gr\u00e9cia<br \/>\nJuventudes Comunistas de Guatemala<br \/>\nJuventude Comunista de Honduras<br \/>\nFedera\u00e7\u00e3o Juvenil de Toda a \u00cdndia<br \/>\nJuventude Tudeh do Ir\u00e3<br \/>\nJuventude do Partido dos Trabalhadores, Irlanda<br \/>\nMovimento Juvenil Connolly, Irlanda<br \/>\nLiga da Juventude Comunista de Israel<br \/>\nFrente da Juventude Comunista, It\u00e1lia<br \/>\nUni\u00e3o da Juventude Democr\u00e1tica, Jordana<br \/>\nJuventude do Partido Comunista de Maced\u00f4nia, Maced\u00f4nia do Norte<br \/>\nFedera\u00e7\u00e3o de Jovens Comunistas, M\u00e9xico<br \/>\nFedera\u00e7\u00e3o Juvenil Nacional de Nepal<br \/>\nJovens Comunistas de Noruega<br \/>\nMovimento da Juventude Comunista, Pa\u00edses Baixos<br \/>\nFedera\u00e7\u00e3o Democr\u00e1tica dos Estudantes, Paquist\u00e3o<br \/>\nFedera\u00e7\u00e3o Democr\u00e1tica da Juventude, Paquist\u00e3o<br \/>\nJuventude Comunista da Palestina<br \/>\nJuventude do Partido do Povo Palestino<br \/>\nJuventude Comunista Paraguaia<br \/>\nJuventude Comunista Peruana<br \/>\nJuventude do Partido Comunista da Pol\u00f4nia<br \/>\nJuventude Comunista Portuguesa<br \/>\nUni\u00e3o Comunista da Juventude, Rep\u00fablica Checa<br \/>\nUni\u00e3o da Juventude Socialista, Rom\u00eania<br \/>\nUni\u00e3o da Juventude Leninista Comunista da Federa\u00e7\u00e3o Russa<br \/>\nLiga da Juventude Comunista Revolucionaria (bolchevique), R\u00fassia<br \/>\nLiga da Juventude Comunista da Iugosl\u00e1via, S\u00e9rvia<br \/>\nUni\u00e3o da Juventude Comunista da S\u00edria \u2013 Juventude Khaled Bakdash<br \/>\nUni\u00e3o de Estudantes Socialistas, Sri Lanka<br \/>\nUni\u00e3o da Juventude Socialista, Sri Lanka<br \/>\nLiga Juvenil Comunista da \u00c1frica do Sul<br \/>\nJuventude Comunista da Su\u00e9cia<br \/>\nJuventude Comunista da Su\u00ed\u00e7a \u2013 Jeunes POP<br \/>\nJuventude Comunista da Turquia<br \/>\nJuventude Comunista da Venezuela<\/p>\n","protected":false},"excerpt":{"rendered":"<a class=\"moretag\" href=\"https:\/\/pcb.org.br\/portal2\/25310\"> <\/a>","protected":false},"author":1,"featured_media":0,"comment_status":"closed","ping_status":"closed","sticky":false,"template":"","format":"standard","meta":{"jetpack_post_was_ever_published":false,"_jetpack_newsletter_access":"","_jetpack_dont_email_post_to_subs":false,"_jetpack_newsletter_tier_id":0,"_jetpack_memberships_contains_paywalled_content":false,"_jetpack_memberships_contains_paid_content":false,"footnotes":"","jetpack_publicize_message":"","jetpack_publicize_feature_enabled":true,"jetpack_social_post_already_shared":true,"jetpack_social_options":{"image_generator_settings":{"template":"highway","default_image_id":0,"font":"","enabled":false},"version":2}},"categories":[9,27],"tags":[224,247],"class_list":["post-25310","post","type-post","status-publish","format-standard","hentry","category-s10-internacional","category-c27-ujc","tag-3b","tag-jd"],"jetpack_publicize_connections":[],"jetpack_featured_media_url":"","jetpack_shortlink":"https:\/\/wp.me\/p659gw-6Ae","jetpack-related-posts":[],"jetpack_likes_enabled":true,"jetpack_sharing_enabled":true,"_links":{"self":[{"href":"https:\/\/pcb.org.br\/portal2\/wp-json\/wp\/v2\/posts\/25310","targetHints":{"allow":["GET"]}}],"collection":[{"href":"https:\/\/pcb.org.br\/portal2\/wp-json\/wp\/v2\/posts"}],"about":[{"href":"https:\/\/pcb.org.br\/portal2\/wp-json\/wp\/v2\/types\/post"}],"author":[{"embeddable":true,"href":"https:\/\/pcb.org.br\/portal2\/wp-json\/wp\/v2\/users\/1"}],"replies":[{"embeddable":true,"href":"https:\/\/pcb.org.br\/portal2\/wp-json\/wp\/v2\/comments?post=25310"}],"version-history":[{"count":0,"href":"https:\/\/pcb.org.br\/portal2\/wp-json\/wp\/v2\/posts\/25310\/revisions"}],"wp:attachment":[{"href":"https:\/\/pcb.org.br\/portal2\/wp-json\/wp\/v2\/media?parent=25310"}],"wp:term":[{"taxonomy":"category","embeddable":true,"href":"https:\/\/pcb.org.br\/portal2\/wp-json\/wp\/v2\/categories?post=25310"},{"taxonomy":"post_tag","embeddable":true,"href":"https:\/\/pcb.org.br\/portal2\/wp-json\/wp\/v2\/tags?post=25310"}],"curies":[{"name":"wp","href":"https:\/\/api.w.org\/{rel}","templated":true}]}}