{"id":25312,"date":"2020-04-10T23:18:31","date_gmt":"2020-04-11T02:18:31","guid":{"rendered":"https:\/\/pcb.org.br\/portal2\/?p=25312"},"modified":"2020-04-10T23:18:31","modified_gmt":"2020-04-11T02:18:31","slug":"cuba-reforca-a-batalha-contra-o-covid-19","status":"publish","type":"post","link":"https:\/\/pcb.org.br\/portal2\/25312","title":{"rendered":"Cuba refor\u00e7a a batalha contra o COVID-19"},"content":{"rendered":"<p><img decoding=\"async\" class=\"imagem\" title=\"imagem\" src=\"https:\/\/i0.wp.com\/pt.granma.cu\/file\/img\/2020\/04\/medium\/f0019247.jpg\" alt=\"imagem\" \/><!--more-->D\u00edaz-Canel ratificou a vontade do governo de continuar trabalhando, junto com o povo, para reduzir o risco de transmiss\u00e3o em massa da doen\u00e7a. Foto: Estudios Revoluci\u00f3n<\/p>\n<p>Na reuni\u00e3o presidida todas as tardes pelo presidente da Rep\u00fablica e pelo primeiro-ministro, foi relatado que o pa\u00eds entrou no est\u00e1gio de transmiss\u00e3o aut\u00f4noma limitada, refor\u00e7ando as medidas implementadas e adotando novas.<\/p>\n<p>Autor: Leticia Mart\u00ednez | informacion@granma.cu<\/p>\n<p>Cuba entrou na fase de transmiss\u00e3o aut\u00f4noma limitada do Covid-19, como foi anunciado na ter\u00e7a-feira, 7 de abril, na reuni\u00e3o que o presidente da Rep\u00fablica, Miguel D\u00edaz-Canel Berm\u00fadez, e o primeiro-ministro Manuel Marrero Cruz lideram todas as tardes, a fim de acompanhar o plano aprovado pelo governo cubano para a preven\u00e7\u00e3o e controle do novo coronav\u00edrus na Ilha, onde j\u00e1 foram confirmados 396 casos.<\/p>\n<p>Esta etapa, explicou o ministro da Sa\u00fade P\u00fablica, Jos\u00e9 \u00c1ngel Portal Miranda, \u00e9 declarada \u00abao confirmar casos em que n\u00e3o foi poss\u00edvel estabelecer um v\u00ednculo com viajantes vindos das \u00e1reas afetadas, e est\u00e3o limitados a pequenos conglomerados em localidades ou institui\u00e7\u00f5es no pa\u00eds\u00bb.<\/p>\n<p>Os eventos ativos da transmiss\u00e3o local s\u00e3o em Consolaci\u00f3n del Sur, Pinar del R\u00edo; Florencia, em Ciego de \u00c1vila; Fl\u00f3rida, em Camaguey, e Gibara, em Holgu\u00edn; uns 33 casos no total.<\/p>\n<p>A esse respeito, o chefe de Estado assinalou que muitas das medidas correspondentes a esta etapa j\u00e1 foram avan\u00e7adas na fase pr\u00e9-epid\u00eamica anterior. \u00abAgora, vamos propor como uma nova decis\u00e3o\u00bb, indicou, \u00abque todos os locais onde haja transmiss\u00e3o local entrem em quarentena; portanto, o Estado-Maior Nacional da Defesa Civil deve dar todas as indica\u00e7\u00f5es aos Conselhos de Defesa\u00bb.<\/p>\n<p>Em suas palavras, D\u00edaz-Canel confirmou \u00aba vontade de nosso governo de continuar trabalhando, junto com todas as nossas institui\u00e7\u00f5es, organiza\u00e7\u00f5es de massa e, \u00e9 claro, junto com nosso povo, para continuar reduzindo o risco de transmiss\u00e3o em massa dessa doen\u00e7a\u00bb.<\/p>\n<p>Em particular, o presidente referiu-se \u00e0s duas motiva\u00e7\u00f5es que marcaram o dia 7 de abril: o 90\u00ba anivers\u00e1rio do nascimento de Vilma Esp\u00edn, fundadora da Federa\u00e7\u00e3o das Mulheres Cubanas, \u00aborganiza\u00e7\u00e3o em que h\u00e1 uma for\u00e7a importante em nossa sociedade, apoiando diretamente o confronto com a pandemia\u00bb e o Dia Mundial da Sa\u00fade, que celebra a cria\u00e7\u00e3o da Organiza\u00e7\u00e3o Mundial da Sa\u00fade em 1948, e \u00e9 dedicado este ano \u00e0 Enfermagem.<\/p>\n<p>\u00abDevemos enfatizar\u00bb, disse, \u00abque as enfermeiras est\u00e3o travando uma batalha muito importante, e na Enfermagem as mulheres s\u00e3o uma for\u00e7a majorit\u00e1ria e indispens\u00e1vel\u00bb.<\/p>\n<p>\u00ab\u00c9 justo que, em meio a toda a complexidade da situa\u00e7\u00e3o\u00bb, disse o presidente, \u00abtamb\u00e9m possamos comemorar essa data e parabenizar enfermeiras, enfermeiros, m\u00e9dicos e profissionais de sa\u00fade em geral e, al\u00e9m disso, reconhecer o exemplo de alcance global que a sa\u00fade cubana est\u00e1 dando\u00bb.<\/p>\n<p>Em contraste, enfatizou, \u00abainda precisamos criticar aqueles que continuam relutantes em cumprir a disciplina necess\u00e1ria para manter a curva da doen\u00e7a o mais plana poss\u00edvel\u00bb.<\/p>\n<p>\u00abEu sei que existem muitas pessoas que confiam que a vacina aparecer\u00e1 de repente e que as coisas ser\u00e3o resolvidas com ela\u00bb. No entanto, D\u00edaz-Canel esclareceu: \u00aba primeira coisa com que nos temos que vacinar \u00e9 a \u00fanica coisa que temos at\u00e9 agora: disciplina, coopera\u00e7\u00e3o e solidariedade. Essa \u00e9 a vacina desta \u00e9poca e a que pode nos levar ao sucesso no enfrentamento da pandemia\u00bb, garantiu.<\/p>\n<p>\u00abE tamb\u00e9m seremos vacinados contra a desinforma\u00e7\u00e3o e a neurose que not\u00edcias falsas que circulam nas redes, nos an\u00fancios apocal\u00edpticos, podem gerar\u00bb.<\/p>\n<p>\u00abH\u00e1 um enxame anexacionista\u00bb, disse o presidente da Rep\u00fablica, \u00abque como sempre est\u00e1 nas redes sociais tentando espalhar incertezas e p\u00e2nico\u00bb.<\/p>\n<p>\u00abQueremos ratificar, mais uma vez, que nosso pa\u00eds tem uma poderosa rede de m\u00eddia p\u00fablica da comunica\u00e7\u00e3o social que nos dias de hoje demonstrou seu profissionalismo, sua paix\u00e3o e sua absoluta dedica\u00e7\u00e3o ao of\u00edcio da informa\u00e7\u00e3o e ao dever de aliviar as ansiedades l\u00f3gicas que nosso povo tem atualmente\u00bb.<\/p>\n<p>Nosso governo, enfatizou o chefe de Estado, \u00abest\u00e1 cumprindo sua responsabilidade de oferecer, por esses meios, todas as informa\u00e7\u00f5es dispon\u00edveis, com a\u00e7\u00f5es imediatas, transpar\u00eancia e sem medo. Chega de acreditar naqueles que est\u00e3o constantemente tentando questionar a veracidade do que est\u00e1 acontecendo. N\u00e3o estamos escondendo nenhum caso, todos aqui foram informados de maneira limpa, no momento em que ocorreram\u00bb.<\/p>\n<p>D\u00edaz-Canel convocou novamente as organiza\u00e7\u00f5es de massa \u00abpara continuar aumentando o n\u00edvel de participa\u00e7\u00e3o na comunidade, porque sua contribui\u00e7\u00e3o \u00e9 vital na busca de idosos que moram sozinhos, na solidariedade entre vizinhos, em apoio ao trabalho de consult\u00f3rios m\u00e9dicos e pesquisadores, e em todas as atividades que, em n\u00edvel social, podemos facilitar a realiza\u00e7\u00e3o com a m\u00e1xima ordem e disciplina\u00bb.<\/p>\n<p>O presidente da Rep\u00fablica mencionou a necessidade de todas as pessoas serem francas nas investiga\u00e7\u00f5es. \u00abA vida est\u00e1 nos dizendo que, quando algu\u00e9m oculta informa\u00e7\u00f5es sobre sua sa\u00fade, podemos lamentar a perda de uma vida e podemos lamentar outras vidas que s\u00e3o colocadas em risco\u00bb.<\/p>\n<p>\u00abEsconder informa\u00e7\u00f5es \u00fateis para a sa\u00fade nas circunst\u00e2ncias atuais pode ser letal, portanto, \u00e9 uma responsabilidade que todos devemos assumir\u00bb, acrescentou.<\/p>\n<p>\u00ab\u00c9 preciso relatar detalhadamente a situa\u00e7\u00e3o real de sa\u00fade que cada um possui; vamos todos nos salvar, salvando a verdade. Com a verdade, podemos nos salvar. E n\u00e3o vamos faz\u00ea-lo apenas pela sa\u00fade individual de cada um, vamos faz\u00ea-lo pela sa\u00fade daqueles que nos rodeiam e porque os milhares de homens e mulheres que trabalham e se arriscam todos os dias para sustentar a vida do pa\u00eds e a economia e acelerar o fim da pandemia merecem isso\u00bb.<\/p>\n<p>Este n\u00e3o \u00e9 um pedido, esclareceu, \u00ab\u00e9 uma obriga\u00e7\u00e3o que devemos assumir com responsabilidade como cidad\u00e3os e que devem nos ajudar a cumprir isso nossas institui\u00e7\u00f5es da ordem interna, que est\u00e3o desdobradas junto com o povo, nestes dias dif\u00edceis\u00bb.<\/p>\n<p>A partir do est\u00e1gio de transmiss\u00e3o aut\u00f4noma limitada em que o pa\u00eds entra, o primeiro-ministro Manuel Marrero Cruz se referiu a um novo conjunto de medidas para facilitar o isolamento f\u00edsico. Entre eles, mencionou a suspens\u00e3o da venda de bebidas alco\u00f3licas para consumo em centros gastron\u00f4micos, embora a venda para levar para a casa seja mantida. Esses centros encerram o servi\u00e7o de sal\u00e3o e preparam alimentos apenas para consumir fora das instala\u00e7\u00f5es e, assim, evitam aglomera\u00e7\u00f5es.<\/p>\n<p>O transporte urbano de passageiros tamb\u00e9m ser\u00e1 reordenado, limitando o n\u00famero de pessoas por \u00f4nibus, para manter a dist\u00e2ncia adequada. \u00abDa mesma forma\u00bb, disse Marrero Cruz, \u00abuma an\u00e1lise ser\u00e1 realizada sobre as atividades de trabalho do pa\u00eds, que n\u00e3o s\u00e3o essenciais para determinar sua cessa\u00e7\u00e3o, mantendo aquelas com maior impacto na economia nacional, como a produ\u00e7\u00e3o de alimentos\u00bb.<\/p>\n<p>O primeiro-ministro acrescentou que, ao mesmo tempo, ser\u00e3o tomadas medidas mais rigorosas ao lidar com ilegalidades e comportamentos que, em meio \u00e0 pandemia, colocam em risco a vida das pessoas.<\/p>\n<p>Na reuni\u00e3o, as mais altas autoridades das prov\u00edncias de Matanzas e Ciego \u00c1vila relataram, por videoconfer\u00eancia, o trabalho realizado por seus conselhos de defesa para enfrentar o novo coronav\u00edrus.<\/p>\n<p>Do territ\u00f3rio ocidental, onde foram confirmados 38 casos, D\u00edaz-Canel perguntou sobre medidas para ordenar as filas e fornecer atendimento diferenciado aos idosos, \u00abuma tarefa principal\u00bb, disse, \u00abque \u00e9 de responsabilidade dos assistentes sociais\u00bb.<\/p>\n<p>No caso particular de Ciego de \u00c1vila, onde h\u00e1 uma situa\u00e7\u00e3o complicada com 48 pacientes confirmados por Covid-19 e especificamente 12 no munic\u00edpio de Florencia, o presidente enfatizou a irresponsabilidade de um grupo de pessoas que realizou uma festa quando isso era proibido.<\/p>\n<p>\u00abEssas s\u00e3o as coisas que est\u00e3o acontecendo na vida real\u00bb, disse, \u00abe elas nos mostram para onde a irresponsabilidade pode ir. Da\u00ed o chamado, novamente, \u00e0 disciplina, porque \u00abcada um depende de todos\u00bb, reiterou.<\/p>\n","protected":false},"excerpt":{"rendered":"<a class=\"moretag\" href=\"https:\/\/pcb.org.br\/portal2\/25312\"> <\/a>","protected":false},"author":1,"featured_media":0,"comment_status":"closed","ping_status":"closed","sticky":false,"template":"","format":"standard","meta":{"jetpack_post_was_ever_published":false,"_jetpack_newsletter_access":"","_jetpack_dont_email_post_to_subs":false,"_jetpack_newsletter_tier_id":0,"_jetpack_memberships_contains_paywalled_content":false,"_jetpack_memberships_contains_paid_content":false,"footnotes":"","jetpack_publicize_message":"","jetpack_publicize_feature_enabled":true,"jetpack_social_post_already_shared":true,"jetpack_social_options":{"image_generator_settings":{"template":"highway","default_image_id":0,"font":"","enabled":false},"version":2}},"categories":[9],"tags":[222],"class_list":["post-25312","post","type-post","status-publish","format-standard","hentry","category-s10-internacional","tag-2b"],"jetpack_publicize_connections":[],"jetpack_featured_media_url":"","jetpack_shortlink":"https:\/\/wp.me\/p659gw-6Ag","jetpack-related-posts":[],"jetpack_likes_enabled":true,"jetpack_sharing_enabled":true,"_links":{"self":[{"href":"https:\/\/pcb.org.br\/portal2\/wp-json\/wp\/v2\/posts\/25312","targetHints":{"allow":["GET"]}}],"collection":[{"href":"https:\/\/pcb.org.br\/portal2\/wp-json\/wp\/v2\/posts"}],"about":[{"href":"https:\/\/pcb.org.br\/portal2\/wp-json\/wp\/v2\/types\/post"}],"author":[{"embeddable":true,"href":"https:\/\/pcb.org.br\/portal2\/wp-json\/wp\/v2\/users\/1"}],"replies":[{"embeddable":true,"href":"https:\/\/pcb.org.br\/portal2\/wp-json\/wp\/v2\/comments?post=25312"}],"version-history":[{"count":0,"href":"https:\/\/pcb.org.br\/portal2\/wp-json\/wp\/v2\/posts\/25312\/revisions"}],"wp:attachment":[{"href":"https:\/\/pcb.org.br\/portal2\/wp-json\/wp\/v2\/media?parent=25312"}],"wp:term":[{"taxonomy":"category","embeddable":true,"href":"https:\/\/pcb.org.br\/portal2\/wp-json\/wp\/v2\/categories?post=25312"},{"taxonomy":"post_tag","embeddable":true,"href":"https:\/\/pcb.org.br\/portal2\/wp-json\/wp\/v2\/tags?post=25312"}],"curies":[{"name":"wp","href":"https:\/\/api.w.org\/{rel}","templated":true}]}}