{"id":25346,"date":"2020-04-15T23:59:10","date_gmt":"2020-04-16T02:59:10","guid":{"rendered":"https:\/\/pcb.org.br\/portal2\/?p=25346"},"modified":"2020-04-15T23:59:10","modified_gmt":"2020-04-16T02:59:10","slug":"mp-905-mais-ataques-em-meio-a-pandemia","status":"publish","type":"post","link":"https:\/\/pcb.org.br\/portal2\/25346","title":{"rendered":"MP 905: mais ataques em meio \u00e0 pandemia"},"content":{"rendered":"<p><img decoding=\"async\" class=\"imagem\" title=\"imagem\" src=\"https:\/\/i0.wp.com\/unidadeclassista.org.br\/wp-content\/uploads\/2020\/04\/WhatsApp-Image-2020-04-15-at-11.25.29.jpeg\" alt=\"imagem\" \/><!--more-->APROVADA A MP 905\/19 NA C\u00c2MARA<br \/>\nN\u00c3O EXISTE TR\u00c9GUA NA LUTA DE CLASSES<\/p>\n<p>No dia (14\/04\/2020), a C\u00e2mara Federal debateu e votou o Programa Verde e Amarelo. A Medida Provis\u00f3ria 905 (MP 905), institu\u00edda por decreto no dia 11 de novembro de 2019 pelo presidente Jair Bolsonaro, \u00e9 respons\u00e1vel pela cria\u00e7\u00e3o de uma carteira de trabalho especial, com pretexto de criar mais oportunidades de trabalho para a juventude, por\u00e9m, aumentando a explora\u00e7\u00e3o e retirando direitos, ao alterar cerca de 60 cl\u00e1usulas da CLT.<\/p>\n<p>Os trabalhadores perceberam que durante esses 3 meses em que a MP 905 esteve institu\u00edda n\u00e3o houve nenhuma melhora para a classe, nem o prometido crescimento no n\u00famero de empregos para a juventude. Apenas o aprofundamento da recess\u00e3o econ\u00f4mica provocada pela pol\u00edtica desastrosa de Paulo Guedes.<\/p>\n<p>Entre os ataques, destacamos:<\/p>\n<p>\u2013 O parcelamento do 13\u00aa sal\u00e1rio e o proporcional de f\u00e9rias no final do m\u00eas;<\/p>\n<p>\u2013 Indeniza\u00e7\u00e3o sobre o FGTS ser\u00e1 de 20%;<\/p>\n<p>\u2013 Al\u00edquota mensal do FGTS ser\u00e1 de 2%;<\/p>\n<p>\u2013 N\u00e3o h\u00e1 indeniza\u00e7\u00e3o na extin\u00e7\u00e3o antecipada do contrato;<\/p>\n<p>\u2013 Poder\u00e1 ter seguro privado de acidentes pessoais, com cobertura para morte acidental e danos corporais, est\u00e9ticos e morais e, se houver seguro privado, o adicional de periculosidade ser\u00e1 de 5% sobre o sal\u00e1rio-base;<\/p>\n<p>\u2013 O adicional de periculosidade somente ser\u00e1 devido quando houver exposi\u00e7\u00e3o permanente do trabalhador (assim considerada a exposi\u00e7\u00e3o que corresponda ao per\u00edodo de, no m\u00ednimo, 50% da jornada).<\/p>\n<p>Depois de muita discuss\u00e3o e tentativas de obstru\u00e7\u00e3o da vota\u00e7\u00e3o, o resultado final foi a aprova\u00e7\u00e3o na C\u00e2mara Federal, com 322 votos favor\u00e1veis e 153 contra.<\/p>\n<p>Nos destaques, foi retirada a redu\u00e7\u00e3o da al\u00edquota de 8% da arrecada\u00e7\u00e3o do FGTS para 2%, assim como a normaliza\u00e7\u00e3o do domingo trabalhado sem remunera\u00e7\u00e3o extra.<\/p>\n<p>A MP 905 segue para o Senado, onde tem que ser votada at\u00e9 o dia 20 de abril e, caso aprovada, deve ser sancionada pelo presidente para manter sua validade.<\/p>\n<p>A classe trabalhadora brasileira est\u00e1 aprendendo uma dura li\u00e7\u00e3o. Mesmo em uma situa\u00e7\u00e3o de emerg\u00eancia, diante de um cen\u00e1rio catastr\u00f3fico de luta contra a Pandemia do COVID \u2013 19, a burguesia n\u00e3o abre m\u00e3o de, atrav\u00e9s de seus representantes no Congresso, consolidar mais um golpe contra seus direitos trabalhistas.<\/p>\n<p>Precisamos mobilizar a classe nas redes sociais, pressionar virtualmente os Senadores para que n\u00e3o votem essa farsa nos pr\u00f3ximos dias. Seguiremos mobilizando e agitando as trabalhadoras e trabalhadores, pois na luta de classes n\u00e3o existe tr\u00e9gua. Ou nos mobilizamos e fazemos press\u00e3o ou a burguesia ira aumentar a precariza\u00e7\u00e3o no mundo do trabalho.<\/p>\n<p>UNIDADE CLASSISTA! FUTURO SOCIALISTA!<\/p>\n<blockquote class=\"wp-embedded-content\" data-secret=\"FqtPVxH2ym\"><p><a href=\"http:\/\/unidadeclassista.org.br\/geral\/aprovada-a-mp-905-19-na-camara-nao-existe-tregua-na-luta-de-classes\/\">APROVADA A MP 905\/19, NA C\u00c2MARA &#8211; N\u00c3O EXISTE TR\u00c9GUA NA LUTA DE CLASSES<\/a><\/p><\/blockquote>\n<p><iframe loading=\"lazy\" title=\"&#8220;APROVADA A MP 905\/19, NA C\u00c2MARA &#8211; N\u00c3O EXISTE TR\u00c9GUA NA LUTA DE CLASSES&#8221; &#8212; Unidade Classista\" class=\"wp-embedded-content\" sandbox=\"allow-scripts\" security=\"restricted\" style=\"position: absolute; clip: rect(1px, 1px, 1px, 1px);\" src=\"http:\/\/unidadeclassista.org.br\/geral\/aprovada-a-mp-905-19-na-camara-nao-existe-tregua-na-luta-de-classes\/embed\/#?secret=FqtPVxH2ym\" data-secret=\"FqtPVxH2ym\" width=\"600\" height=\"338\" frameborder=\"0\" marginwidth=\"0\" marginheight=\"0\" scrolling=\"no\"><\/iframe><\/p>\n","protected":false},"excerpt":{"rendered":"<a class=\"moretag\" href=\"https:\/\/pcb.org.br\/portal2\/25346\"> <\/a>","protected":false},"author":1,"featured_media":0,"comment_status":"closed","ping_status":"closed","sticky":false,"template":"","format":"standard","meta":{"jetpack_post_was_ever_published":false,"_jetpack_newsletter_access":"","_jetpack_dont_email_post_to_subs":false,"_jetpack_newsletter_tier_id":0,"_jetpack_memberships_contains_paywalled_content":false,"_jetpack_memberships_contains_paid_content":false,"footnotes":"","jetpack_publicize_message":"","jetpack_publicize_feature_enabled":true,"jetpack_social_post_already_shared":true,"jetpack_social_options":{"image_generator_settings":{"template":"highway","default_image_id":0,"font":"","enabled":false},"version":2}},"categories":[31],"tags":[221],"class_list":["post-25346","post","type-post","status-publish","format-standard","hentry","category-c31-unidade-classista","tag-2a"],"jetpack_publicize_connections":[],"jetpack_featured_media_url":"","jetpack_shortlink":"https:\/\/wp.me\/p659gw-6AO","jetpack-related-posts":[],"jetpack_likes_enabled":true,"jetpack_sharing_enabled":true,"_links":{"self":[{"href":"https:\/\/pcb.org.br\/portal2\/wp-json\/wp\/v2\/posts\/25346","targetHints":{"allow":["GET"]}}],"collection":[{"href":"https:\/\/pcb.org.br\/portal2\/wp-json\/wp\/v2\/posts"}],"about":[{"href":"https:\/\/pcb.org.br\/portal2\/wp-json\/wp\/v2\/types\/post"}],"author":[{"embeddable":true,"href":"https:\/\/pcb.org.br\/portal2\/wp-json\/wp\/v2\/users\/1"}],"replies":[{"embeddable":true,"href":"https:\/\/pcb.org.br\/portal2\/wp-json\/wp\/v2\/comments?post=25346"}],"version-history":[{"count":0,"href":"https:\/\/pcb.org.br\/portal2\/wp-json\/wp\/v2\/posts\/25346\/revisions"}],"wp:attachment":[{"href":"https:\/\/pcb.org.br\/portal2\/wp-json\/wp\/v2\/media?parent=25346"}],"wp:term":[{"taxonomy":"category","embeddable":true,"href":"https:\/\/pcb.org.br\/portal2\/wp-json\/wp\/v2\/categories?post=25346"},{"taxonomy":"post_tag","embeddable":true,"href":"https:\/\/pcb.org.br\/portal2\/wp-json\/wp\/v2\/tags?post=25346"}],"curies":[{"name":"wp","href":"https:\/\/api.w.org\/{rel}","templated":true}]}}