{"id":25428,"date":"2020-04-30T12:12:19","date_gmt":"2020-04-30T15:12:19","guid":{"rendered":"https:\/\/pcb.org.br\/portal2\/?p=25428"},"modified":"2020-05-01T22:40:59","modified_gmt":"2020-05-02T01:40:59","slug":"todo-apoio-ao-povo-e-ao-governo-da-venezuela","status":"publish","type":"post","link":"https:\/\/pcb.org.br\/portal2\/25428","title":{"rendered":"Todo apoio ao povo e ao governo da Venezuela!"},"content":{"rendered":"<p><img decoding=\"async\" class=\"imagem\" title=\"imagem\" src=\"https:\/\/i0.wp.com\/dev.ctb.org.br\/wp-content\/uploads\/2017\/04\/venezuela_bandeira-solidariedade-ctb.jpg\" alt=\"imagem\" \/><!--more-->N\u00e3o \u00e0 expuls\u00e3o dos diplomatas venezuelanos do Brasil<\/p>\n<p>O Partido Comunista Brasileiro vem a p\u00fablico repudiar de forma veemente o decreto assinado pelo governo brasileiro, nesta ter\u00e7a feira, dia 28 de abril, que expulsa do Brasil todos os diplomatas que representam a Venezuela em nosso pa\u00eds, dando-lhes prazo at\u00e9 o dia 02 de maio para deixar o Brasil. Trata-se de um ato vil, mesquinho, que n\u00e3o representa a tradi\u00e7\u00e3o brasileira de, respeitando a soberania nacional, manter abertas as rela\u00e7\u00f5es diplom\u00e1ticas com a comunidade mundial e defender o direito de autodetermina\u00e7\u00e3o dos povos. \u00c9 um ato que coloca em risco a paz na Am\u00e9rica Latina e evidencia a posi\u00e7\u00e3o subserviente do Brasil aos interesses pol\u00edticos e econ\u00f4micos dos Estados Unidos, que vem impondo bloqueio econ\u00f4mico e amea\u00e7ando a Venezuela e outros pa\u00edses que n\u00e3o seguem sua pol\u00edtica e n\u00e3o se curvam diante da agress\u00e3o militar do imperialismo.<\/p>\n<p>O decreto de Bolsonaro reflete uma clara inten\u00e7\u00e3o de desviar a aten\u00e7\u00e3o da opini\u00e3o p\u00fablica num momento em que enfrenta um grande e crescente desgaste por conta de sua total incapacidade e irresponsabilidade e atitudes criminosas na condu\u00e7\u00e3o do pa\u00eds, mais ainda em meio \u00e0 pandemia, que segue em franco crescimento, al\u00e9m do conjunto de acusa\u00e7\u00f5es que pairam sobre Bolsonaro e sua fam\u00edlia, agravadas com a sa\u00edda e as revela\u00e7\u00f5es do ex-ministro S\u00e9rgio Moro.<\/p>\n<p>Mais ainda, a expuls\u00e3o, nesse momento, exp\u00f5e os profissionais aos riscos de contamina\u00e7\u00e3o, pois os fariam ter de se deslocar e romper o isolamento social que se faz cada vez mais necess\u00e1rio.<\/p>\n<p>O PCB conclama todas as for\u00e7as pol\u00edticas de esquerda, progressistas e democr\u00e1ticas, todos aqueles que lutam por justi\u00e7a e igualdade, pelo direito \u00e0 autodetermina\u00e7\u00e3o dos povos, que se somem aos esfor\u00e7os para barrar mais este ato criminoso do governo brasileiro, vergonhosamente submisso \u00e0s determina\u00e7\u00f5es do imperialismo estadunidense para a Am\u00e9rica Latina.<\/p>\n<p>Comiss\u00e3o Pol\u00edtica Nacional do PCB, 29 de abril de 2020.<\/p>\n","protected":false},"excerpt":{"rendered":"<a class=\"moretag\" href=\"https:\/\/pcb.org.br\/portal2\/25428\"> <\/a>","protected":false},"author":1,"featured_media":0,"comment_status":"closed","ping_status":"closed","sticky":false,"template":"","format":"standard","meta":{"jetpack_post_was_ever_published":false,"_jetpack_newsletter_access":"","_jetpack_dont_email_post_to_subs":false,"_jetpack_newsletter_tier_id":0,"_jetpack_memberships_contains_paywalled_content":false,"_jetpack_memberships_contains_paid_content":false,"footnotes":"","jetpack_publicize_message":"","jetpack_publicize_feature_enabled":true,"jetpack_social_post_already_shared":true,"jetpack_social_options":{"image_generator_settings":{"template":"highway","default_image_id":0,"font":"","enabled":false},"version":2}},"categories":[45],"tags":[221,246],"class_list":["post-25428","post","type-post","status-publish","format-standard","hentry","category-c54-venezuela","tag-2a","tag-np"],"jetpack_publicize_connections":[],"jetpack_featured_media_url":"","jetpack_shortlink":"https:\/\/wp.me\/p659gw-6C8","jetpack-related-posts":[],"jetpack_likes_enabled":true,"jetpack_sharing_enabled":true,"_links":{"self":[{"href":"https:\/\/pcb.org.br\/portal2\/wp-json\/wp\/v2\/posts\/25428","targetHints":{"allow":["GET"]}}],"collection":[{"href":"https:\/\/pcb.org.br\/portal2\/wp-json\/wp\/v2\/posts"}],"about":[{"href":"https:\/\/pcb.org.br\/portal2\/wp-json\/wp\/v2\/types\/post"}],"author":[{"embeddable":true,"href":"https:\/\/pcb.org.br\/portal2\/wp-json\/wp\/v2\/users\/1"}],"replies":[{"embeddable":true,"href":"https:\/\/pcb.org.br\/portal2\/wp-json\/wp\/v2\/comments?post=25428"}],"version-history":[{"count":0,"href":"https:\/\/pcb.org.br\/portal2\/wp-json\/wp\/v2\/posts\/25428\/revisions"}],"wp:attachment":[{"href":"https:\/\/pcb.org.br\/portal2\/wp-json\/wp\/v2\/media?parent=25428"}],"wp:term":[{"taxonomy":"category","embeddable":true,"href":"https:\/\/pcb.org.br\/portal2\/wp-json\/wp\/v2\/categories?post=25428"},{"taxonomy":"post_tag","embeddable":true,"href":"https:\/\/pcb.org.br\/portal2\/wp-json\/wp\/v2\/tags?post=25428"}],"curies":[{"name":"wp","href":"https:\/\/api.w.org\/{rel}","templated":true}]}}