{"id":25445,"date":"2020-05-02T22:26:24","date_gmt":"2020-05-03T01:26:24","guid":{"rendered":"https:\/\/pcb.org.br\/portal2\/?p=25445"},"modified":"2020-05-02T22:26:24","modified_gmt":"2020-05-03T01:26:24","slug":"liberdade-para-os-presos-politicos-no-chile","status":"publish","type":"post","link":"https:\/\/pcb.org.br\/portal2\/25445","title":{"rendered":"Liberdade para os presos pol\u00edticos no Chile!"},"content":{"rendered":"<p><img decoding=\"async\" class=\"imagem\" title=\"imagem\" src=\"https:\/\/i0.wp.com\/soaw.org\/wp-content\/uploads\/2020\/04\/0campa%C3%B1aMUNDIAL-768x644.jpg\" alt=\"imagem\" \/><!--more-->O seguinte abaixo-assinado foi encaminhado, no \u00faltimo dia 29 de abril, para as autoridades chilenas:<\/p>\n<p>Senhor Sebasti\u00e1n Pi\u00f1era, Presidente da Rep\u00fablica do Chile<br \/>\nSenhor Gonzalo Blumel, Ministro do Interior<br \/>\nSenhor Hern\u00e1n Larra\u00edn, Ministro da Justi\u00e7a e Direitos Humanos<br \/>\nSenhor Jaime Ma\u00f1alich, Ministro da Sa\u00fade<br \/>\nSenhor Jorge Abbott, Procurador Nacional<br \/>\nSenhor Guillermo Silva, Presidente da Corte Suprema de Justi\u00e7a<\/p>\n<p>Os abaixo assinados, representantes de Organiza\u00e7\u00f5es de Direitos Humanos, cidad\u00e3s e cidad\u00e3os do Chile e de diversos pa\u00edses, nos dirigimos ao senhores para manifestar nossa preocupa\u00e7\u00e3o com as pessoas que se encontram privadas de liberdade, desde a revolta social e ainda \u00e0 espera de seus respectivos julgamentos, a fim de solicitar que se lhes seja substitu\u00edda a medida cautelar por outra de menor intensidade, tendo em conta que a maioria deles n\u00e3o possui antecedentes penais e todos\/as gozam do princ\u00edpio de inoc\u00eancia.<\/p>\n<p>Nossa demanda se baseia em raz\u00f5es de justi\u00e7a, humanidade e requer celeridade de resposta e a\u00e7\u00e3o, frente \u00e0 cat\u00e1strofe sanit\u00e1ria que estamos vivendo.<\/p>\n<p>A aplica\u00e7\u00e3o massiva da priva\u00e7\u00e3o de liberdade \u00e0s pessoas que foram \u00e0s ruas se manifestar em protesto contra o sistema pol\u00edtico\/ econ\u00f4mico imperante no Chile, desde outubro de 2019, tem sido desproporcional, registrando-se mais de 2.500 crian\u00e7as, adolescente e adultos detidos. Seu prolongamento no tempo se converteu em castigo antecipado, sem julgamento, nem provas, o que j\u00e1 \u00e9 injusto por si, somando-se, al\u00e9m disso, as condi\u00e7\u00f5es carcer\u00e1rias, conhecidas ap\u00f3s informes da Promotoria da Corte Suprema, que d\u00e3o conta de superlota\u00e7\u00e3o, falta de \u00e1gua pot\u00e1vel, escassa ventila\u00e7\u00e3o, falta de m\u00e1scaras, de \u00e1lcool gel, impossibilidade de manter o distanciamento social entre os internos, entre outras situa\u00e7\u00f5es, e a chegada do Covid19, nos centros penais, se converte n\u00e3o s\u00f3 em um castigo injusto, como coloca em risco suas vidas.<\/p>\n<p>Recentemente foi promulgada no Chile uma lei para mudar a pena de pris\u00e3o a condenados que est\u00e3o dentro do grupo de risco de cont\u00e1gio, a qual beneficiou 1.300 condenados\/as, por raz\u00f5es humanit\u00e1rias. Por\u00e9m, n\u00e3o se buscou garantir o direito \u00e0 vida, \u00e0 integridade f\u00edsica e ps\u00edquica das pessoas que est\u00e3o em pris\u00e3o preventiva. Esta situa\u00e7\u00e3o de discrimina\u00e7\u00e3o \u00e9 injusta, cruel e desumana.<\/p>\n<p>Exigimos liberdade para todos os presos pol\u00edticos no Chile, pelas raz\u00f5es expostas precedentemente.<\/p>\n<p>Atenciosamente,<\/p>\n<p>Agrupaci\u00f3n de Familiares de Detenidos Desaparecidos \u2013 AFDD<br \/>\nAgrupaci\u00f3n de Familiares de Ejecutados Pol\u00edticos \u2013 AFEP<br \/>\nAgrupaci\u00f3n de Familiares de Detenidos Desaparecidos de Parral<br \/>\nAgrupaci\u00f3n de Familiares de Detenidos Desaparecidos y Ejecutados Pol\u00edticos de Talca<br \/>\nAgrupaci\u00f3n de Familiares de ex Prisioneros Pol\u00edticos Fallecidos-Chile<br \/>\nAgrupaci\u00f3n de Mujeres Democr\u00e1ticas<br \/>\nAgrupaci\u00f3n Nacional de Ex Presos Pol\u00edticos de Chile<br \/>\nAgrupaci\u00f3n por la Memoria Hist\u00f3rica Providencia Antofagasta<br \/>\nAlianza por la Justicia Global, EEUU<br \/>\nAsamblea Derechos Humanos de Colchagua<br \/>\nAsamblea Gotemburgo Grupo DDHH<br \/>\nAsamblea Los Alerces<br \/>\nAsociaci\u00f3n de Ex Presos Pol\u00edticos Chilenos \u2013 Francia<br \/>\nAsociaci\u00f3n Derechos Humanos de Parral<br \/>\nAsociaci\u00f3n por la Memoria y los Derechos Humanos Colonia Dignidad<br \/>\nAssociation Jacques Damiani (Chiliens de Fontenay sous Bois-France)<br \/>\nAssociation RELMU-PARIS (France)<br \/>\nAssociation Terre et Libert\u00e9 pour Arauco (France)<br \/>\nBrigada de la Memoria Popular<br \/>\nCasa Autogesti\u00f3nAda de Mujeres del Ngulumapu<br \/>\nCasa Bolivar<br \/>\nCasa Museo de la Memoria Alberto Bachelet \u2013 Nido 20<br \/>\nCentro de Extensi\u00f3n e Intercambio Max Berr\u00fa<br \/>\nCentro de Salud Mental y Derechos Humanos \u2013 CINTRAS<br \/>\nCiudadanos por la Memoria<br \/>\nColectiva Feminista Melipilla Las Violetas<br \/>\nColectivo 119 de Familiares y Compa\u00f1eros<br \/>\nColectivo Feminista Resueltas Populares<br \/>\nColectivo La Marcha<br \/>\nCollectif Droits de l\u2019Homme au Chili (France)<br \/>\nComando Unitario de ExPrisioneros Pol\u00edticos y Familiares- Chile<br \/>\nComisi\u00f3n Chilena de Derechos Humanos<br \/>\nComisi\u00f3n \u00c9tica Contra la Tortura \u2013 CECT<br \/>\nComisi\u00f3n Funa<br \/>\nComisi\u00f3n Nacional Saharaui de Derechos Humanos CONASADH<br \/>\nComit\u00e9 de Defensa de los Derechos Humanos y Sindicales, CODEHS<br \/>\nComit\u00e9 Internacional Paz, Justicia y Dignidad a los Pueblos<br \/>\nComit\u00e9 Oscar Romero SICSAL. CHILE<br \/>\nComit\u00e9 por la Vida y la Libertad de Mauricio Hern\u00e1ndez Norambuena<br \/>\nComunidad Ecum\u00e9nica Martin Luther King<br \/>\nCongreso de los Pueblos-Chile<br \/>\nCoordinadora Nacional de Organizaciones de DDHH y Sociales<br \/>\nCorporaci\u00f3n 3 y 4 \u00c1lamos: Un Parque por la Paz, la Memoria y la Justicia<br \/>\nCorporaci\u00f3n de Promoci\u00f3n y Defensa de los Derechos del Pueblo \u2013 CODEPU<br \/>\nCorporaci\u00f3n La Serena Diecis\u00e9is de Octubre<br \/>\nCorporaci\u00f3n Memoria Borgo\u00f1o<br \/>\nCorporaci\u00f3n Memoria Lonqu\u00e9n<br \/>\nCorporaci\u00f3n Mujeres Siglo XXI, Osorno<br \/>\nDefensor\u00eda Popular<br \/>\nDenver Justice and Peace Committee Education Fund (DJPC) Comit\u00e9 de Justicia y Paz de Denver, EEUU<br \/>\nDerechos en Com\u00fan<br \/>\nDesclasificaci\u00f3n Popular<br \/>\nForo por la Democracia y la Libertad de lxs Presxs Politicxs de Argentina<br \/>\nFundaci\u00f3n 1367, casa Memoria Jos\u00e9 Domingo Ca\u00f1as<br \/>\nFundaci\u00f3n de Protecci\u00f3n a la Infancia Da\u00f1ada por los Estados de Emergencia \u2013 PIDEE<br \/>\nFundaci\u00f3n Educaci\u00f3n Popular en Salud EPES<br \/>\nFundaci\u00f3n Lazos de Dignidad \u2013 Colombia<br \/>\nFundaci\u00f3n Victor Jara<br \/>\nLondres 38, Espacio de Memorias<br \/>\nMemoria Renca de Pie<br \/>\nMemorial Paine<br \/>\nMesa Nacional Unitaria de Ex Presos Pol\u00edticos de la Dictadura<br \/>\nMODATIMA \u2013 Cordillera<br \/>\nMovimiento por la Diversidad Sexual<br \/>\nMujeres Autoconvocadas 18-O<br \/>\nObservatorio por el Cierre de la Escuela de las Am\u00e9ricas, Chile<br \/>\nOrganizaci\u00f3n Comparsa La Jardinera<br \/>\nPrograma Radial Alternativo en los Caminos de la Noticia<br \/>\nRed Chilena contra la Violencia hacia las Mujeres<br \/>\nRed de Sitios de Memoria<br \/>\nRed Solidaria D\u00e9cada Contra la Impunidad AC<br \/>\nSchool of the Americas Watch, EEUU<br \/>\nSitio de Memoria ex Cl\u00ednica Santa Lucia<br \/>\nSobrevivientes de Tejas Verdes<br \/>\nSolidaridad Chile-Chicago- USA<br \/>\nTaller 119 Memoriando en Arpillera<\/p>\n<p>Adolfo Ovalle, Grupo de Trabajo por los PP, Coordinadora Estocolmo- Chile<br \/>\nAdri\u00e1n Ram\u00edrez L\u00f3pez, Liga Mexicana por la Defensa de los Derechos Humanos, Limeddh<br \/>\nAlberto Espinoza Pino, abogado DDHH<br \/>\nAlejandra Vargas Neira, psic\u00f3loga<br \/>\nAlejandro Guajardo Cordova, Terapeuta Ocupacional<br \/>\nAlicia Lira Matus, Presidenta de AFEP<br \/>\nAlvaro Ramis Olivo, Rector Universidad de Humanismo Cristiano<br \/>\nAna de la Barra, Presidenta de la Agrupaci\u00f3n de Familiares de exPrisoneros Pol\u00edticos Fallecidos \u2013 Chile<br \/>\nAna Maria Peralta Castro, kinesi\u00f3loga<br \/>\nAna Mendoza, Presidenta Sindicato STU<br \/>\nAna Tania Toro, m\u00e9dica de DDHH<br \/>\nAndrea San Mart\u00edn Palma, m\u00e9dico del Departamento DDHH COLMED<br \/>\nAndr\u00e9s Sandoval, Solidaridad Chile-Chicago, USA<br \/>\nAng\u00e9lica Ugarte, Solidaridad Chile-Chicago, USA<br \/>\nBeatriz Brinkmann, Dr Phil<br \/>\nCamilo Brodsky, Concejal comuna de \u00d1u\u00f1oa<br \/>\nCandice Ibaceta, Solidaridad Chile-Chicago, USA<br \/>\nCarlos Candia, fot\u00f3grafo<br \/>\nCarlos Madariaga Araya, m\u00e9dico psiquiatra<br \/>\nCarlos Margotta Trincado, Abogado DD HH<br \/>\nCarlos Segundo Rojas Arqueros, Ex PP<br \/>\nCarlos Segundo Rojas Villagr\u00e1n, Ex PP<br \/>\nCarlos Vega Pizarro<br \/>\nCarmen Diniz, Coordenadora do Comit\u00ea Carioca de Solidariedade a Cuba<br \/>\nCarmen Mu\u00f1oz Galaz, Presidenta ONG Hijas e Hijos del Exilio \u2013 Chile<br \/>\nCarolina Trejo Vidal, Periodista y Acad\u00e9mica U de Chile y USACH<br \/>\nCarolyn Andrea Meneses Rodriguez<br \/>\nCatalina Flores, Solidaridad Chile-Chicago, USA<br \/>\nCecilia Vera Superbi, m\u00e9dica psiquiatra<br \/>\nCherie Z\u00fa\u00f1iga V\u00e1squez<br \/>\nClaudio P\u00e9rez Osorio<br \/>\nDanae Sinclaire Tijero, psiquiatra.<br \/>\nDaniel Diaz Paredes, m\u00e9dico psiquiatra<br \/>\nDaniza Vera, psic\u00f3loga<br \/>\nDominique Sandoval, Solidaridad Chile-Chicago, USA<br \/>\nEladio Recabarren Hern\u00e1ndez, Terapeuta Ocupacional<br \/>\nEliana Osorio Venegas<br \/>\nElisa Abredapo, Solidaridad Chile-Chicago, USA<br \/>\nElwin Ayamante, Pr\u00e9sident Association Jacques Damiani (Chiliens de Fontenay sous Bois-France)<br \/>\nEnrique Morales Castillo, m\u00e9dico DDHH COLMED<br \/>\nEnrique Riobo, historiador, Presidente de la Asociaci\u00f3n de Investigadores en Artes y Humanidades<br \/>\nEwa Ebers Oberreuter, Presidenta Junta de Vecinos Parque Ram\u00f3n Cruz<br \/>\nFabiola Acevedo Carvajal<br \/>\nFernanda P\u00e9rez Z\u00fa\u00f1iga<br \/>\nFernanda Poblete<br \/>\nFernanda Retamales Toro, Junta de Vecinos Ram\u00f3n Cruz y Organizacional Territorial SUMEMOS Villa Frei<br \/>\nGabriela Calfucoy L\u00f3pez<br \/>\nGabriela Espinoza Torres<br \/>\nGloria Maira Vargas<br \/>\nGraciela Ram\u00edrez, editora Resumen Latinoamericano-Cuba<\/p>\n<p>Haydee Oberreuter, Directora de Investigaci\u00f3n y Memoria de los Familiares de ex Prisioneros Pol\u00edticos Fallecidos-Chile<\/p>\n<p>H\u00e9ctor Zavala, Pr\u00e9sident Collectif Droits de l\u2019Homme au Chili (France)<br \/>\nHervi Lara Bravo, profesor de filosof\u00eda<br \/>\nHiginio Esperge Cordova<br \/>\nHiram Villagra Castro, abogado DDHH<br \/>\nIvan Covili, Chile<br \/>\nIv\u00e1n de la Fuente<br \/>\nIv\u00e1n Rojas Mardones<br \/>\nJavier Rebolledo Escobar, periodista<br \/>\nJaviera Victoria Segura Arriaza, actriz<br \/>\nJeanett Mendoza<br \/>\nJonathan Aravena Barrales, Dramaturgo y Director Teatral<br \/>\nJorge Diaz Marchant, dirigentre social.<br \/>\nJorge Magasich, historiador, profesor en Institut des Hautes Etudes des Comunications Sociales, Bruselas<br \/>\nJos\u00e9 Miguel Carrera Carmona, Internacionalista, Escritor<br \/>\nJos\u00e9 Miguel Guzm\u00e1n, Director de CINTRAS<br \/>\nJuan Manuel G\u00e1lvez, psic\u00f3logo<br \/>\nJuan Manuel Lanata Zanolli<br \/>\nJuan Mena Vald\u00e9s<br \/>\nJudith Kelly, activista DDHH. EEUU<br \/>\nKatherine Paredes, Solidaridad Chile-Chicago, USA<br \/>\nLautaro Videla Moya, Presidente Sitio de Memoria ex Cl\u00ednica Santa Luc\u00eda<br \/>\nLena Kirberg Eraso<br \/>\nLorena P\u00e9rez Osorio, psic\u00f3loga<br \/>\nLorena Pizarro Sierra, Presidenta AFDD<br \/>\nLuis Galvez, Halmstad, sobreviviente 1973<br \/>\nManuel Aguilante Barrientos, Presidente Agrupaci\u00f3n Usuarios Prais Punta Arenas<br \/>\nManuel D\u00e9lano, periodista<br \/>\nMarcela Pat Gonz\u00e1lez Paredes, abogada<br \/>\nMarcelo Chalr\u00e9o, miembro del Consejo Nacional de Derechos Humanos de Brasil<br \/>\nMarcelo Gauthier, Pr\u00e9sident Association Relmu-Paris<br \/>\nMarco P\u00e9rez Osorio<br \/>\nMarcos Rodriguez G., Derechos Humanos<br \/>\nMar\u00eda Alejandra Arriaza Donoso, abogada DDHH<br \/>\nMaria Cristina Escanilla Escobar<br \/>\nMar\u00eda Luisa Silva Urz\u00faa<br \/>\nMar\u00eda Rivera Irribarren, abogada DDHH<br \/>\nMar\u00eda Stella Caceres, Directora Museo de la Memorias y Derechos Humanos<br \/>\nMar\u00eda Teresa Pizarro, Solidaridad Chile-Chicago, USA<br \/>\nMariana Rojas Arqueros, asesora jur\u00eddica, Ex PP<br \/>\nMarina Salom\u00e9 Garrido Cornejo, trabajadora social<br \/>\nMario Venegas Jara, Solidaridad Chile-Chicago, USA<br \/>\nMarta Friz<br \/>\nMart\u00edn Almada, Premio Nobel Altenativo, Paraguay<br \/>\nMaximiliano Henr\u00edquez Henr\u00edquez<br \/>\nMigel Retamal, ex prisionero pol\u00edtico<br \/>\nMiguel Nazal, Tesorero Sindicato STU<br \/>\nMireya Garc\u00eda Ram\u00edrez, activista DDHH<br \/>\nMiryam Reyes Garc\u00eda, abogada DDHH<br \/>\nMyrna Troncoso, Presidenta Agrupaci\u00f3n de Familiares de Detenidos Desaparecidos y Ejecutados Pol\u00edticos de Talca<br \/>\nNadiezhda Oliva Plaza, periodista<br \/>\nNatividad LLanquileo Pilquilman, abogada DDHH<br \/>\nNelly Andrade Alcaino Ex P.P.<br \/>\nNelson Aramburu, Secretario Ejecutivo CECT- V Regi\u00f3n<br \/>\nN\u00e9stor Vega Salazar, Pr\u00e9sident Association Terre et Libert\u00e9 pour Arauco (France)<br \/>\nOwana Madera Mac-Kilrroy<br \/>\nPablo Ruiz Espinoza, periodista<br \/>\nPablo V\u00e1squez Salazar, ingeniero civil qu\u00edmico, Director JJ.VV. N\u00b021 Parque Ram\u00f3n Cruz<br \/>\nPamela San Mar\u00edn Morales, abogada y docente<br \/>\nPatricia Faundes Osorio, Profesora<br \/>\nPatricia Parga-Vega<br \/>\nPatricio Vejar L\u00f3pez<br \/>\nPaulina Acevedo Menanteau, Periodista<br \/>\nPedro Alejandro Matta<br \/>\nPedro de la Barra, DDHH COLMED<br \/>\nRaquel Torres Guerrero, psic\u00f3loga- docente universitaria<br \/>\nRicardo Balladares Castilla<br \/>\nRoberto Garret\u00f3n Merino, abogado DDHH<br \/>\nSamuel Houston<br \/>\nSergio Grez Toso, historiador, profesor titular Universidad de Chile<br \/>\nSigdo R\u00edos Orme\u00f1o, contador auditor<br \/>\nSilva Runca, refugiada pol\u00edtica<br \/>\nSilvia Leiva, Expp Coordinadora Nacional x Libertad a todos lo PPy PPM, mesa Nacional Chile Despert\u00f3<br \/>\nSoledad Rojas Bravo, activista feminista<br \/>\nSuzette Pancani Corval\u00e1n, periodista<br \/>\nTatiana Rojas, Vocera L\u00e9sbico\/Bisexual, Directora MUNS<br \/>\nTeresa Monardes Valdivia<br \/>\nVanessa V. Kotesky, Solidaridad Chile-Chicago, USA<br \/>\nVeronica Pozo, Solidaridad Chile-Chicago, USA<br \/>\nVicente Enrique Cortes Paillafil, Archivos Inti Illimani Hist\u00f3rico<br \/>\nV\u00edctor Far\u00edas Palma, Presidente ONG Cintras<br \/>\nVilma Abarz\u00faa Cort\u00e9s, Presidenta Agrupaci\u00f3n de Usuarios Prais \u00c1rea Oriente<br \/>\nViviana Fern\u00e1ndez, Representante Legal ex Menores V\u00edctimas de Prisi\u00f3n Pol\u00edtica y Tortura y Presidenta Exil Chile<br \/>\nWladimir Cerda Carrasco<\/p>\n<p>Se han sumado las siguientes firmas:<\/p>\n<p>Asamblea Constituyente, B\u00e9lgica<\/p>\n<p>Coordinadora Latinoamericana de Solidaridad, B\u00e9lgica<\/p>\n<p>Association Nuevo Concepto Latino, Francia<\/p>\n<p>F\u00e9d\u00e9ration d\u2019Associations Chiliennes (FEDACH), Francia<\/p>\n<p>Association Orly \u2013 Chili Solidarit\u00e9, Francia<\/p>\n<p>Leyla Guzm\u00e1n, Presidenta Association Nuevo Concepto Latino, Francia<\/p>\n<p>Cecilia Cortez Alruiz, Vice-Presidenta FEDACH, Francia; y Presidenta Association Orly \u2013 Chili Solidarit\u00e9, Francia<\/p>\n<p>Nota: o Partido Comunista Brasileiro (PCB) enviou sua assinatura para endossar o documento e conclama todos\/as os\/as camaradas do Partido e dos coletivos de luta, assim como os\/as militantes das lutas por justi\u00e7a, direitos humanos e liberdades democr\u00e1ticas a cerrar fileiras em mais esta a\u00e7\u00e3o de combate \u00e0s arbitrariedades cometidas pelo governo burgu\u00eas do Chile, servi\u00e7al do imperialismo estadunidense.<\/p>\n<p>Tradu\u00e7\u00e3o: Partido Comunista Brasileiro (PCB)<\/p>\n<blockquote class=\"wp-embedded-content\" data-secret=\"Ks1Ix1Ijhf\"><p><a href=\"https:\/\/soaw.org\/carta-por-la-libertad-de-los-presos-politicos-en-chile\/\">Carta por la Libertad de los Presos Pol\u00edticos en Chile<\/a><\/p><\/blockquote>\n<p><iframe loading=\"lazy\" title=\"&#8220;Carta por la Libertad de los Presos Pol\u00edticos en Chile&#8221; &#8212; SOA Watch\" class=\"wp-embedded-content\" sandbox=\"allow-scripts\" security=\"restricted\" style=\"position: absolute; clip: rect(1px, 1px, 1px, 1px);\" src=\"https:\/\/soaw.org\/carta-por-la-libertad-de-los-presos-politicos-en-chile\/embed\/#?secret=Ks1Ix1Ijhf\" data-secret=\"Ks1Ix1Ijhf\" width=\"600\" height=\"338\" frameborder=\"0\" marginwidth=\"0\" marginheight=\"0\" scrolling=\"no\"><\/iframe><\/p>\n","protected":false},"excerpt":{"rendered":"<a class=\"moretag\" href=\"https:\/\/pcb.org.br\/portal2\/25445\"> <\/a>","protected":false},"author":1,"featured_media":0,"comment_status":"closed","ping_status":"closed","sticky":false,"template":"","format":"standard","meta":{"jetpack_post_was_ever_published":false,"_jetpack_newsletter_access":"","_jetpack_dont_email_post_to_subs":false,"_jetpack_newsletter_tier_id":0,"_jetpack_memberships_contains_paywalled_content":false,"_jetpack_memberships_contains_paid_content":false,"footnotes":"","jetpack_publicize_message":"","jetpack_publicize_feature_enabled":true,"jetpack_social_post_already_shared":true,"jetpack_social_options":{"image_generator_settings":{"template":"highway","default_image_id":0,"font":"","enabled":false},"version":2}},"categories":[87],"tags":[226],"class_list":["post-25445","post","type-post","status-publish","format-standard","hentry","category-c100-chile","tag-4b"],"jetpack_publicize_connections":[],"jetpack_featured_media_url":"","jetpack_shortlink":"https:\/\/wp.me\/p659gw-6Cp","jetpack-related-posts":[],"jetpack_likes_enabled":true,"jetpack_sharing_enabled":true,"_links":{"self":[{"href":"https:\/\/pcb.org.br\/portal2\/wp-json\/wp\/v2\/posts\/25445","targetHints":{"allow":["GET"]}}],"collection":[{"href":"https:\/\/pcb.org.br\/portal2\/wp-json\/wp\/v2\/posts"}],"about":[{"href":"https:\/\/pcb.org.br\/portal2\/wp-json\/wp\/v2\/types\/post"}],"author":[{"embeddable":true,"href":"https:\/\/pcb.org.br\/portal2\/wp-json\/wp\/v2\/users\/1"}],"replies":[{"embeddable":true,"href":"https:\/\/pcb.org.br\/portal2\/wp-json\/wp\/v2\/comments?post=25445"}],"version-history":[{"count":0,"href":"https:\/\/pcb.org.br\/portal2\/wp-json\/wp\/v2\/posts\/25445\/revisions"}],"wp:attachment":[{"href":"https:\/\/pcb.org.br\/portal2\/wp-json\/wp\/v2\/media?parent=25445"}],"wp:term":[{"taxonomy":"category","embeddable":true,"href":"https:\/\/pcb.org.br\/portal2\/wp-json\/wp\/v2\/categories?post=25445"},{"taxonomy":"post_tag","embeddable":true,"href":"https:\/\/pcb.org.br\/portal2\/wp-json\/wp\/v2\/tags?post=25445"}],"curies":[{"name":"wp","href":"https:\/\/api.w.org\/{rel}","templated":true}]}}