{"id":2547,"date":"2012-03-15T01:52:20","date_gmt":"2012-03-15T01:52:20","guid":{"rendered":"http:\/\/pcb.org.br\/portal2\/?p=2547"},"modified":"2012-03-15T01:52:20","modified_gmt":"2012-03-15T01:52:20","slug":"a-semana-no-olhar-comunista-0031","status":"publish","type":"post","link":"https:\/\/pcb.org.br\/portal2\/2547","title":{"rendered":"A Semana no Olhar Comunista &#8211; 0031"},"content":{"rendered":"\n<p>\u00a0<\/p>\n<hr \/>\n<p>Em entrevista \u00e0 imprensa, Andr\u00e9 prop\u00f5e que o Pnuma \u2013 o Programa da ONU para o Meioambiente, hoje um organismo de estudos \u2013 tenha autoridade para tomar decis\u00f5es. No encontro, um grupo de celebridades \u201cnot\u00e1veis\u201d entregar\u00e1 aos chefes de Estado um documento com recomenda\u00e7\u00f5es em temas como seguran\u00e7a alimentar, crise econ\u00f4mica energia, oceanos, erradica\u00e7\u00e3o da pobreza e outros.<\/p>\n<p>Os desafios s\u00e3o enormes, pois vivemos um per\u00edodo em que os combust\u00edveis f\u00f3sseis, que t\u00eam sido a base principal fonte de energia o funcionamento da ind\u00fastria, dos transportes, da vida em sociedade em geral, est\u00e3o em fase terminal, em que recursos naturais como o chumbo e outros metais est\u00e3o a poucos anos de esgotarem-se, se mantidos os n\u00edveis atuais de consumo, em que a polui\u00e7\u00e3o do ar, o desmatamento e outros fatores v\u00eam agravando cada vez mais o chamado \u201cefeito estufa\u201d, causando o aquecimento do planeta e diversas altera\u00e7\u00f5es no clima, entre muitos outros problemas que v\u00eam se agravando.<\/p>\n<p>O quadro de crise econ\u00f4mica internacional traz impactos negativos para a esfera ambiental, pois os governos n\u00e3o querem gastar com medidas de controle, mitiga\u00e7\u00e3o de problemas e muito menos em investimentos no setor, pressionados pelas grandes empresas que mais se preocupam em salvar-se ou aproveitar a crise para pagar menos e lucrar mais. Na esfera pol\u00edtica internacional o fato se repete, a exemplo do ocorrido no encontro de Copenhagem, onde apenas declara\u00e7\u00f5es de inten\u00e7\u00f5es foram aprovadas. Mesmo o mercado de cr\u00e9ditos de carbono, criado nos marcos do Protocolo de Quioto, apresenta uma forte baixa, estando a pr\u00f3pria continuidade do Protocolo amea\u00e7ada.<\/p>\n<p>O embaixador Andr\u00e9 aponta para a necessidade de redu\u00e7\u00e3o do consumo das camadas m\u00e9dias dos pa\u00edses desenvolvidos e em desenvolvimento, visto que \u00e9 consenso entre os estudiosos que os atuais padr\u00f5es s\u00e3o insustent\u00e1veis ambientalmente. Mas a quest\u00e3o de fundo \u00e9 que o sistema capitalista desenvolve-se, em seu modo de acumula\u00e7\u00e3o atual, a partir da produ\u00e7\u00e3o, em grande volume, de bens de consumo dur\u00e1veis e n\u00e3o dur\u00e1veis, numa propor\u00e7\u00e3o t\u00e3o elevada que medidas de mitiga\u00e7\u00e3o do problema \u2013 como um carro que consome menos combust\u00edvel \u2013 tenham efeito irris\u00f3rio. Mesmo os servi\u00e7os, em geral, s\u00e3o intensivos em consumo de energia e materiais. Os pa\u00edses imperialistas seguem com suas a\u00e7\u00f5es pol\u00edticas e militares para assegurar, apara si, reservas estrat\u00e9gicas de petr\u00f3leo e outros insumos. No Brasil, discute-se uma proposta de C\u00f3digo Florestal que anistia desmatadores&#8230;<\/p>\n<p>Declara\u00e7\u00f5es de boas inten\u00e7\u00f5es n\u00e3o resolvem. \u00c9 preciso que esta confer\u00eancia possa servir de tambor para as vozes que trazem propostas de solu\u00e7\u00e3o de fundo para a quest\u00e3o ambiental, que passam, necessariamente, pela supera\u00e7\u00e3o do capitalismo em si.<\/p>\n<p>\u00a0<\/p>\n<hr \/>\n<p><strong>Crise econ\u00f4mica pode atingir o Brasil<\/strong><\/p>\n<p>A queda na cota\u00e7\u00e3o do d\u00f3lar, facilitando os gastos no exterior e as importa\u00e7\u00f5es, \u00e9 um dos fatores que v\u00eam preocupando o governo brasileiro. Importa\u00e7\u00f5es em alta desestimulam a produ\u00e7\u00e3o interna, gerando desemprego. Entre as medidas anunciadas para tentar reverter a situa\u00e7\u00e3o, o governo aumentar\u00e1 as tarifas de importa\u00e7\u00e3o de diversos produtos, a redu\u00e7\u00e3o das taxas de juros, a redu\u00e7\u00e3o de impostos como o IPI para diversos produtos e o fortalecimento do BNDES.<\/p>\n<p>\u00a0<\/p>\n<hr \/>\n<p><strong>Elio Gaspari e a constru\u00e7\u00e3o naval brasileira hoje<\/strong><\/p>\n<p>O colunista Elio Gaspari, de O Globo, atacou, em mat\u00e9ria publicada no dia 11 de mar\u00e7o, a retomada da constru\u00e7\u00e3o naval no Brasil, ocorrida a partir do in\u00edcio da \u00faltima d\u00e9cada por conta, principalmente, do\u00a0<em>boom <\/em>da produ\u00e7\u00e3o de petr\u00f3leo no mar, no Brasil, que requer navios especializados, plataformas e equipamentos diversos. Com investimentos privados de diversas empresas, em sua maioria estrangeira, o setor expandiu-se e emprega, hoje, mais de 45 mil trabalhadores.<\/p>\n<p>Gaspari critica duramente a op\u00e7\u00e3o da Petrobr\u00e1s de privilegiar as encomendas no Brasil, mesmo pagando um pouco mais pelas embarca\u00e7\u00f5es. Para ele, os esfor\u00e7os feitos nos governos JK e nos governos militares de criar uma base industrial no setor naval, no Brasil, foi uma op\u00e7\u00e3o errada, como \u00e9 errada, para ele, a id\u00e9ia de privilegiar compras no Brasil. Citando n\u00fameros da d\u00e9cada de 70, Gaspari denuncia desmandos e desvios nos programas e na gest\u00e3o do estado, na \u00e9poca, e \u00e9 enf\u00e1tico quando se coloca contra qualquer medida de prote\u00e7\u00e3o e incentivo \u00e0 ind\u00fastria nacional, pois, dessa forma, s\u00e3o pagos pre\u00e7os superiores aos pre\u00e7os cobrados por estaleiros de outros pa\u00edses.<\/p>\n<p>\u00c9 fato que, principalmente nos governos militares, houve muitos desmandos e desvios que resultaram em benef\u00edcios para a burguesia, principalmente, na \u00e1rea naval, no segmentos dos construtores, \u00e0s custas de financiamento f\u00e1cil e barato, reservas de encomendas e outras benesses ent\u00e3o oferecidas, num modelo altamente concentrador de renda e gerador de mis\u00e9ria. \u00c9 fato tamb\u00e9m que muitas a\u00e7\u00f5es do governo de hoje soam mal, como os financiamentos oferecidos pelo BNDES a empresas estrangeiras e as obras milion\u00e1rias de novos estaleiros, garantidas com reserva de encomendas da Petrobr\u00e1s, com aval do governo federal.<\/p>\n<p>O que o colunista n\u00e3o v\u00ea ou n\u00e3o quer ver \u00e9 que a \u201clivre concorr\u00eancia\u201d deste setor e de muitos outros setores no mercado internacional leva \u00e0 desindustrializa\u00e7\u00e3o, leva o pa\u00eds \u00e0 condi\u00e7\u00e3o de exportador de produtos agr\u00edcolas e min\u00e9rios, leva ao desemprego. Ele se esquece de mencionar, ainda, que foi com medidas de prote\u00e7\u00e3o e est\u00edmulo \u00e0 ind\u00fastria nacional, foi com a presen\u00e7a direta do Estado na economia que a grande maioria dos pa\u00edses hoje desenvolvidos cresceu, como nos casos mais recentes da Cor\u00e9ia do Sul, de Cingapura e da pr\u00f3pria China. Se o governo atual erra, \u00e9 exatamente porque tenta puxar o desenvolvimento do pa\u00eds com base no capital privado, erra porque concede privil\u00e9gios aos capitalistas, com destaques para os banqueiros, erra porque n\u00e3o promove a distribui\u00e7\u00e3o da renda e os direitos sociais. Esse \u00e9 o grande salto a ser dado, Gaspari, n\u00e3o o contr\u00e1rio.<\/p>\n<p>\u00a0<\/p>\n<hr \/>\n<p><strong>Minist\u00e9rio P\u00fablico quer apurar \u201ccrimes permanentes\u201d<\/strong><\/p>\n<p>Procuradores da Rep\u00fablica que comp\u00f5em o grupo de trabalho \u201cJusti\u00e7a na Transi\u00e7\u00e3o\u201d investigar\u00e3o crimes como oculta\u00e7\u00e3o de cad\u00e1veres, resultados de a\u00e7\u00f5es como sequestro e desaparecimento de pessoas por organismos de repress\u00e3o ocorridas durante a ditadura militar. Os respons\u00e1veis pelas a\u00e7\u00f5es, ao se negarem a declarar o paradeiro dos corpos, incorrem em crime de oculta\u00e7\u00e3o, vigentes at\u00e9 hoje.<\/p>\n<p>\u00a0<\/p>\n<hr \/>\n<p><strong>A a\u00e7\u00e3o do estado capitalista: manifestantes ocupam sede da CHESF em Pernambuco<\/strong><\/p>\n<p>Cerca de 1.500 militantes do Movimento dos Atingidos por Barragens ocuparam, no dia 13 de mar\u00e7o, a sede da Companhia Hidroel\u00e9trica do S\u00e3o Francisco, para exigir garantias de direitos para as fam\u00edlias atingidas pela constru\u00e7\u00e3o de represas na regi\u00e3o, onde mais de 200.000 fam\u00edlias forma removidas nas \u00faltimas d\u00e9cadas, muitas das quais n\u00e3o conseguiram refazer suas vidas.<\/p>\n<p>Esta \u00e9 uma forma de a\u00e7\u00e3o comum nos Estado capitalistas, onde as a\u00e7\u00f5es, mesmo de empresas estatais, voltam-se para os interesses da burguesia, onde os direitos civis s\u00e3o desiguais, onde a expuls\u00e3o de trabalhadores feita em geral com viol\u00eancia e sem qualquer repara\u00e7\u00e3o ou compensa\u00e7\u00e3o \u00e9 a t\u00f4nica. Todo o apoio aos atingidos!!<\/p>\n<p>\u00a0<\/p>\n<hr \/>\n<p><strong>EUA, Europa e Jap\u00e3o v\u00e3o \u00e0 OMC contra a China por causa de \u201cterras raras\u201d<\/strong><\/p>\n<p>A China, que responde por 97% da produ\u00e7\u00e3o mundial dos chamados \u201cmetais de terras raras\u201d, essenciais para a produ\u00e7\u00e3o produtos eletr\u00f4nicos e outras aplica\u00e7\u00f5es, est\u00e1 sendo acionada junto \u00e0 Organiza\u00e7\u00e3o Mundial de Com\u00e9rcio para que levante as restri\u00e7\u00f5es que vem impondo \u00e0s exporta\u00e7\u00f5es de terras raras e outras mat\u00e9rias primas.<\/p>\n<p>A a\u00e7\u00e3o \u00e9 um ataque \u00e0 soberania da China e pode levar a medidas semelhantes contra outros pa\u00edses que queiram salvaguardar reservas de recursos n\u00e3o renov\u00e1veis escassos e estrat\u00e9gicos da sanha do mercado mundial capitalista.<\/p>\n<p>Em tempo: o Brasil det\u00e9m a maior reserva mundial de terras raras.<\/p>\n<p>{jcomments off}<\/p>\n","protected":false},"excerpt":{"rendered":"\n\n\n\n\n\n\n\n\n\n\n\nRio + 20: fadado ao fracasso?\nO\u00a0OLHAR COMUNISTA desta semana destaca o alerta do embaixador Andr\u00e9 Corr\u00eaa do Lago, negociador-chefe do Brasil na Confer\u00eancia das Na\u00e7\u00f5es Unidas sobre Desenvolvimento Sustent\u00e1vel que ocorrer\u00e1 no Rio de Janeiro, em junho deste ano.\n<a class=\"moretag\" href=\"https:\/\/pcb.org.br\/portal2\/2547\"> <\/a>","protected":false},"author":1,"featured_media":0,"comment_status":"open","ping_status":"open","sticky":false,"template":"","format":"standard","meta":{"jetpack_post_was_ever_published":false,"_jetpack_newsletter_access":"","_jetpack_dont_email_post_to_subs":false,"_jetpack_newsletter_tier_id":0,"_jetpack_memberships_contains_paywalled_content":false,"_jetpack_memberships_contains_paid_content":false,"footnotes":"","jetpack_publicize_message":"","jetpack_publicize_feature_enabled":true,"jetpack_social_post_already_shared":false,"jetpack_social_options":{"image_generator_settings":{"template":"highway","default_image_id":0,"font":"","enabled":false},"version":2}},"categories":[100],"tags":[],"class_list":["post-2547","post","type-post","status-publish","format-standard","hentry","category-c113-a-semana-no-olhar-comunista"],"jetpack_publicize_connections":[],"jetpack_featured_media_url":"","jetpack_shortlink":"https:\/\/wp.me\/p659gw-F5","jetpack-related-posts":[],"jetpack_likes_enabled":true,"jetpack_sharing_enabled":true,"_links":{"self":[{"href":"https:\/\/pcb.org.br\/portal2\/wp-json\/wp\/v2\/posts\/2547","targetHints":{"allow":["GET"]}}],"collection":[{"href":"https:\/\/pcb.org.br\/portal2\/wp-json\/wp\/v2\/posts"}],"about":[{"href":"https:\/\/pcb.org.br\/portal2\/wp-json\/wp\/v2\/types\/post"}],"author":[{"embeddable":true,"href":"https:\/\/pcb.org.br\/portal2\/wp-json\/wp\/v2\/users\/1"}],"replies":[{"embeddable":true,"href":"https:\/\/pcb.org.br\/portal2\/wp-json\/wp\/v2\/comments?post=2547"}],"version-history":[{"count":0,"href":"https:\/\/pcb.org.br\/portal2\/wp-json\/wp\/v2\/posts\/2547\/revisions"}],"wp:attachment":[{"href":"https:\/\/pcb.org.br\/portal2\/wp-json\/wp\/v2\/media?parent=2547"}],"wp:term":[{"taxonomy":"category","embeddable":true,"href":"https:\/\/pcb.org.br\/portal2\/wp-json\/wp\/v2\/categories?post=2547"},{"taxonomy":"post_tag","embeddable":true,"href":"https:\/\/pcb.org.br\/portal2\/wp-json\/wp\/v2\/tags?post=2547"}],"curies":[{"name":"wp","href":"https:\/\/api.w.org\/{rel}","templated":true}]}}