{"id":25472,"date":"2020-05-07T11:24:23","date_gmt":"2020-05-07T14:24:23","guid":{"rendered":"https:\/\/pcb.org.br\/portal2\/?p=25472"},"modified":"2020-05-07T11:24:23","modified_gmt":"2020-05-07T14:24:23","slug":"vietna-exito-no-combate-ao-covid-19","status":"publish","type":"post","link":"https:\/\/pcb.org.br\/portal2\/25472","title":{"rendered":"Vietn\u00e3: \u00eaxito no combate ao Covid-19"},"content":{"rendered":"<p><img decoding=\"async\" class=\"imagem\" title=\"imagem\" src=\"https:\/\/i0.wp.com\/www.lowyinstitute.org\/sites\/default\/files\/GettyImages-1209434413.jpg\" alt=\"imagem\" \/><!--more-->Embora tendo de cumprir 15 normas para impedir a propaga\u00e7\u00e3o da Covid-19, as escolas de todos os n\u00edveis de ensino reabriram no Vietn\u00e3 nesta segunda-feira, sinal da confian\u00e7a do pa\u00eds asi\u00e1tico no controlo da epidemia &#8211; Cr\u00e9ditos \/ Lowy Institute<\/p>\n<p>AbrilAbril<\/p>\n<p>O Vietn\u00e3 aumentou para 20 o n\u00famero de dias seguidos sem detectar novos contagiados com o SARS-CoV-2. Dos 271 doentes registrados no pa\u00eds asi\u00e1tico, 232 recuperaram e apenas 39 se mant\u00eam ativos.<\/p>\n<p>Os 232 que j\u00e1 est\u00e3o em suas casas ou ainda cumprem uma quarentena preventiva de duas semanas representam mais de 85% dos casos do novo coronav\u00edrus no pa\u00eds, desde que come\u00e7aram a ser detectados, h\u00e1 quase tr\u00eas meses.<br \/>\nPara estas estat\u00edsticas \u2013 informa a Prensa Latina \u2013 contribuiu o fato de terem recebido alta, no dia 05 de maio, 11 pacientes internados no Hospital Nacional de Doen\u00e7as Tropicais, em Han\u00f3i. Outra boa not\u00edcia foi o levantamento da quarentena de quatro semanas a que foi submetida a aldeia de Ha Loi, nos arredores da capital, depois de nos \u00faltimos 21 dias n\u00e3o terem sido detetectadas pessoas infectadas na localidade.<\/p>\n<p>Entre os 232 considerados recuperados encontra-se uma idosa de 88 anos, cuja vida esteve em risco, uma vez que, al\u00e9m da idade avan\u00e7ada, sofria de problemas respirat\u00f3rios e foi hospitalizada por esse motivo no dia 17 de Mar\u00e7o. Uma semana depois, foi-lhe detectado o v\u00edrus SARS-CoV-2 e entrou em estado de coma. Gra\u00e7as \u00e0 assist\u00eancia hospitalar, hoje est\u00e1 livre do v\u00edrus, os seus sinais vitais s\u00e3o est\u00e1veis e est\u00e1 em fase de franca recupera\u00e7\u00e3o, refere a ag\u00eancia cubana, que destaca este caso como exemplo do n\u00edvel da aten\u00e7\u00e3o que \u00e9 devotada pelo servi\u00e7o de sa\u00fade vietnamita aos pacientes mais velhos.<\/p>\n<p>A maior parte dos 39 pacientes de Covid-19 ainda dados como ativos revela um estado de sa\u00fade est\u00e1vel. Mais de duas dezenas j\u00e1 tiveram resultado negativo uma ou duas vezes nos testes de detec\u00e7\u00e3o do v\u00edrus, sendo de esperar que o n\u00famero de recuperados aumente nos pr\u00f3ximos dias.<\/p>\n<p>Sob observa\u00e7\u00e3o em centros m\u00e9dicos especializados ou a cumprir per\u00edodos de quarentena preventiva em suas casas est\u00e3o mais de 25 mil pessoas, por terem tido contacto com doentes ou terem estado em locais onde as pessoas infectadas com SARS-CoV-2 estiveram antes.<\/p>\n<p>Reabertura das escolas e pensamento na \u00abfase p\u00f3s-pandemia\u00bb<br \/>\nOntem, o primeiro-ministro vietnamita, Nguyen Xuan Phuc, disse que a prioridade do pa\u00eds continua a ser a conten\u00e7\u00e3o da Covid-19, mas que \u00ab\u00e9 necess\u00e1rio pensar e trabalhar na reativa\u00e7\u00e3o da economia na fase p\u00f3s-pandemia\u00bb.<\/p>\n<p>Na reuni\u00e3o mensal do executivo, Xuan Phuc congratulou-se com o fato de o pa\u00eds do Sudeste Asi\u00e1tico estar entre os que registram uma das taxas mais baixas de doentes de Covid-19 por milh\u00e3o de habitantes (tr\u00eas), ter menos de 300 casos casos registrados e nenhum falecido. Pediu, no entanto, aos cidad\u00e3os que se mantenham alerta sobre a situa\u00e7\u00e3o epidemiol\u00f3gica.<\/p>\n<p>O Vietn\u00e3 tem vindo a abrandar, em grande parte do territ\u00f3rio, a aplica\u00e7\u00e3o de medidas de distanciamento f\u00edsico e outras relativas \u00e0 conten\u00e7\u00e3o da doen\u00e7a. Para a semana, est\u00e1 prevista uma nova reuni\u00e3o do executivo para tomar novas decis\u00f5es sobre a mat\u00e9ria.<\/p>\n<p>Na segunda-feira, foram reabertas as escolas de todos os n\u00edveis de ensino. Apenas nalgumas cidades e metr\u00f3poles como Han\u00f3i e Cidade de Ho Chi Minh, onde existe algum risco de cont\u00e1gio, se mantiveram fechadas as creches e as escolas prim\u00e1rias.<\/p>\n<p>O Minist\u00e9rio da Forma\u00e7\u00e3o e Educa\u00e7\u00e3o estabeleceu 15 normas que t\u00eam de ser obrigatoriamente cumpridas, de forma a evitar a propaga\u00e7\u00e3o da doen\u00e7a nos estabelecimentos de ensino \u2013 que passam, nomeadamente, pela desinfec\u00e7\u00e3o dos espa\u00e7os, o uso de m\u00e1scaras e term\u00f4metros, a instala\u00e7\u00e3o de mais lavat\u00f3rios e a coloca\u00e7\u00e3o das mesas, nas salas de aula, a uma dist\u00e2ncia maior.<\/p>\n","protected":false},"excerpt":{"rendered":"<a class=\"moretag\" href=\"https:\/\/pcb.org.br\/portal2\/25472\"> <\/a>","protected":false},"author":1,"featured_media":0,"comment_status":"closed","ping_status":"closed","sticky":false,"template":"","format":"standard","meta":{"jetpack_post_was_ever_published":false,"_jetpack_newsletter_access":"","_jetpack_dont_email_post_to_subs":false,"_jetpack_newsletter_tier_id":0,"_jetpack_memberships_contains_paywalled_content":false,"_jetpack_memberships_contains_paid_content":false,"footnotes":"","jetpack_publicize_message":"","jetpack_publicize_feature_enabled":true,"jetpack_social_post_already_shared":true,"jetpack_social_options":{"image_generator_settings":{"template":"highway","default_image_id":0,"font":"","enabled":false},"version":2}},"categories":[263],"tags":[234],"class_list":["post-25472","post","type-post","status-publish","format-standard","hentry","category-vietna","tag-6b"],"jetpack_publicize_connections":[],"jetpack_featured_media_url":"","jetpack_shortlink":"https:\/\/wp.me\/p659gw-6CQ","jetpack-related-posts":[],"jetpack_likes_enabled":true,"jetpack_sharing_enabled":true,"_links":{"self":[{"href":"https:\/\/pcb.org.br\/portal2\/wp-json\/wp\/v2\/posts\/25472","targetHints":{"allow":["GET"]}}],"collection":[{"href":"https:\/\/pcb.org.br\/portal2\/wp-json\/wp\/v2\/posts"}],"about":[{"href":"https:\/\/pcb.org.br\/portal2\/wp-json\/wp\/v2\/types\/post"}],"author":[{"embeddable":true,"href":"https:\/\/pcb.org.br\/portal2\/wp-json\/wp\/v2\/users\/1"}],"replies":[{"embeddable":true,"href":"https:\/\/pcb.org.br\/portal2\/wp-json\/wp\/v2\/comments?post=25472"}],"version-history":[{"count":0,"href":"https:\/\/pcb.org.br\/portal2\/wp-json\/wp\/v2\/posts\/25472\/revisions"}],"wp:attachment":[{"href":"https:\/\/pcb.org.br\/portal2\/wp-json\/wp\/v2\/media?parent=25472"}],"wp:term":[{"taxonomy":"category","embeddable":true,"href":"https:\/\/pcb.org.br\/portal2\/wp-json\/wp\/v2\/categories?post=25472"},{"taxonomy":"post_tag","embeddable":true,"href":"https:\/\/pcb.org.br\/portal2\/wp-json\/wp\/v2\/tags?post=25472"}],"curies":[{"name":"wp","href":"https:\/\/api.w.org\/{rel}","templated":true}]}}