{"id":25503,"date":"2020-05-10T12:36:41","date_gmt":"2020-05-10T15:36:41","guid":{"rendered":"https:\/\/pcb.org.br\/portal2\/?p=25503"},"modified":"2020-05-10T12:36:41","modified_gmt":"2020-05-10T15:36:41","slug":"contra-o-fascismo-e-a-guerra","status":"publish","type":"post","link":"https:\/\/pcb.org.br\/portal2\/25503","title":{"rendered":"Contra o fascismo e a guerra!"},"content":{"rendered":"<p><img decoding=\"async\" class=\"imagem\" title=\"imagem\" src=\"https:\/\/i0.wp.com\/lh3.googleusercontent.com\/bC6TldiUOQIS9P9VLZslPmwCvq9WTShNbVEZnVGA5uPSAQohh62xZeiMQtKxnlmInrz4-TEpwOFRNsep2VivNQUfo2K1j15BYqo7TZraxukaKEzO3NXn1LmSOb3uNFGXc_gdDSAspEHS1s2x8BgAkKAUpiDhNyf80vsHsDJ3nxj3m_b3PY_ME-r9KcXx50JayrN7TomO-5lPeLANZWx2BSAUTWy7QnqKlLE2ByZfavr1q_hTtedN3iTJjizrUVZML4_R5ZnWswC6fECTO8o2R-XAuZu37FHcOBIMsE5AUzuJ3pM_k2l04HyCr5-YpJB5qqMQ15siOAYD0joIMwf97_xqdwvYDkazI1EXcXQzj3nTlQHom_a7_LDYmlcfzrpffSVfMG-vfJp8PUvJ2ZkwkBj_xXrD2LSVtPMsjSuYMGS-al3SQPD7CHO26L9ordJJyUcL69reAyf9IIYyCJErCjMMQ7KXC3M8gVoCBd3BDU2VaaMZLRLhEfF0itTn2QdNvIiK-ZUcsToPMNBFm4N1HuXthMIALFtKnZZZVLGM380D64EdUSVhndl2NOIqr4w81DgN-YSesl-r8wqthard9XHGv5AjIeLn4b-ElPDhWU6pi8Dk0uGDz1NnApF9yTS2I7NdPHzNCMGughNP-yVzrvm0xbL88xagT7H3kO-mINQY5zhIfi5pkFgCt7s39Q3Gu4PZYuBPD2XvzwV_32AkNUGxgRF2jghoBfjZlOxEYiI19t0NM-ZOow=w459-h256-no?authuser=0\" alt=\"imagem\" \/><!--more-->75\u00ba Anivers\u00e1rio da Vit\u00f3ria sobre o nazifascismo<\/p>\n<p>Em nome da liberdade, da paz e da verdade<\/p>\n<p>\u2014 contra o fascismo e a guerra<\/p>\n<p>A vit\u00f3ria sobre o nazifascismo na Segunda Guerra Mundial constitui um acontecimento maior da Hist\u00f3ria, cuja mem\u00f3ria \u00e9 necess\u00e1rio preservar e defender face a reiteradas tentativas de falsifica\u00e7\u00e3o hist\u00f3rica que visam fazer esquecer o papel determinante que nele desempenharam a Uni\u00e3o das Rep\u00fablicas Socialistas Sovi\u00e9ticas, os comunistas e os antifascistas de todo o mundo.<\/p>\n<p>Gerado pelo capitalismo, o nazifascismo foi a express\u00e3o mais terrorista do capital monopolista. Foi respons\u00e1vel pelo desencadeamento dessa guerra de agress\u00e3o e rapina que provocou cerca de 75 milh\u00f5es de mortos, dos quais cerca de 27 milh\u00f5es de cidad\u00e3os sovi\u00e9ticos, por in\u00fameros sofrimentos e o horror dos campos de concentra\u00e7\u00e3o nazistas. Os povos n\u00e3o podem igualmente esquecer p\u00e1ginas negras como os bombardeamentos at\u00f4micos de Hiroshima e Nagasaki pelos EUA, sem qualquer justifica\u00e7\u00e3o militar, que representaram uma demonstra\u00e7\u00e3o do seu poderio e objetivos hegem\u00f4nicos no plano mundial.<\/p>\n<p>A Segunda Guerra Mundial (1939-1945) foi resultado do agravamento das contradi\u00e7\u00f5es interimperialistas e, simultaneamente, do prop\u00f3sito da destrui\u00e7\u00e3o do primeiro Estado socialista, a URSS, expresso, nomeadamente, no apoio e coniv\u00eancia do Reino Unido, Fran\u00e7a e Estados Unidos com o rearmamento e ambi\u00e7\u00e3o expansionista da Alemanha nazista.<\/p>\n<p>Comemorando o 75.\u00ba anivers\u00e1rio da Vit\u00f3ria no hist\u00f3rico dia 9 de Maio de 1945, os partidos comunistas e oper\u00e1rios abaixo-assinados, convictos que interpretam os sentimentos e anseios dos trabalhadores e dos povos de todo o mundo:<\/p>\n<p>&#8211; Prestam homenagem a todos os que entregaram a sua vida nos campos de batalha contra as hordas nazifascistas e em especial aos heroicos resistentes e combatentes antifascistas e aos heroicos povo sovi\u00e9tico e Ex\u00e9rcito Vermelho, dirigidos pelo Partido Comunista, cuja contribui\u00e7\u00e3o, escrita em p\u00e1ginas heroicas como as batalhas de Moscou, Leningrado ou Stalingrado, foi decisivo para a Vit\u00f3ria sobre a barb\u00e1rie;<\/p>\n<p>&#8211; Consideram que a Vit\u00f3ria sobre a Alemanha nazista e os seus aliados do Pacto Anti-Comintern foi alcan\u00e7ada gra\u00e7as \u00e0 a\u00e7\u00e3o decisiva da URSS, \u00e0 natureza de classe do poder sovi\u00e9tico, com a participa\u00e7\u00e3o das massas populares, ao papel dirigente do Partido Comunista, \u00e0 superioridade demonstrada pelo sistema socialista. Esta vit\u00f3ria constitui um enorme legado hist\u00f3rico do movimento revolucion\u00e1rio;<\/p>\n<p>&#8211; Valorizam os extraordin\u00e1rios avan\u00e7os no processo de emancipa\u00e7\u00e3o social e nacional dos trabalhadores e dos povos que a Vit\u00f3ria e o avan\u00e7o das for\u00e7as do progresso social e da paz possibilitaram, com o alargamento do campo dos pa\u00edses socialistas \u00e0 Europa, \u00c1sia e Am\u00e9rica Latina, as conquistas do movimento oper\u00e1rio nos pa\u00edses capitalistas, o impetuoso desenvolvimento do movimento de liberta\u00e7\u00e3o nacional e a consequente liquida\u00e7\u00e3o dos imp\u00e9rios coloniais;<\/p>\n<p>&#8211; Denunciam e condenam as campanhas que visam diminuir, deturpar e mesmo negar, o papel da URSS e dos comunistas na derrota do nazifascismo e, al\u00e9m disso, culpar injusta e falsamente a Uni\u00e3o Sovi\u00e9tica pelo in\u00edcio da Segunda Guerra Mundial, apagar as responsabilidades do grande capital e dos governos ao seu servi\u00e7o na promo\u00e7\u00e3o e ascens\u00e3o do fascismo e no desencadear da guerra, e branquear e reabilitar o fascismo, ao mesmo tempo que destroem os monumentos e a mem\u00f3ria do Ex\u00e9rcito sovi\u00e9tico libertador, promovem o anticomunismo e criminalizam os comunistas e outros antifascistas;<\/p>\n<p>&#8211; Denunciam e condenam as resolu\u00e7\u00f5es anticomunistas da UE e a tentativa de falsifica\u00e7\u00e3o hist\u00f3rica e caluniosa de equiparar o socialismo ao monstro do fascismo;<\/p>\n<p>&#8211; Alertam que o imperialismo aposta cada vez mais no fascismo e na guerra como \u201csa\u00edda\u201d para o aprofundamento da crise do sistema capitalista, cujo car\u00e1ter desumano se torna particularmente evidente quando, mesmo perante o grav\u00edssimo surto epid\u00eamico da Covid-19, o imperialismo, os EUA, a NATO, a UE e pot\u00eancias capitalistas suas aliadas, prossegue uma criminosa pol\u00edtica de bloqueios e agress\u00f5es contra pa\u00edses e povos;<\/p>\n<p>&#8211; Consideram que a luta pela paz, pelo progresso social e pelo socialismo s\u00e3o insepar\u00e1veis; e comprometem-se a contribuir para o fortalecimento da a\u00e7\u00e3o comum da classe oper\u00e1ria, dos trabalhadores e dos povos de todo o mundo, das for\u00e7as pol\u00edticas interessadas em barrar o caminho ao fascismo e na luta contra o imperialismo, as agress\u00f5es imperialistas e uma nova guerra de tr\u00e1gicas propor\u00e7\u00f5es.<\/p>\n<p>A situa\u00e7\u00e3o com que os trabalhadores e os povos do Mundo s\u00e3o confrontados sublinha a import\u00e2ncia do refor\u00e7o da luta anti-imperialista, pela soberania dos povos e a independ\u00eancia dos Estados, pelos direitos dos trabalhadores e dos povos, no caminho da supera\u00e7\u00e3o revolucion\u00e1ria do sistema capitalista, que gera o fascismo, a guerra, as injusti\u00e7as, os perigos e as contradi\u00e7\u00f5es da atualidade. Tal como h\u00e1 75 anos atr\u00e1s, \u00e9 a luta dos comunistas e de todos os que enfrentam a explora\u00e7\u00e3o e opress\u00e3o capitalista que abrir\u00e1 caminhos de futuro para a Humanidade.<\/p>\n<p>Partido Comunista da Argentina<br \/>\nPartido Comunista da Arm\u00eania<br \/>\nPartido Comunista da Austr\u00e1lia<br \/>\nPartido do Trabalho da \u00c1ustria<br \/>\nPartido Comunista do Azerbaij\u00e3o<br \/>\nPartido Comunista de Bangladesh<br \/>\nPartido Comunista da Bielorr\u00fassia<br \/>\nPartido Comunista da B\u00e9lgica<br \/>\nPartido Comunista Brasileiro<br \/>\nPartido Comunista do Brasil<br \/>\nPartido Comunista Brit\u00e2nico<br \/>\nNovo Partido Comunista Brit\u00e2nico<br \/>\nPartido Comunista do Canad\u00e1<br \/>\nPartido Comunista do Chile<br \/>\nPartido Comunista Colombiano<br \/>\nPartido Socialista dos Trabalhadores da Cro\u00e1cia<br \/>\nPartido Comunista de Cuba<br \/>\nPartido Progressista do Povo Trabalhador &#8211; AKEL<br \/>\nPartido Comunista da Bo\u00eamia e Mor\u00e1via<br \/>\nPartido Comunista na Dinamarca<br \/>\nPartido Comunista Eg\u00edpcio<br \/>\nPartido Comunista da Finl\u00e2ndia<br \/>\nPartido Comunista da Fran\u00e7a<br \/>\nPartido Comunista Unificado da Ge\u00f3rgia<br \/>\nPartido Comunista Alem\u00e3o<br \/>\nPartido Comunista da Gr\u00e9cia<br \/>\nPartido dos Trabalhadores da Hungria<br \/>\nPartido Comunista da \u00cdndia (Marxista)<br \/>\nPartido Comunista da \u00cdndia<br \/>\nTudeh Partido do Ir\u00e3<br \/>\nPartido Comunista do Iraque<br \/>\nPartido Comunista do Kurdist\u00e3o &#8211; Iraque<br \/>\nPartido Comunista da Irlanda<br \/>\nPartido dos Trabalhadores da Irlanda<br \/>\nPartido Comunista de Israel<br \/>\nPartido Comunista Italiano<br \/>\nPartido da Refunda\u00e7\u00e3o Comunista \u2013 Esquerda Europeia (It\u00e1lia)<br \/>\nMovimento Socialista do Kazaquist\u00e3o<br \/>\nPartido dos Trabalhadores da Coreia<br \/>\nPartido Socialista (Litu\u00e2nia)<br \/>\nPartido Comunista de Luxemburgo<br \/>\nPartido Comunista de Malta<br \/>\nPartido Popular Socialista &#8211; Associa\u00e7\u00e3o Pol\u00edtica Nacional (M\u00e9xico)<br \/>\nPartido Comunista do M\u00e9xico<br \/>\nNovo Partido Comunista da Holanda<br \/>\nPartido Comunista da Maced\u00f4nia<br \/>\nPartido Comunista da Noruega<br \/>\nPartido Comunista do Paquist\u00e3o<br \/>\nPartido Comunista da Palestina<br \/>\nPartido Comunista Paraguaio<br \/>\nPartido Comunista Peruano<br \/>\nPartido Comunista Filipino (PKP &#8211; 1930)<br \/>\nPartido Comunista Portugu\u00eas<br \/>\nPartido Comunista da Federa\u00e7\u00e3o Russa<br \/>\nUni\u00e3o dos Partidos Comunistas &#8211; CPSU<br \/>\nPartido Comunista dos Trabalhadores Russos<br \/>\nPartido Comunista da Uni\u00e3o Sovi\u00e9tica<br \/>\nNovo Partido Comunista da Iugosl\u00e1via<br \/>\nComunistas da S\u00e9rvia<br \/>\nPartido Comunista da Eslov\u00e1quia<br \/>\nPartido Comunista da \u00c1frica do Sul<br \/>\nPartido Comunista da Espanha<br \/>\nPartido Comunista dos Povos da Espanha<br \/>\nPartido Comunista dos Trabalhadores da Espanha<br \/>\nComunistas da Catalunha<br \/>\nPartido Comunista do Sri Lanka<br \/>\nPartido Comunista Sudan\u00eas<br \/>\nPartido Comunista da Swazil\u00e2ndia<br \/>\nPartido Comunista S\u00edrio<br \/>\nPartido Comunista S\u00edrio Unificado<br \/>\nPartido Comunista da Turquia<br \/>\nPartido Comunista da Ucr\u00e2nia<br \/>\nUni\u00e3o dos Comunistas da Ucr\u00e2nia<br \/>\nPartido Comunista dos EUA<br \/>\nPartido Comunista da Venezuela<\/p>\n<p>Outros Partidos<\/p>\n<p>Polo do Renascimento Comunista na Fran\u00e7a<br \/>\nPartido Comunista Revolucion\u00e1rio da Fran\u00e7a<br \/>\nNovo Partido Comunista de Aotearoa (Nova Zel\u00e2ndia)<br \/>\nPartido dos Comunistas (M\u00e9xico)<br \/>\nUni\u00e3o do Povo da Gal\u00edcia<br \/>\nBloco Nacionalista da Gal\u00edcia<br \/>\nPartido Comunista (Su\u00ed\u00e7a)<\/p>\n","protected":false},"excerpt":{"rendered":"<a class=\"moretag\" href=\"https:\/\/pcb.org.br\/portal2\/25503\"> <\/a>","protected":false},"author":1,"featured_media":0,"comment_status":"closed","ping_status":"closed","sticky":false,"template":"","format":"standard","meta":{"jetpack_post_was_ever_published":false,"_jetpack_newsletter_access":"","_jetpack_dont_email_post_to_subs":false,"_jetpack_newsletter_tier_id":0,"_jetpack_memberships_contains_paywalled_content":false,"_jetpack_memberships_contains_paid_content":false,"footnotes":"","jetpack_publicize_message":"","jetpack_publicize_feature_enabled":true,"jetpack_social_post_already_shared":true,"jetpack_social_options":{"image_generator_settings":{"template":"highway","default_image_id":0,"font":"","enabled":false},"version":2}},"categories":[74,36,240],"tags":[219],"class_list":["post-25503","post","type-post","status-publish","format-standard","hentry","category-c87-revolucao-russa","category-c41-unidade-comunista","category-urss","tag-manchete"],"jetpack_publicize_connections":[],"jetpack_featured_media_url":"","jetpack_shortlink":"https:\/\/wp.me\/p659gw-6Dl","jetpack-related-posts":[],"jetpack_likes_enabled":true,"jetpack_sharing_enabled":true,"_links":{"self":[{"href":"https:\/\/pcb.org.br\/portal2\/wp-json\/wp\/v2\/posts\/25503","targetHints":{"allow":["GET"]}}],"collection":[{"href":"https:\/\/pcb.org.br\/portal2\/wp-json\/wp\/v2\/posts"}],"about":[{"href":"https:\/\/pcb.org.br\/portal2\/wp-json\/wp\/v2\/types\/post"}],"author":[{"embeddable":true,"href":"https:\/\/pcb.org.br\/portal2\/wp-json\/wp\/v2\/users\/1"}],"replies":[{"embeddable":true,"href":"https:\/\/pcb.org.br\/portal2\/wp-json\/wp\/v2\/comments?post=25503"}],"version-history":[{"count":0,"href":"https:\/\/pcb.org.br\/portal2\/wp-json\/wp\/v2\/posts\/25503\/revisions"}],"wp:attachment":[{"href":"https:\/\/pcb.org.br\/portal2\/wp-json\/wp\/v2\/media?parent=25503"}],"wp:term":[{"taxonomy":"category","embeddable":true,"href":"https:\/\/pcb.org.br\/portal2\/wp-json\/wp\/v2\/categories?post=25503"},{"taxonomy":"post_tag","embeddable":true,"href":"https:\/\/pcb.org.br\/portal2\/wp-json\/wp\/v2\/tags?post=25503"}],"curies":[{"name":"wp","href":"https:\/\/api.w.org\/{rel}","templated":true}]}}