{"id":25526,"date":"2020-05-15T00:31:06","date_gmt":"2020-05-15T03:31:06","guid":{"rendered":"https:\/\/pcb.org.br\/portal2\/?p=25526"},"modified":"2020-05-15T00:31:06","modified_gmt":"2020-05-15T03:31:06","slug":"nao-as-demissoes-na-usiminas","status":"publish","type":"post","link":"https:\/\/pcb.org.br\/portal2\/25526","title":{"rendered":"N\u00e3o \u00e0s demiss\u00f5es na Usiminas!"},"content":{"rendered":"<p><img decoding=\"async\" class=\"imagem\" title=\"imagem\" src=\"https:\/\/i0.wp.com\/lh3.googleusercontent.com\/o7XpIZLZabHWixp-TuTtLrVwws7e_a44XFR2eI40hXPbQyXy07Qabx4AvoHVyRRCN0PoK6zIERcdEnFDFdNThpItoMF9Xv7f5QdQimFBuj46vERCFpGB3z3DhjCGgzlkJvrvyaR9V8fiM1OLrltB71YEAmtwnS_RFbCaR1Fnkxq2t1IkDqNrKYRvrPhE4c7JJ-a78V6DcRBNK1HOvyJwhunI9bLct31SNmVn7PrEUyf_fkRnAONyMhucTOm5hqOWY5Xfo4-b63K8yUuUoJG43izwkfsAYY3C-R0DrRJPruKOSrQ81jZIVLAbEIAMTxzADyYzsmsab71ZscOLHyKUGlx6dlKc4rZ5eq3PuxzOeDaY-kPXef4QWoHuxVuZMEkcKSZDS74LEIanjNRXimaMBAaR7Td6f19IKcKeYHpUSklWAWaC0_RRmfHUILk-GpyVdJfZgMf5AR-KYKWWQ6HY7_12tDXwX96SkuwLBMtKyi24NgNcPX7xkLY1FE21o6J-3SpHu4bWy6UH8i6_m9MElLtIhOmYqqZB-N5YDQED9Gs4mWJmRy1o9FTvjpcnHgBt-uMSRB_NNptqbp5vMrNFSDBEk3NXoz6AW211YTze0iapl-cAXt42hR1R3l5sxtduDIlGJFjelKJX9NCJ91ElBP7jzPGWcKxXAJk0x72bLMna9gLdnbKSfvlH_FqrR5ENRWEfK8n_p6MQ9NdVvf0vV3f7kZRJs0FW32bJncecmeBj_QkfqhD0Lg=w937-h638-no?authuser=0\" alt=\"imagem\" \/><!--more-->Unidade Classista de Santos (SP)<\/p>\n<p>USIMINAS ANUNCIA DEMISS\u00c3O EM MASSA<\/p>\n<p>Lucro acima de tudo, mesmo que morram mais pessoas: este \u00e9 o princ\u00edpio que norteia o capitalismo representado nos grupos propriet\u00e1rios das grandes empresas e bancos.<\/p>\n<p>Isto explica a decis\u00e3o dos donos da Usiminas que, deixando escancarada a face mais real e cruel do capitalismo na explora\u00e7\u00e3o dos trabalhadores, anuncia a demiss\u00e3o de cerca de 900 oper\u00e1rios em Cubat\u00e3o, e a redu\u00e7\u00e3o salarial dos 500 que ficarem. Esta \u00e9 a vis\u00e3o dos propriet\u00e1rios da Usiminas, que de forma unilateral decidiram interromper o processo de negocia\u00e7\u00e3o junto aos trabalhadores organizados no Sindicato dos Metal\u00fargicos da Baixada Santista.<\/p>\n<p>Diante do atual quadro de pandemia de Covid-19, o sindicato iniciou um desgastante processo de negocia\u00e7\u00e3o com a empresa, buscando construir um acordo para preservar a vida e os empregos dos \u00fanicos respons\u00e1veis pela produ\u00e7\u00e3o e cria\u00e7\u00e3o de valor &#8211; os trabalhadores.<\/p>\n<p>Mas o que significa aos propriet\u00e1rios da Usiminas ser trabalhador e estar muito mais vulner\u00e1vel \u00e0 epidemia e seus impactos sociais, em compara\u00e7\u00e3o aos lucros exorbitantes que mant\u00e9m suas vidas f\u00e1ceis de parasitas?<\/p>\n<p>Nada.<\/p>\n<p>Pelas a\u00e7\u00f5es se julga algu\u00e9m, e n\u00e3o pelo que este diz de si mesmo, diz a sabedoria da classe trabalhadora. Pelo que demonstra mais uma vez, a BURGUESIA, protegida nos pal\u00e1cios e mans\u00f5es, n\u00e3o se incomoda em ver a morte dos trabalhadores e suas fam\u00edlias ou destes ficarem em condi\u00e7\u00f5es de mis\u00e9ria. Isso \u00e9 vis\u00edvel nos bilh\u00f5es de reais destinados pelo governo ao salvamento de bancos e grandes empresas, na l\u00f3gica burguesa de acumula\u00e7\u00e3o privada dos lucros e socializa\u00e7\u00e3o dos preju\u00edzos.<\/p>\n<p>Somos da classe trabalhadora, e novamente os fatos e a hist\u00f3ria mostram que podemos contar somente com n\u00f3s mesmos, e s\u00f3 na luta organizada junto com nossos iguais \u00e9 que podemos mudar a vida. N\u00e3o h\u00e1 porque esperar que venha algo de bom do outro lado.<\/p>\n<p>A Unidade Classista repudia a decis\u00e3o burguesa dos propriet\u00e1rios da Usiminas, se solidariza com os trabalhadores e trabalhadoras metal\u00fargicos e conclama a estes que unam-se junto ao seu instrumento de luta sindical, para a necess\u00e1ria organiza\u00e7\u00e3o e enfrentamento desta medida da empresa que agrava ainda mais a crise humanit\u00e1ria que estamos vivendo.<\/p>\n<p>&#8211; NEM UM EMPREGO A MENOS!<br \/>\n&#8211; NEM UMA VIDA TRABALHADORA A MENOS!<br \/>\n&#8211; FORA BOLSONARO E MOUR\u00c3O!<\/p>\n<p>UNIDADE CLASSISTA, FUTURO SOCIALISTA!<\/p>\n<p>Unidade Classista &#8211; Comit\u00ea de Santos Laudelina de Campos Melo<\/p>\n<p>Unidade Classista &#8211; Comit\u00ea Litoral<\/p>\n<p>#sdv #politica #politicasantos #politicabaixadasantista #pcb #partidao #partidocomunista #comunismo #socialismo #poderpopular #Marxismo #Leninismo #santoscity #santos013 #cidadedesantos #politica #politicabrasileira #santossp #sindicato #esquerda<br \/>\n#unidadeclassistadesantos<br \/>\n#comitelaudelinadecamposmelo<br \/>\n#futurosocialista<\/p>\n<p>USIMINAS ANUNCIA DEMISS\u00d5ES EM MASSA. SINDICATO APURA QUE AT\u00c9 900 PODEM SER DISPENSADOS E LEVA O CASO AO MINIST\u00c9RIO P\u00daBLICO E OIT<\/p>\n<p>Frente Sindical Classista<\/p>\n<p>A dire\u00e7\u00e3o da Usiminas comunicou, ontem (13), que iniciaria a partir desta quinta-feira (14) demiss\u00f5es em massa em sua unidade em Cubat\u00e3o (SP). Segundo informa\u00e7\u00f5es preliminares e n\u00e3o oficiais apuradas pelo Sindicato dos Metal\u00fargicos da Baixada Santista, a dispensa pode atingir entre 40 e 60% do efetivo pr\u00f3prio &#8211; cerca de 900 trabalhadores. At\u00e9 o fechamento deste texto nenhuma dispensa havia sido efetivada.<\/p>\n<p>Anunciada unilateralmente e \u00e0 revelia dos trabalhadores e Sindicato, a medida anunciada \u00e9 mais um exemplo da forma como as grandes empresas vem atuando durante a pandemia da Covid-19: em vez de se preservar as vidas, o lucro. S\u00f3 no ano passado a sider\u00fargica apresentou faturamento de R$ 14,94 bilh\u00f5es.<\/p>\n<p>Conforme denunciado em v\u00eddeo publicado pelo Sindicato, a decis\u00e3o joga no lixo o longo e desgastante processo de negocia\u00e7\u00e3o entre a entidade sindical e Usiminas para se chegar a um acordo sobre as medidas poss\u00edveis para minimizar os impactos da pandemia sobre a empresa e seus trabalhadores.<\/p>\n<p>ASSISTA AQUI AO V\u00cdDEO DO SINDICATO:<br \/>\n<span class=\"embed-youtube\" style=\"text-align:center; display: block;\"><iframe loading=\"lazy\" class=\"youtube-player\" width=\"747\" height=\"421\" src=\"https:\/\/www.youtube.com\/embed\/NJ-E3iZvMPo?version=3&#038;rel=1&#038;showsearch=0&#038;showinfo=1&#038;iv_load_policy=1&#038;fs=1&#038;hl=pt-BR&#038;autohide=2&#038;wmode=transparent\" allowfullscreen=\"true\" style=\"border:0;\" sandbox=\"allow-scripts allow-same-origin allow-popups allow-presentation allow-popups-to-escape-sandbox\"><\/iframe><\/span><\/p>\n<p>Mesmo diante de propostas como redu\u00e7\u00e3o salarial e redu\u00e7\u00e3o de jornada, os dirigentes sindicais mantiveram a abertura ao di\u00e1logo, buscando construir um acordo justo. O an\u00fancio das demiss\u00f5es em massa rompe esta negocia\u00e7\u00e3o. Neste sentido, o Sindicato j\u00e1 informou que n\u00e3o assinar\u00e1 nenhum acordo com a empresa.<\/p>\n<p>O Sindicato dos Metal\u00fargicos est\u00e1 denunciando a conduta patronal ao Minist\u00e9rio P\u00fablico e tamb\u00e9m \u00e0 Organiza\u00e7\u00e3o Internacional do Trabalho (OIT). De uma s\u00f3 vez, a Usiminas desrespeita a representa\u00e7\u00e3o sindical e joga 900 fam\u00edlias \u00e0 pr\u00f3pria sorte em meio \u00e0 uma crise humanit\u00e1ria e sanit\u00e1ria sem precedentes. \u00c9 absurdo!<\/p>\n<p>A Frente Sindical Classista da Baixada Santista repudia a medida anunciada pela Usiminas e se solidariza com a luta das trabalhadoras e trabalhadores metal\u00fargicos. Num momento em que as mortes e os impactos sociais da Covid-19 vitimam majoritariamente os trabalhadores e os mais pobres, a uni\u00e3o e a solidariedade daqueles que produzem a riqueza do pa\u00eds \u00e9 uma quest\u00e3o de sobreviv\u00eancia.<\/p>\n<p>Salvar vidas, n\u00e3o o lucro!<\/p>\n","protected":false},"excerpt":{"rendered":"<a class=\"moretag\" href=\"https:\/\/pcb.org.br\/portal2\/25526\"> <\/a>","protected":false},"author":1,"featured_media":0,"comment_status":"closed","ping_status":"closed","sticky":false,"template":"","format":"standard","meta":{"jetpack_post_was_ever_published":false,"_jetpack_newsletter_access":"","_jetpack_dont_email_post_to_subs":false,"_jetpack_newsletter_tier_id":0,"_jetpack_memberships_contains_paywalled_content":false,"_jetpack_memberships_contains_paid_content":false,"footnotes":"","jetpack_publicize_message":"","jetpack_publicize_feature_enabled":true,"jetpack_social_post_already_shared":true,"jetpack_social_options":{"image_generator_settings":{"template":"highway","default_image_id":0,"font":"","enabled":false},"version":2}},"categories":[31],"tags":[226],"class_list":["post-25526","post","type-post","status-publish","format-standard","hentry","category-c31-unidade-classista","tag-4b"],"jetpack_publicize_connections":[],"jetpack_featured_media_url":"","jetpack_shortlink":"https:\/\/wp.me\/p659gw-6DI","jetpack-related-posts":[],"jetpack_likes_enabled":true,"jetpack_sharing_enabled":true,"_links":{"self":[{"href":"https:\/\/pcb.org.br\/portal2\/wp-json\/wp\/v2\/posts\/25526","targetHints":{"allow":["GET"]}}],"collection":[{"href":"https:\/\/pcb.org.br\/portal2\/wp-json\/wp\/v2\/posts"}],"about":[{"href":"https:\/\/pcb.org.br\/portal2\/wp-json\/wp\/v2\/types\/post"}],"author":[{"embeddable":true,"href":"https:\/\/pcb.org.br\/portal2\/wp-json\/wp\/v2\/users\/1"}],"replies":[{"embeddable":true,"href":"https:\/\/pcb.org.br\/portal2\/wp-json\/wp\/v2\/comments?post=25526"}],"version-history":[{"count":0,"href":"https:\/\/pcb.org.br\/portal2\/wp-json\/wp\/v2\/posts\/25526\/revisions"}],"wp:attachment":[{"href":"https:\/\/pcb.org.br\/portal2\/wp-json\/wp\/v2\/media?parent=25526"}],"wp:term":[{"taxonomy":"category","embeddable":true,"href":"https:\/\/pcb.org.br\/portal2\/wp-json\/wp\/v2\/categories?post=25526"},{"taxonomy":"post_tag","embeddable":true,"href":"https:\/\/pcb.org.br\/portal2\/wp-json\/wp\/v2\/tags?post=25526"}],"curies":[{"name":"wp","href":"https:\/\/api.w.org\/{rel}","templated":true}]}}