{"id":2558,"date":"2012-03-18T23:23:05","date_gmt":"2012-03-18T23:23:05","guid":{"rendered":"http:\/\/pcb.org.br\/portal2\/?p=2558"},"modified":"2012-03-18T23:23:05","modified_gmt":"2012-03-18T23:23:05","slug":"forca-nacional-de-seguranca-e-enviada-para-reprimir-a-greve-dos-trabalhadores-de-jirau","status":"publish","type":"post","link":"https:\/\/pcb.org.br\/portal2\/2558","title":{"rendered":"For\u00e7a Nacional de Seguran\u00e7a \u00e9 enviada para reprimir a greve dos trabalhadores de Jirau"},"content":{"rendered":"\n<p>Ap\u00f3s o in\u00edcio da greve dos trabalhadores da empreiteira Enesa e a ades\u00e3o de oper\u00e1rios de outras empreiteiras que prestam servi\u00e7os no canteiro de obras, o policiamento \u00e9 refor\u00e7ado com o envio, para o local, da For\u00e7a Nacional de Seguran\u00e7a para reprimir e intimidar a mobiliza\u00e7\u00e3o dos trabalhadores, revelando a ditadura que existe contra os trabalhadores.<\/p>\n<p>A greve dos trabalhadores da constru\u00e7\u00e3o civil no canteiro de obras da usina hidrel\u00e9trica de Jirau est\u00e1 sendo tomado pelas for\u00e7as de repress\u00e3o.<\/p>\n<p>As for\u00e7as policiais da regi\u00e3o foram mobilizadas para o canteiro de obras e foi autorizado pelo governo federal o envio de mais homens da For\u00e7a Nacional de Seguran\u00e7a.<\/p>\n<p>Devido \u00e0 situa\u00e7\u00e3o prec\u00e1ria dos trabalhadores, suas condi\u00e7\u00f5es de trabalho e repress\u00e3o das empresas de seguran\u00e7a e da pol\u00edcia de Rond\u00f4nia, as empreiteiras e os governos temem uma nova situa\u00e7\u00e3o de confronto como o ocorrido em mar\u00e7o de 2011.<\/p>\n<p><strong>Repress\u00e3o para garantir a explora\u00e7\u00e3o<\/strong><\/p>\n<p>Os trabalhadores do canteiro de obras est\u00e3o vivendo sob uma intensa explora\u00e7\u00e3o e em p\u00e9ssimas condi\u00e7\u00f5es de trabalho e de alojamento. \u201cA estrutura do alojamento n\u00e3o d\u00e1 conta da quantidade de oper\u00e1rios. Falta desde banheiro at\u00e9 \u00e1rea de lazer, algo muito grave se levarmos em conta que os trabalhadores est\u00e3o em uma \u00e1rea remota dentro da floresta amaz\u00f4nica\u201d, comentou Cl\u00e1udio Gomes, presidente da Confedera\u00e7\u00e3o dos Trabalhadores na Ind\u00fastria da Constru\u00e7\u00e3o e Madeira (Conticom).<\/p>\n<p>Na usina de Jirau s\u00e3o quase 25 mil trabalhadores compartilhando alojamentos, denunciando surtos de viroses, jornada excessiva de trabalho e outras m\u00e1s condi\u00e7\u00f5es que a magnitude e a pressa em acabar a obra ocasionaram.<\/p>\n<p>As den\u00fancias dos trabalhadores s\u00e3o in\u00fameras, pois a constru\u00e7\u00e3o da hidrel\u00e9trica foi palco de centenas de flagrantes de descumprimentos da legisla\u00e7\u00e3o trabalhista.\u00a0 Houve registro de trabalho escravo, onde um grupo de 38 trabalhadores migrantes foi libertado em setembro de 2009 pela Superintend\u00eancia Regional do Trabalho e Emprego \u2013 Rond\u00f4nia (SRTE\/RO) e pelo Minist\u00e9rio P\u00fablico do Trabalho (MPT). As v\u00edtimas estavam trabalhando para a Construtora BS, que presta servi\u00e7o ao cons\u00f3rcio.<\/p>\n<p>Em apenas dois anos de constru\u00e7\u00e3o foram encaminhados 330 autos de infra\u00e7\u00e3o (cada auto se refere a uma irregularidade) registrados contra empresas ligadas \u00e0 obra de Jirau.\u00a0 Na mesma procuradoria, est\u00e3o ativos 55 procedimentos para apurar irregularidades trabalhistas nos canteiros da usina. H\u00e1 den\u00fancias de mortes por acidente nas obras que foram abafadas pelo cons\u00f3rcio.<\/p>\n<p>Devido a essa situa\u00e7\u00e3o as empreiteiras sabem que uma nova mobiliza\u00e7\u00e3o de trabalhadores tende a se espalhar e radicalizar rapidamente no canteiro de obras e outros grandes empreendimentos do PAC.<\/p>\n<p>Para evitar essa situa\u00e7\u00e3o o governo federal e as empreiteiras colocam os trabalhadores sob intenso ass\u00e9dio e repress\u00e3o para evitar novas mobiliza\u00e7\u00f5es.<\/p>\n<p>\u00c9 mais um exemplo da ditadura imposta pela burguesia contra os trabalhadores que n\u00e3o podem mais se manifestar ou lutar pela garantia de seus direitos.<\/p>\n<p>http:\/\/www.pco.org.br\/con35420<\/p>\n","protected":false},"excerpt":{"rendered":"\n\n\nCr\u00e9dito: wikimedia.org\n\n\n\n\n\n\n\n\n<a class=\"moretag\" href=\"https:\/\/pcb.org.br\/portal2\/2558\"> <\/a>","protected":false},"author":1,"featured_media":0,"comment_status":"open","ping_status":"open","sticky":false,"template":"","format":"standard","meta":{"jetpack_post_was_ever_published":false,"_jetpack_newsletter_access":"","_jetpack_dont_email_post_to_subs":false,"_jetpack_newsletter_tier_id":0,"_jetpack_memberships_contains_paywalled_content":false,"_jetpack_memberships_contains_paid_content":false,"footnotes":"","jetpack_publicize_message":"","jetpack_publicize_feature_enabled":true,"jetpack_social_post_already_shared":false,"jetpack_social_options":{"image_generator_settings":{"template":"highway","default_image_id":0,"font":"","enabled":false},"version":2}},"categories":[88],"tags":[],"class_list":["post-2558","post","type-post","status-publish","format-standard","hentry","category-c101-criminalizacao"],"jetpack_publicize_connections":[],"jetpack_featured_media_url":"","jetpack_shortlink":"https:\/\/wp.me\/p659gw-Fg","jetpack-related-posts":[],"jetpack_likes_enabled":true,"jetpack_sharing_enabled":true,"_links":{"self":[{"href":"https:\/\/pcb.org.br\/portal2\/wp-json\/wp\/v2\/posts\/2558","targetHints":{"allow":["GET"]}}],"collection":[{"href":"https:\/\/pcb.org.br\/portal2\/wp-json\/wp\/v2\/posts"}],"about":[{"href":"https:\/\/pcb.org.br\/portal2\/wp-json\/wp\/v2\/types\/post"}],"author":[{"embeddable":true,"href":"https:\/\/pcb.org.br\/portal2\/wp-json\/wp\/v2\/users\/1"}],"replies":[{"embeddable":true,"href":"https:\/\/pcb.org.br\/portal2\/wp-json\/wp\/v2\/comments?post=2558"}],"version-history":[{"count":0,"href":"https:\/\/pcb.org.br\/portal2\/wp-json\/wp\/v2\/posts\/2558\/revisions"}],"wp:attachment":[{"href":"https:\/\/pcb.org.br\/portal2\/wp-json\/wp\/v2\/media?parent=2558"}],"wp:term":[{"taxonomy":"category","embeddable":true,"href":"https:\/\/pcb.org.br\/portal2\/wp-json\/wp\/v2\/categories?post=2558"},{"taxonomy":"post_tag","embeddable":true,"href":"https:\/\/pcb.org.br\/portal2\/wp-json\/wp\/v2\/tags?post=2558"}],"curies":[{"name":"wp","href":"https:\/\/api.w.org\/{rel}","templated":true}]}}