{"id":25611,"date":"2020-05-30T00:11:35","date_gmt":"2020-05-30T03:11:35","guid":{"rendered":"https:\/\/pcb.org.br\/portal2\/?p=25611"},"modified":"2020-05-31T12:40:34","modified_gmt":"2020-05-31T15:40:34","slug":"quando-o-silencio-absolve-o-terrorismo","status":"publish","type":"post","link":"https:\/\/pcb.org.br\/portal2\/25611","title":{"rendered":"Quando o sil\u00eancio absolve o terrorismo"},"content":{"rendered":"<p><img decoding=\"async\" class=\"imagem\" title=\"imagem\" src=\"https:\/\/i0.wp.com\/www.abrilabril.pt\/sites\/default\/files\/styles\/node_aberto_vp768\/public\/assets\/img\/9085.jpg\" alt=\"imagem\" \/><!--more-->Encontro do Ministro dos Neg\u00f3cios Estrangeiros portugu\u00eas, Augusto Santos Silva, e do Secret\u00e1rio de Estado norte-americano Michael Pompeo, em Washington, Junho de 2018. Cr\u00e9ditos \/ US Department of State<\/p>\n<p>Jos\u00e9 Goul\u00e3o<\/p>\n<p>ABRIL ABRIL<\/p>\n<p>A esperan\u00e7a \u00e9 a \u00faltima a morrer, dizem. Da\u00ed que o mundo e, por iner\u00eancia, os portugueses continuem a aguardar que a Uni\u00e3o Europeia e o governo da Rep\u00fablica Portuguesa se pronunciem sobre a tentativa de invas\u00e3o da Venezuela patrocinada pelo \u00abpresidente interino\u00bb que reconhecem, Juan Guaid\u00f3, e cujo \u00abobjetivo principal\u00bb, confessado contratualmente, era o de capturar, enviar para os Estados Unidos ou assassinar o presidente leg\u00edtimo, Nicol\u00e1s Maduro.<\/p>\n<p>Sabemos que a Uni\u00e3o Europeia, depois do per\u00edodo de compungido recolhimento a que se submeteu enquanto os estados-membros combatiam a peste para defender os seus cidad\u00e3os, n\u00e3o tem agora m\u00e3os a medir preparando o \u00abnovo normal p\u00f3s-COVID-19\u00bb: oleados canais de transfer\u00eancia de dinheiro dos contribuintes para as contas das grandes empresas e os refor\u00e7ados sacrif\u00edcios austerit\u00e1rios a que os cidad\u00e3os ser\u00e3o condenados para reerguer a economia carcomida pelo v\u00edrus.<\/p>\n<p>Igualmente se compreende que o governo de Portugal, desdobrando-se entre \u00abemerg\u00eancias\u00bb e \u00abcalamidades p\u00fablicas\u00bb, a marca\u00e7\u00e3o de lugares nas praias como quem organiza uma grande parada militar ou as listas de recomenda\u00e7\u00f5es aos cidad\u00e3os, como a de pousarem as m\u00e3os no colo enquanto viajam em transportes p\u00fablicos, pouco tempo tenha de sobra para se ocupar do que se passa l\u00e1 longe \u2013 onde ali\u00e1s vivem mais de um milh\u00e3o de portugueses e luso-descendentes.<\/p>\n<p>Mesmo assim, verificando-se que, a prop\u00f3sito da tentativa de invas\u00e3o, est\u00e3o em causa temas t\u00e3o presentes nos discursos oficiais como o direito internacional, a soberania das na\u00e7\u00f5es, o terrorismo e os direitos humanos, os acontecimentos parecem dignos de uma curta mensagem, um soundbite do ministro Santos Silva, que seja.<\/p>\n<p>At\u00e9 agora, por\u00e9m, apenas o sil\u00eancio. Tal como sucedeu em rela\u00e7\u00e3o ao golpe fascista na Bol\u00edvia, que derrubou um governo em La Paz t\u00e3o leg\u00edtimo como o de Caracas. Um sil\u00eancio sonso, que n\u00e3o levanta ondas, n\u00e3o suscita desdobramentos na comunica\u00e7\u00e3o social suscept\u00edveis de alertar ouvidos porventura menos anestesiados. Um sil\u00eancio que pode ser covarde, c\u00famplice e podre, mas \u00e9 c\u00f4modo.<\/p>\n<p>Ordem para matar<br \/>\nNo passado 3 de maio, tal como em novembro, abril, fevereiro e janeiro de 2019, agosto de 2017 e outras datas que n\u00e3o vale a pena enfileirar, pois levavam-nos pelo menos at\u00e9 2002, um bando de mercen\u00e1rios armados contratados por uma \u00abempresa de seguran\u00e7a\u00bb norte-americana designada Silvercorp, propriedade de um ex-membro das for\u00e7as especiais dos Estados Unidos da Am\u00e9rica, tentou desembarcar na Venezuela. Um contrato entretanto divulgado por alguns meios de comunica\u00e7\u00e3o social, entre eles o insuspeito Washington Post \u2013 e cuja autenticidade foi confirmada por um dos homens de m\u00e3o de Guaid\u00f3 \u2013 revelou o \u00abobjetivo principal\u00bb da miss\u00e3o: derrubar, prender, enviar para os Estados Unidos ou matar o presidente leg\u00edtimo da Venezuela, Nicol\u00e1s Maduro.<\/p>\n<p>A comunica\u00e7\u00e3o social corporativa e os rob\u00f4s de v\u00e1rios tipos \u2013 digitais e humanos \u2013 nas redes sociais tentam desacreditar e at\u00e9 ridicularizar a opera\u00e7\u00e3o alegando que dezenas de mercen\u00e1rios infiltrados n\u00e3o teriam capacidade para atingir os prop\u00f3sitos pretendidos. E que o contrato seria \u00abfake\u00bb.<\/p>\n<p>Tais interpreta\u00e7\u00f5es ignoram que o desembarque partia do pressuposto, tal como em ocasi\u00f5es anteriores, de que haveria rebeli\u00f5es nas for\u00e7as armadas e de seguran\u00e7a venezuelanas encorajadas por uma correspondente e simult\u00e2nea enxurrada de mensagens e dados sobre os supostos \u00eaxitos da invas\u00e3o.<\/p>\n<p>Basta recuar um ano para encontrar um exemplo destas pr\u00e1ticas. Em 30 de abril de 2019, o \u00abinterino Guaid\u00f3\u00bb e o seu parceiro fascista Leopoldo L\u00f3pez, depois acoitado na Embaixada de Espanha em Caracas, puseram a correr pelo mundo, atrav\u00e9s de \u00f3rg\u00e3os de comunica\u00e7\u00e3o corporativos e das redes sociais, que se encontravam no interior de uma base militar sediciosa, a qual, juntamente com outras na mesma situa\u00e7\u00e3o, tinham iniciado um levantamento para \u00ablibertar a Venezuela\u00bb. Afinal, Guaid\u00f3 e L\u00f3pez estavam no exterior da base; e, no interior, meia d\u00fazia de efetivos insurretos tinham sido facilmente dominados pela guarni\u00e7\u00e3o \u2013 por sinal alguns deles integraram agora o contingente que tentou o desembarque no in\u00edcio de Maio.<\/p>\n<p>Tanto o contrato como as confiss\u00f5es dos mercen\u00e1rios capturados, entre eles dois cidad\u00e3os norte-americanos ex-membros de for\u00e7as especiais, conduzem, sem qualquer d\u00favida, ao envolvimento da administra\u00e7\u00e3o Trump nesta opera\u00e7\u00e3o, embora num quadro que lhe permitisse negar responsabilidades em caso de fracasso \u2013 o que n\u00e3o tardou a ser registrado. H\u00e1 muito tempo, sobretudo a partir do in\u00edcio deste s\u00e9culo, que os Estados Unidos e as institui\u00e7\u00f5es imperiais em geral \u00abterceirizam\u00bb guerras e opera\u00e7\u00f5es terroristas, incluindo pr\u00e1ticas de tortura, para empresas de seguran\u00e7a, os famosos \u00abcontractors\u00bb, e grupos que podem assumir muitas e variadas chancelas, incluindo as de \u00abAl-Qaeda\u00bb ou \u00abEstado Isl\u00e2mico\u00bb.<\/p>\n<p>Juan Guaid\u00f3, obviamente, tamb\u00e9m negou a participa\u00e7\u00e3o no fracasso terrorista. No entanto, o seu nome e assinatura brilham no contrato com a Silvercorp, mais os de alguns dos seus habituais agentes \u2013 um dos quais, JJ Rend\u00f3n, confirmou a autenticidade do documento. Na defini\u00e7\u00e3o da estrutura operacional que pode ser consultada no contrato o nome de Juan Gerardo Guaid\u00f3 surge no cargo de \u00abcomandante em chefe\u00bb.<\/p>\n<p>As recent\u00edssimas \u00abdemiss\u00f5es\u00bb apresentadas a Guaid\u00f3 por outros signat\u00e1rios, Rend\u00f3n e Sergio Vergara, seu \u00abcomiss\u00e1rio presidencial\u00bb, correspondem ao fracasso da opera\u00e7\u00e3o e a uma tentativa desesperada e desajeitada de \u00ablimpar\u00bb a imagem do \u00abinterino\u00bb, tentando ilib\u00e1-lo da conspira\u00e7\u00e3o.<\/p>\n<p>Os depoimentos dos mercen\u00e1rios capturados pelas for\u00e7as de defesa venezuelanas revelaram, entretanto, que a escolha da Silvercorp para realizar o servi\u00e7o n\u00e3o foi feita por atribui\u00e7\u00e3o direta. O terrorismo funcionou em termos de mercado; dever\u00e1 dizer-se que houve um \u00abconcurso\u00bb em que, pelo menos, participou tamb\u00e9m a Academi, outrora designada Blackwater, t\u00e3o famosa pelos seus crimes e chacinas no Iraque que teve de mudar de nome para continuar a merecer a confian\u00e7a do Pent\u00e1gono. Se d\u00favidas houvesse ainda, aqui est\u00e1, preto no branco, uma marca registrada do envolvimento pol\u00edtico-militar norte-americano na opera\u00e7\u00e3o.<\/p>\n<p>A Silvercorp fez a proposta mais vantajosa: um pre\u00e7o mais baixo, 212 milh\u00f5es de d\u00f3lares, para uma atividade de 495 dias, durante os quais deveria contribuir para o derrube de Maduro, a instaura\u00e7\u00e3o de um regime fascista capitaneado por Juan Guaid\u00f3 e a elimina\u00e7\u00e3o das \u00abfor\u00e7as hostis\u00bb. E assim chegaria ao poder em Caracas, transitando de \u00abpresidente interino\u00bb para ditador, o homem que, segundo o ministro Santos Silva, nos tempos em que ainda falava sobre os acontecimentos na Venezuela, garante o caminho para a realiza\u00e7\u00e3o de elei\u00e7\u00f5es democr\u00e1ticas e a normaliza\u00e7\u00e3o da democracia no pa\u00eds.<\/p>\n<p>Cumplicidade \u00e0 vista<br \/>\nO que temos ent\u00e3o, chegados at\u00e9 aqui?<\/p>\n<p>Mais uma tentativa de golpe na Venezuela conduzida por Juan Guaid\u00f3, o presidente \u00abinterino\u00bb reconhecido pela maioria dos pa\u00edses da Uni\u00e3o Europeia, entre os quais Portugal, com apoio da administra\u00e7\u00e3o Trump atrav\u00e9s de uma empresa que vende opera\u00e7\u00f5es terroristas.<\/p>\n<p>Uma confiss\u00e3o de tentativa premeditada de assassinato do presidente Nicol\u00e1s Maduro e de outros dirigentes do Estado venezuelano feita por Juan Guaid\u00f3 atrav\u00e9s de um contrato arrematado em Outubro de 2019 para concretizar a \u00abmudan\u00e7a de regime\u00bb em Caracas, a instaura\u00e7\u00e3o do fascismo no pa\u00eds e a elimina\u00e7\u00e3o dos advers\u00e1rios pol\u00edticos.<\/p>\n<p>Uma opera\u00e7\u00e3o armada contra um Estado soberano, neste caso a Venezuela, tentando mesmo tirar proveito das condi\u00e7\u00f5es excepcionais criadas pela necessidade de mobilizar todo o aparelho civil e militar para proteger as popula\u00e7\u00f5es da pandemia do novo coronav\u00edrus.<\/p>\n<p>Perante esta cadeia de acontecimentos, inequivocamente terroristas e fascistas, contra a democracia, o direito internacional, os direitos humanos, a Uni\u00e3o Europeia e o Governo de Portugal permanecem em sil\u00eancio passadas tr\u00eas semanas. Uma atitude que desrespeita grosseiramente a Constitui\u00e7\u00e3o da Rep\u00fablica Portuguesa.<\/p>\n<p>Atrav\u00e9s do sil\u00eancio, Bruxelas e Lisboa seguem atreladas aos comportamentos criminosos, mafiosos e irrespons\u00e1veis de um indiv\u00edduo cada vez mais desacreditado e que apenas sobrevive no ativo como \u00abinterino\u00bb por ser uma marionete privada de figuras como Trump, Pompeo e o senador fascista Marco Rubio. Grande parte dos ac\u00f3litos e de grupos pol\u00edticos que lhe eram afins j\u00e1 desertaram \u2013 alguns dialogam com o governo dentro da ordem constitucional. A sua \u00abpopularidade\u00bb medida em sondagens anda pelos dez por cento.<\/p>\n<p>Podemos ir um pouco mais al\u00e9m e suspeitar objetivamente da inoc\u00eancia deste sil\u00eancio. Quando os c\u00e3es de guerra beiraram as costas venezuelanos \u00e9 sabido que n\u00e3o estavam s\u00f3s nas imensid\u00f5es atl\u00e2nticas, algu\u00e9m lhes protegia as inten\u00e7\u00f5es sabendo-se que navios de guerra norte-americanos, franceses e brit\u00e2nicos t\u00eam estado ativos na regi\u00e3o \u2013 \u00abcontra o narcotr\u00e1fico\u00bb e \u00abcontra o COVID-19\u00bb, naturalmente \u2013 e que as Antilhas Holandesas v\u00e3o servindo de base para m\u00faltiplas atividades contra Caracas; e at\u00e9 um navio de bandeira portuguesa chegou a entrar em cena abalroando recentemente uma pequena embarca\u00e7\u00e3o da Guarda Costeira da Venezuela n\u00e3o se sabe bem com que prop\u00f3sito \u2013 suspeitando o governo venezuelano de atividades relacionadas com transporte de mercen\u00e1rios. Ser\u00e1?<\/p>\n<p>De que n\u00e3o existem d\u00favidas \u00e9 do sil\u00eancio da Uni\u00e3o Europeia e do governo portugu\u00eas em rela\u00e7\u00e3o \u00e0s atividades terroristas de desestabiliza\u00e7\u00e3o da Venezuela comandadas em chefe por Juan Guaid\u00f3, que ainda \u00e9, at\u00e9 dito em contr\u00e1rio, o \u00abpresidente interino\u00bb reconhecido por Bruxelas e Lisboa. E continua a s\u00ea-lo mesmo depois de assinar um contrato em que uma das cl\u00e1usulas \u00e9 a captura ou o assassinato de um chefe de Estado constitucional de um Estado soberano.<\/p>\n<p>O ministro Santos Silva costuma tornar p\u00fablicas as suas avers\u00f5es de estima\u00e7\u00e3o. Devemos ent\u00e3o concluir do sil\u00eancio nestas circunst\u00e2ncias que nem o criminoso Guaid\u00f3 nem o terrorismo como arma pol\u00edtica est\u00e3o na sua lista.<\/p>\n<p>Jos\u00e9 Goul\u00e3o, Exclusivo O Lado Oculto\/AbrilAbril<\/p>\n","protected":false},"excerpt":{"rendered":"<a class=\"moretag\" href=\"https:\/\/pcb.org.br\/portal2\/25611\"> <\/a>","protected":false},"author":1,"featured_media":0,"comment_status":"closed","ping_status":"closed","sticky":false,"template":"","format":"standard","meta":{"jetpack_post_was_ever_published":false,"_jetpack_newsletter_access":"","_jetpack_dont_email_post_to_subs":false,"_jetpack_newsletter_tier_id":0,"_jetpack_memberships_contains_paywalled_content":false,"_jetpack_memberships_contains_paid_content":false,"footnotes":"","jetpack_publicize_message":"","jetpack_publicize_feature_enabled":true,"jetpack_social_post_already_shared":true,"jetpack_social_options":{"image_generator_settings":{"template":"highway","default_image_id":0,"font":"","enabled":false},"version":2}},"categories":[1],"tags":[228],"class_list":["post-25611","post","type-post","status-publish","format-standard","hentry","category-geral","tag-5b"],"jetpack_publicize_connections":[],"jetpack_featured_media_url":"","jetpack_shortlink":"https:\/\/wp.me\/p659gw-6F5","jetpack-related-posts":[],"jetpack_likes_enabled":true,"jetpack_sharing_enabled":true,"_links":{"self":[{"href":"https:\/\/pcb.org.br\/portal2\/wp-json\/wp\/v2\/posts\/25611","targetHints":{"allow":["GET"]}}],"collection":[{"href":"https:\/\/pcb.org.br\/portal2\/wp-json\/wp\/v2\/posts"}],"about":[{"href":"https:\/\/pcb.org.br\/portal2\/wp-json\/wp\/v2\/types\/post"}],"author":[{"embeddable":true,"href":"https:\/\/pcb.org.br\/portal2\/wp-json\/wp\/v2\/users\/1"}],"replies":[{"embeddable":true,"href":"https:\/\/pcb.org.br\/portal2\/wp-json\/wp\/v2\/comments?post=25611"}],"version-history":[{"count":0,"href":"https:\/\/pcb.org.br\/portal2\/wp-json\/wp\/v2\/posts\/25611\/revisions"}],"wp:attachment":[{"href":"https:\/\/pcb.org.br\/portal2\/wp-json\/wp\/v2\/media?parent=25611"}],"wp:term":[{"taxonomy":"category","embeddable":true,"href":"https:\/\/pcb.org.br\/portal2\/wp-json\/wp\/v2\/categories?post=25611"},{"taxonomy":"post_tag","embeddable":true,"href":"https:\/\/pcb.org.br\/portal2\/wp-json\/wp\/v2\/tags?post=25611"}],"curies":[{"name":"wp","href":"https:\/\/api.w.org\/{rel}","templated":true}]}}